{"id":22245,"date":"2015-07-27T23:25:10","date_gmt":"2015-07-28T03:55:10","guid":{"rendered":"http:\/\/gradadigital.com\/home\/?p=22245"},"modified":"2015-07-27T23:25:10","modified_gmt":"2015-07-28T03:55:10","slug":"video-falcao-envio-saludo-a-mineros-de-guayana","status":"publish","type":"post","link":"http:\/\/gradadigital.com\/home\/video-falcao-envio-saludo-a-mineros-de-guayana\/","title":{"rendered":"VIDEO | Falcao envi\u00f3 saludo a Mineros de Guayana"},"content":{"rendered":"<p style=\"text-align: center;\"><img decoding=\"async\" class=\"details-image\" draggable=\"false\" src=\"http:\/\/gradadigital.com\/home\/wp-content\/uploads\/2015\/06\/luis_manuel_seijas_radamel_falcao_colombia_venezuela_14062015.jpg\" alt=\"\" \/><\/p>\n<p style=\"text-align: center;\"><img decoding=\"async\" src=\"http:\/\/gradadigital.com\/home\/wp-content\/uploads\/2014\/12\/banner_opcion_comentarios_gd.jpg\" alt=\"http:\/\/gradadigital.com\/home\/wp-content\/uploads\/2014\/12\/banner_opcion_comentarios_gd.jpg\" \/><\/p>\n<p style=\"text-align: justify;\"><strong>GradaDigital.com &#8211;<\/strong> El delantero internacional colombiano Radamel Falcao, recientemente traspasado del Manchester United FC al Chelsea FC, envi\u00f3 un saludo a trav\u00e9s de un video a toda la afici\u00f3n de Guayana, lugar donde vivi\u00f3 parte de su ni\u00f1ez cuando su padre, Radamel Garc\u00eda, visti\u00f3 la camiseta de Mineros.<\/p>\n<p style=\"text-align: center;\"><strong>VIDEO<\/strong><\/p>\n<p><video id=\"video\" controls=\"controls\" width=\"621\" height=\"361\"><source type=\"video\/mp4\" src=\"https:\/\/igcdn-videos-e-18-a.akamaihd.net\/hphotos-ak-xfa1\/t50.2886-16\/11766254_969936559695458_992851486_n.mp4\" \/><\/video><\/p>\n<p style=\"text-align: center;\"><a href=\"https:\/\/play.google.com\/store\/apps\/details?id=com.app.gradadigital\" target=\"_blank\"><img decoding=\"async\" src=\"http:\/\/gradadigital.com\/home\/wp-content\/uploads\/2014\/10\/banner_aplicacion_V2_GRADADIGITAL_17102014.jpg\" alt=\"http:\/\/gradadigital.com\/home\/wp-content\/uploads\/2014\/10\/banner_aplicacion_V2_GRADADIGITAL_17102014.jpg\" \/><\/a><\/p>\n","protected":false},"excerpt":{"rendered":"<p>GradaDigital.com &#8211; El delantero internacional colombiano Radamel Falcao, recientemente traspasado del Manchester United FC al Chelsea FC, envi\u00f3 un saludo a trav\u00e9s de un video a toda la afici\u00f3n de Guayana, lugar donde vivi\u00f3 parte de su ni\u00f1ez cuando su padre, Radamel Garc\u00eda, visti\u00f3 la camiseta de Mineros. VIDEO<\/p>\n","protected":false},"author":3,"featured_media":20721,"comment_status":"closed","ping_status":"closed","sticky":false,"template":"","format":"standard","meta":{"footnotes":""},"categories":[27,5,36,15,35,31],"tags":[1693,95,444,1685,1692,158,1843,397,1691],"class_list":["post-22245","post","type-post","status-publish","format-standard","has-post-thumbnail","hentry","category-video","category-futbol-nacional","category-internacional","category-mineros-de-guayana","category-otras-categorias","category-primera-division","tag-chelsea-fc","tag-colombia","tag-falcao","tag-guayana","tag-manchester-united-fc","tag-mineros","tag-mineros-de-guayana","tag-radamel-falcao","tag-radamel-garcia"],"_links":{"self":[{"href":"http:\/\/gradadigital.com\/home\/wp-json\/wp\/v2\/posts\/22245","targetHints":{"allow":["GET"]}}],"collection":[{"href":"http:\/\/gradadigital.com\/home\/wp-json\/wp\/v2\/posts"}],"about":[{"href":"http:\/\/gradadigital.com\/home\/wp-json\/wp\/v2\/types\/post"}],"author":[{"embeddable":true,"href":"http:\/\/gradadigital.com\/home\/wp-json\/wp\/v2\/users\/3"}],"replies":[{"embeddable":true,"href":"http:\/\/gradadigital.com\/home\/wp-json\/wp\/v2\/comments?post=22245"}],"version-history":[{"count":2,"href":"http:\/\/gradadigital.com\/home\/wp-json\/wp\/v2\/posts\/22245\/revisions"}],"predecessor-version":[{"id":27736,"href":"http:\/\/gradadigital.com\/home\/wp-json\/wp\/v2\/posts\/22245\/revisions\/27736"}],"wp:featuredmedia":[{"embeddable":true,"href":"http:\/\/gradadigital.com\/home\/wp-json\/wp\/v2\/media\/20721"}],"wp:attachment":[{"href":"http:\/\/gradadigital.com\/home\/wp-json\/wp\/v2\/media?parent=22245"}],"wp:term":[{"taxonomy":"category","embeddable":true,"href":"http:\/\/gradadigital.com\/home\/wp-json\/wp\/v2\/categories?post=22245"},{"taxonomy":"post_tag","embeddable":true,"href":"http:\/\/gradadigital.com\/home\/wp-json\/wp\/v2\/tags?post=22245"}],"curies":[{"name":"wp","href":"https:\/\/api.w.org\/{rel}","templated":true}]}}