{"id":22221,"date":"2015-07-26T22:06:11","date_gmt":"2015-07-27T02:36:11","guid":{"rendered":"http:\/\/gradadigital.com\/home\/?p=22221"},"modified":"2015-07-27T18:18:46","modified_gmt":"2015-07-27T22:48:46","slug":"tachira-igualo-ante-tucanes-en-casa","status":"publish","type":"post","link":"http:\/\/gradadigital.com\/home\/tachira-igualo-ante-tucanes-en-casa\/","title":{"rendered":"T\u00e1chira igual\u00f3 ante Tucanes en casa"},"content":{"rendered":"<p style=\"text-align: center;\"><img loading=\"lazy\" decoding=\"async\" class=\"alignnone size-full wp-image-22222\" src=\"http:\/\/gradadigital.com\/home\/wp-content\/uploads\/2015\/07\/jose_ali_meza_tachira_tucanes_26072015.jpg\" alt=\"jose_ali_meza_tachira_tucanes_26072015\" width=\"682\" height=\"455\" srcset=\"http:\/\/gradadigital.com\/home\/wp-content\/uploads\/2015\/07\/jose_ali_meza_tachira_tucanes_26072015.jpg 682w, http:\/\/gradadigital.com\/home\/wp-content\/uploads\/2015\/07\/jose_ali_meza_tachira_tucanes_26072015-300x200.jpg 300w\" sizes=\"auto, (max-width: 682px) 100vw, 682px\" \/><\/p>\n<p style=\"text-align: center;\"><img loading=\"lazy\" decoding=\"async\" class=\"alignnone size-full wp-image-16349\" src=\"http:\/\/gradadigital.com\/home\/wp-content\/uploads\/2014\/12\/banner_opcion_comentarios_gd.jpg\" alt=\"banner_opcion_comentarios_gd\" width=\"621\" height=\"41\" srcset=\"http:\/\/gradadigital.com\/home\/wp-content\/uploads\/2014\/12\/banner_opcion_comentarios_gd.jpg 621w, http:\/\/gradadigital.com\/home\/wp-content\/uploads\/2014\/12\/banner_opcion_comentarios_gd-300x19.jpg 300w, http:\/\/gradadigital.com\/home\/wp-content\/uploads\/2014\/12\/banner_opcion_comentarios_gd-620x41.jpg 620w\" sizes=\"auto, (max-width: 621px) 100vw, 621px\" \/><\/p>\n<p style=\"text-align: justify;\"><strong>Pedro Capacho \/ Prensa Deportivo T\u00e1chira &#8211;<\/strong>\u00a0El Deportivo T\u00e1chira F.C. cumpli\u00f3 el primer objetivo en el Torneo Adecuaci\u00f3n 2015, sumando 8 puntos en sus primeras cuatro presentaciones. Este domingo frente a Tucanes de Amazonas se cristaliz\u00f3 esta meta al igualar a un gol frente a los amazonenses, resultado que permite seguir en la parte alta de la tabla y ratificar el invicto como local durante todo el a\u00f1o 2015.<\/p>\n<p style=\"text-align: justify;\">Una joven escuadra con promedio de edad de 23,64 a\u00f1os fue la protagonista en el Templo Sagrado, reafirmando en cada presentaci\u00f3n lo acertado que represent\u00f3 apostar por el talento promisorio. Jos\u00e9 Miguel Reyes firm\u00f3 al 82\u2019 el empate, tras gol ejecutado inicialmente por la visita a trav\u00e9s de Arbey Mosquera.<\/p>\n<p style=\"text-align: justify;\">Autoritario fue el accionar del Carrusel Aurinegro en su inquebrantable fort\u00edn desde los primeros minutos, resultando superlativo la manera en que los j\u00f3venes tomaron la batuta dentro del engramado para defender la casa. Carlos Cerme\u00f1o, Romeri Villamizar, Agnel Flores y Marcos S\u00e1nchez engranaban perfectamente para nutrir de pelotas a los r\u00e1pidos Jos\u00e9 Miguel Reyes y Jos\u00e9 Al\u00ed Meza; ambos de mucha movilidad en la tarde-noche de Pueblo Nuevo.<\/p>\n<p style=\"text-align: justify;\">Al seguir priorizando logros destaca el hecho de poner en juego hasta cinco efectivos propios del estado T\u00e1chira. Eduin Quero debutaba en la m\u00e1xima categor\u00eda como juvenil, Romeri Villamizar inquietaba con su buen trato a la pelota, Gerzon Chac\u00f3n impon\u00eda su categor\u00eda y el complemento que dej\u00f3 ver a un Albert Zambrano con ambici\u00f3n de gol y a Marcelo Moreno siendo el responsable del exquisito pase entre l\u00edneas para que Reyes celebrara el de la paridad.<\/p>\n<p style=\"text-align: justify;\">El resultado pudiese parecer corto, luego de las muchas avanzadas que no pudieron ser concretadas por el batall\u00f3n atigrado. Reyes tuvo una inicialmente punteando una pelota servida por Chac\u00f3n que despejar\u00eda Edward Ibarbo, m\u00e1s tarde ser\u00eda el mismo lateral derecho quien rematara potente para que el golero rival la mandara al c\u00f3rner.<\/p>\n<p style=\"text-align: justify;\">Son ocho puntos los que acumula el Deportivo T\u00e1chira F.C. en cuatro presentaciones para seguir apuntando al objetivo de mantenerse en la palestra internacional, con la Copa Sudamericana 2016 en la mira. La pr\u00f3xima cita ser\u00e1 frente a Caracas F.C. el pr\u00f3ximo domingo, en el mismo escenario en el que el Carrusel Aurinegro silenci\u00f3 a toda la capital al consagrarse campeones del Torneo Clausura 2015.<\/p>\n<p style=\"text-align: center;\"><a href=\"https:\/\/play.google.com\/store\/apps\/details?id=com.app.gradadigital\" target=\"_blank\"><img loading=\"lazy\" decoding=\"async\" class=\"alignnone size-full wp-image-15415\" src=\"http:\/\/gradadigital.com\/home\/wp-content\/uploads\/2014\/10\/banner_aplicacion_V2_GRADADIGITAL_17102014.jpg\" alt=\"banner_aplicacion_V2_GRADADIGITAL_17102014\" width=\"620\" height=\"100\" srcset=\"http:\/\/gradadigital.com\/home\/wp-content\/uploads\/2014\/10\/banner_aplicacion_V2_GRADADIGITAL_17102014.jpg 620w, http:\/\/gradadigital.com\/home\/wp-content\/uploads\/2014\/10\/banner_aplicacion_V2_GRADADIGITAL_17102014-300x48.jpg 300w\" sizes=\"auto, (max-width: 620px) 100vw, 620px\" \/><\/a><\/p>\n<p style=\"text-align: justify;\"><strong>Ficha T\u00e9cnica:<\/strong><\/p>\n<p style=\"text-align: justify;\"><strong>Deportivo T\u00e1chira F.C. (1): <\/strong>Jos\u00e9 Contreras, Gerzon Chac\u00f3n (C), Wilker \u00c1ngel, Yuber Mosquera, Eduin Quero, Agnel Flores (Marcelo Moreno 70\u2019), Carlos Cerme\u00f1o, Marcos S\u00e1nchez (Albert Zambrano 80\u2019), Romeri Villamizar (Juan Carlos Az\u00f3car 55\u2019), Jos\u00e9 Miguel Reyes, Jos\u00e9 Al\u00ed Meza. DT: Daniel Far\u00edas.<\/p>\n<p style=\"text-align: justify;\">Suplentes sin jugar: Alan Liebeskind, Carlos Lujano, Juan Carlos Mora, Jhonny Monsalve.<\/p>\n<p style=\"text-align: justify;\"><strong>Tucanes de Amazonas (1): <\/strong>Edward Ibarbo, Jorge Trejo, Gregory Lancken (C), Robert D\u00edaz, Erlis V\u00e1squez, Engelberth Brice\u00f1o, Orlando P\u00e9rez, Carlos Gonz\u00e1lez (Diego Yavinape 46\u2019), (Javier Bol\u00edvar 73\u2019), Harrison Contreras, Kleudes Garc\u00eda, Arbey Mosquera (Elicer Mina 79\u2019). DT: Sa\u00fal Maldonado.<\/p>\n<p style=\"text-align: justify;\">Suplentes sin jugar: V\u00edctor Rivero, Orlando Galindo, Horacio C\u00e1rdenas, Ricardo M\u00e1rquez.<\/p>\n<p style=\"text-align: justify;\"><strong>Goles: <\/strong>Jos\u00e9 Miguel Reyes 82\u2019 (T\u00e1chira); Arbey Mosquera 29\u2019 (Tucanes).<\/p>\n<p style=\"text-align: justify;\"><strong>Amonestados: <\/strong>Wilker \u00c1ngel 19\u2019, Marcos S\u00e1nchez 64\u2019, Gerzon Chac\u00f3n 67\u2019 (T\u00e1chira); Jorge Trejo 52\u2019, Engelberth Brice\u00f1o 65\u2019, Edward Ibarbo 73\u2019, Orlando P\u00e9rez 90+2 (Tucanes).<\/p>\n<p style=\"text-align: justify;\"><strong>\u00c1rbitro principal: <\/strong>Edixon Espa\u00f1a (Zulia).<\/p>\n<p style=\"text-align: justify;\"><strong>\u00c1rbitros asistentes: <\/strong>Erli C\u00e1rdenas, \u00d3scar Quintero, Yohendris Correa (M\u00e9rida).<\/p>\n<p style=\"text-align: justify;\"><strong>Estadio: <\/strong>Pueblo Nuevo, San Crist\u00f3bal, estado T\u00e1chira.<\/p>\n<p style=\"text-align: justify;\"><strong>Incidencias: <\/strong>Jornada 4, Primera Fase, Torneo Adecuaci\u00f3n 2015.<\/p>\n","protected":false},"excerpt":{"rendered":"<p>Pedro Capacho \/ Prensa Deportivo T\u00e1chira &#8211;\u00a0El Deportivo T\u00e1chira F.C. cumpli\u00f3 el primer objetivo en el Torneo Adecuaci\u00f3n 2015, sumando 8 puntos en sus primeras cuatro presentaciones. Este domingo frente a Tucanes de Amazonas se cristaliz\u00f3 esta meta al igualar a un gol frente a los amazonenses, resultado que permite seguir en la parte alta &#8230;<\/p>\n","protected":false},"author":4,"featured_media":22222,"comment_status":"closed","ping_status":"closed","sticky":false,"template":"","format":"standard","meta":{"footnotes":""},"categories":[752,11,5,31,28],"tags":[],"class_list":["post-22221","post","type-post","status-publish","format-standard","has-post-thumbnail","hentry","category-appgd","category-deportivo-tachira","category-futbol-nacional","category-primera-division","category-tucanes-amazonas"],"_links":{"self":[{"href":"http:\/\/gradadigital.com\/home\/wp-json\/wp\/v2\/posts\/22221","targetHints":{"allow":["GET"]}}],"collection":[{"href":"http:\/\/gradadigital.com\/home\/wp-json\/wp\/v2\/posts"}],"about":[{"href":"http:\/\/gradadigital.com\/home\/wp-json\/wp\/v2\/types\/post"}],"author":[{"embeddable":true,"href":"http:\/\/gradadigital.com\/home\/wp-json\/wp\/v2\/users\/4"}],"replies":[{"embeddable":true,"href":"http:\/\/gradadigital.com\/home\/wp-json\/wp\/v2\/comments?post=22221"}],"version-history":[{"count":1,"href":"http:\/\/gradadigital.com\/home\/wp-json\/wp\/v2\/posts\/22221\/revisions"}],"predecessor-version":[{"id":22223,"href":"http:\/\/gradadigital.com\/home\/wp-json\/wp\/v2\/posts\/22221\/revisions\/22223"}],"wp:featuredmedia":[{"embeddable":true,"href":"http:\/\/gradadigital.com\/home\/wp-json\/wp\/v2\/media\/22222"}],"wp:attachment":[{"href":"http:\/\/gradadigital.com\/home\/wp-json\/wp\/v2\/media?parent=22221"}],"wp:term":[{"taxonomy":"category","embeddable":true,"href":"http:\/\/gradadigital.com\/home\/wp-json\/wp\/v2\/categories?post=22221"},{"taxonomy":"post_tag","embeddable":true,"href":"http:\/\/gradadigital.com\/home\/wp-json\/wp\/v2\/tags?post=22221"}],"curies":[{"name":"wp","href":"https:\/\/api.w.org\/{rel}","templated":true}]}}