{"id":22209,"date":"2015-07-27T01:12:21","date_gmt":"2015-07-27T05:42:21","guid":{"rendered":"http:\/\/gradadigital.com\/home\/?p=22209"},"modified":"2015-07-27T01:12:21","modified_gmt":"2015-07-27T05:42:21","slug":"juanpi-titular-en-derrota-del-malaga-en-colombia","status":"publish","type":"post","link":"http:\/\/gradadigital.com\/home\/juanpi-titular-en-derrota-del-malaga-en-colombia\/","title":{"rendered":"Juanpi titular en derrota del M\u00e1laga en Colombia"},"content":{"rendered":"<p style=\"text-align: center;\"><img loading=\"lazy\" decoding=\"async\" class=\"alignnone size-full wp-image-22210\" src=\"http:\/\/gradadigital.com\/home\/wp-content\/uploads\/2015\/07\/malaga_deportivo_cali_26072015.jpg\" alt=\"malaga_deportivo_cali_26072015\" width=\"682\" height=\"455\" srcset=\"http:\/\/gradadigital.com\/home\/wp-content\/uploads\/2015\/07\/malaga_deportivo_cali_26072015.jpg 682w, http:\/\/gradadigital.com\/home\/wp-content\/uploads\/2015\/07\/malaga_deportivo_cali_26072015-300x200.jpg 300w\" sizes=\"auto, (max-width: 682px) 100vw, 682px\" \/><\/p>\n<p style=\"text-align: center;\"><img decoding=\"async\" src=\"http:\/\/gradadigital.com\/home\/wp-content\/uploads\/2014\/12\/banner_opcion_comentarios_gd.jpg\" alt=\"http:\/\/gradadigital.com\/home\/wp-content\/uploads\/2014\/12\/banner_opcion_comentarios_gd.jpg\" \/><\/p>\n<p style=\"text-align: justify;\"><strong>Juan Gabriel V\u00e9lez. EFE &#8211;<\/strong> El equipo espa\u00f1ol M\u00e1laga CF perdi\u00f3 este domingo, 26 de julio, por 3-2 frente al Deportivo Cali de Colombia en el primer partido de su gira sudamericana.<\/p>\n<p style=\"text-align: justify;\">Los colombianos, envalentonados por jugar en su ciudad, Cali, controlaron de lleno el primer tiempo y, ayudados por los errores en medio campo del M\u00e1laga, consiguieron las mejores opciones a pesar de no poder concretar el gol.<\/p>\n<p style=\"text-align: justify;\">Por su parte, el club espa\u00f1ol acert\u00f3 en una de sus pocas llegadas en el primer tiempo luego de un desliz en una salida del Deportivo Cali.<\/p>\n<p style=\"text-align: justify;\">El brasile\u00f1o Charles D\u00edas de Oliveira, delantero del conjunto andaluz, recuper\u00f3 el bal\u00f3n y bati\u00f3 f\u00e1cilmente al portero Hern\u00e1ndez para poner el 1-0 a favor del M\u00e1laga.<\/p>\n<p style=\"text-align: justify;\">Despu\u00e9s del gol, el equipo de Javi Gracia perdi\u00f3 totalmente el bal\u00f3n y los cafeteros asediaron el arco defendido por Carlos Kameni sin \u00e9xito, hasta terminar la primera parte.<\/p>\n<p style=\"text-align: justify;\">En el segundo tiempo, el Deportivo Cali entr\u00f3 muy motivado a la cancha y en un avance por la izquierda encontr\u00f3 el empate al minuto 47 a trav\u00e9s de Mateo Casierra en un disparo imposible para el portero del M\u00e1laga.<\/p>\n<p style=\"text-align: justify;\">El dominio del encuentro volvi\u00f3 a los pies de los colombianos y durante 10 minutos no hubo signos ofensivos del M\u00e1laga.<\/p>\n<p style=\"text-align: justify;\">Al minuto 57, un centro cafetero se convirti\u00f3 en gol de Nicol\u00e1s Bennedetti poniendo al Deportivo Cali por delante, a 2-1.<\/p>\n<p style=\"text-align: justify;\">Al ver a su equipo en desventaja, Gracia realiz\u00f3 el cambio para que entrara el recientemente llegado Duje Cop, que marc\u00f3 de cabeza a los 60 del segundo tiempo empatando el encuentro 2-2.<\/p>\n<p style=\"text-align: justify;\">Sin embargo, los cambios no surtieron el efecto deseado de recuperar el bal\u00f3n para el M\u00e1laga y el Cali de nuevo impuso su ley en el sector espa\u00f1ol.<\/p>\n<p style=\"text-align: justify;\">El cansancio se empez\u00f3 a notar en ambos equipos pero el Deportivo Cali insisti\u00f3 hasta el final y por una falta cometida cerca a la porter\u00eda del M\u00e1laga, se logr\u00f3 el 3-2 en un espectacular cobro de tiro libre de Miguel Murillo al minuto 84.<\/p>\n<p style=\"text-align: justify;\">Con el partido casi terminado, Cop intent\u00f3 varias veces de media distancia sin lograr anotar, hasta que el \u00e1rbitro dio por finalizado el partido con la victoria del Deportivo Cali.<\/p>\n<p style=\"text-align: justify;\">El pr\u00f3ximo partido del M\u00e1laga ser\u00e1 contra el San Lorenzo de Argentina, campe\u00f3n de la Copa Libertadores 2014, el pr\u00f3ximo 30 de julio.<\/p>\n<p style=\"text-align: justify;\"><strong><span style=\"text-decoration: underline;\">Ficha T\u00e9cnica<\/span>:<\/strong><br \/>\n<strong>Deportivo Cali (3):<\/strong> Hern\u00e1ndez; Helibelton, Nasuti, Mera, Canchimbo; Candelo, Cabezas, A. P\u00e9rez, Benedetti; Preciado y Borr\u00e9.<br \/>\n<strong>M\u00e1laga CF (2):<\/strong> Kameni, Iv\u00e1n, Ra\u00fal, Weligton, M. Torres, <strong>Juanpi<\/strong>, Darder, Recio, Tigha (Duje Cop, m.45), Duda y Charles.<br \/>\n<strong>Tambi\u00e9n jugaron:<\/strong> Amrabat, Pablo Fornals, Tissone y Fabio Espinho.<\/p>\n<p style=\"text-align: justify;\"><strong>Goles:<\/strong> 0-1: Charles (m.17), 1-1: Mateo Casierra (m.47), 2-1: Benedetti (m.57), 2-2: Duje Cop (m.59), 3-2: Miguel Murillo (m.84).<br \/>\n<strong>\u00c1rbitro:<\/strong> Juan Pont\u00f3n. Amonest\u00f3 al local Germ\u00e1n Mera y a los visitantes <strong>Juanpi<\/strong>, Charles y Kameni.<br \/>\n<strong>Incidencias:<\/strong> Primer partido de la Copa EuroAmericana para el M\u00e1laga CF celebrado en el Estadio Deportivo Cali ante 15.000 espectadores.<\/p>\n<p style=\"text-align: center;\"><a href=\"https:\/\/play.google.com\/store\/apps\/details?id=com.app.gradadigital\" target=\"_blank\"><img decoding=\"async\" src=\"http:\/\/gradadigital.com\/home\/wp-content\/uploads\/2014\/10\/banner_aplicacion_V2_GRADADIGITAL_17102014.jpg\" alt=\"http:\/\/gradadigital.com\/home\/wp-content\/uploads\/2014\/10\/banner_aplicacion_V2_GRADADIGITAL_17102014.jpg\" \/><\/a><\/p>\n","protected":false},"excerpt":{"rendered":"<p>Juan Gabriel V\u00e9lez. EFE &#8211; El equipo espa\u00f1ol M\u00e1laga CF perdi\u00f3 este domingo, 26 de julio, por 3-2 frente al Deportivo Cali de Colombia en el primer partido de su gira sudamericana. Los colombianos, envalentonados por jugar en su ciudad, Cali, controlaron de lleno el primer tiempo y, ayudados por los errores en medio campo &#8230;<\/p>\n","protected":false},"author":3,"featured_media":22210,"comment_status":"closed","ping_status":"closed","sticky":false,"template":"","format":"standard","meta":{"footnotes":""},"categories":[752,36,4],"tags":[186,95,1499,1195,255,923,924,1501,1500,827,1503,77,1502,301],"class_list":["post-22209","post","type-post","status-publish","format-standard","has-post-thumbnail","hentry","category-appgd","category-internacional","category-legionarios","tag-argentina","tag-colombia","tag-copa-euroamericana","tag-deportivo-cali","tag-espana","tag-juan-pablo-anor","tag-juanpi","tag-lfp-world-challenge","tag-liga-mundial","tag-malaga-cf","tag-penanol","tag-roberto-rosales","tag-san-lorenzo-de-almagro","tag-uruguay"],"_links":{"self":[{"href":"http:\/\/gradadigital.com\/home\/wp-json\/wp\/v2\/posts\/22209","targetHints":{"allow":["GET"]}}],"collection":[{"href":"http:\/\/gradadigital.com\/home\/wp-json\/wp\/v2\/posts"}],"about":[{"href":"http:\/\/gradadigital.com\/home\/wp-json\/wp\/v2\/types\/post"}],"author":[{"embeddable":true,"href":"http:\/\/gradadigital.com\/home\/wp-json\/wp\/v2\/users\/3"}],"replies":[{"embeddable":true,"href":"http:\/\/gradadigital.com\/home\/wp-json\/wp\/v2\/comments?post=22209"}],"version-history":[{"count":1,"href":"http:\/\/gradadigital.com\/home\/wp-json\/wp\/v2\/posts\/22209\/revisions"}],"predecessor-version":[{"id":22211,"href":"http:\/\/gradadigital.com\/home\/wp-json\/wp\/v2\/posts\/22209\/revisions\/22211"}],"wp:featuredmedia":[{"embeddable":true,"href":"http:\/\/gradadigital.com\/home\/wp-json\/wp\/v2\/media\/22210"}],"wp:attachment":[{"href":"http:\/\/gradadigital.com\/home\/wp-json\/wp\/v2\/media?parent=22209"}],"wp:term":[{"taxonomy":"category","embeddable":true,"href":"http:\/\/gradadigital.com\/home\/wp-json\/wp\/v2\/categories?post=22209"},{"taxonomy":"post_tag","embeddable":true,"href":"http:\/\/gradadigital.com\/home\/wp-json\/wp\/v2\/tags?post=22209"}],"curies":[{"name":"wp","href":"https:\/\/api.w.org\/{rel}","templated":true}]}}