{"id":22201,"date":"2015-07-26T23:22:50","date_gmt":"2015-07-27T03:52:50","guid":{"rendered":"http:\/\/gradadigital.com\/home\/?p=22201"},"modified":"2015-07-26T23:23:13","modified_gmt":"2015-07-27T03:53:13","slug":"mineros-sumo-completo-ante-trujillanos","status":"publish","type":"post","link":"http:\/\/gradadigital.com\/home\/mineros-sumo-completo-ante-trujillanos\/","title":{"rendered":"Mineros sum\u00f3 completo ante Trujillanos"},"content":{"rendered":"<p style=\"text-align: center;\"><img loading=\"lazy\" decoding=\"async\" class=\"alignnone size-full wp-image-22202\" src=\"http:\/\/gradadigital.com\/home\/wp-content\/uploads\/2015\/07\/richard_blanco_mineros_trujillanos_26072015.jpg\" alt=\"richard_blanco_mineros_trujillanos_26072015\" width=\"682\" height=\"455\" srcset=\"http:\/\/gradadigital.com\/home\/wp-content\/uploads\/2015\/07\/richard_blanco_mineros_trujillanos_26072015.jpg 682w, http:\/\/gradadigital.com\/home\/wp-content\/uploads\/2015\/07\/richard_blanco_mineros_trujillanos_26072015-300x200.jpg 300w\" sizes=\"auto, (max-width: 682px) 100vw, 682px\" \/><\/p>\n<p style=\"text-align: center;\"><img loading=\"lazy\" decoding=\"async\" class=\"alignnone size-full wp-image-16349\" src=\"http:\/\/gradadigital.com\/home\/wp-content\/uploads\/2014\/12\/banner_opcion_comentarios_gd.jpg\" alt=\"banner_opcion_comentarios_gd\" width=\"621\" height=\"41\" srcset=\"http:\/\/gradadigital.com\/home\/wp-content\/uploads\/2014\/12\/banner_opcion_comentarios_gd.jpg 621w, http:\/\/gradadigital.com\/home\/wp-content\/uploads\/2014\/12\/banner_opcion_comentarios_gd-300x19.jpg 300w, http:\/\/gradadigital.com\/home\/wp-content\/uploads\/2014\/12\/banner_opcion_comentarios_gd-620x41.jpg 620w\" sizes=\"auto, (max-width: 621px) 100vw, 621px\" \/><\/p>\n<p style=\"text-align: justify;\"><strong>Prensa Mineros de Guayana <\/strong>&#8211;<strong>\u00a0<\/strong>Tres puntos sum\u00f3 Mineros de Guayana en su cuarta presentaci\u00f3n del Torneo Adecuaci\u00f3n 2015, luego de vencer a Trujillanos FC 3 goles por 1, la tarde de este domingo en el CTE Cachamay, en Puerto Ordaz.<\/p>\n<p style=\"text-align: justify;\">Luis \u201cCariaco\u201d Gonz\u00e1lez abri\u00f3 la tanda de goles con apenas dos minutos de juego. El volante negriazul se zaf\u00f3 de dos defensores para luego sacar un remate ajustado al poste izquierdo del arco de H\u00e9ctor P\u00e9rez, para poner el 1-0.<\/p>\n<p style=\"text-align: justify;\">El cuadro de Valera despert\u00f3 enseguida y busc\u00f3 igualar las acciones. Por las bandas, apost\u00f3 el equipo de Horacio Matuszcykz, pero Mineros supo retener los ataques del visitante.<\/p>\n<p style=\"text-align: justify;\"><strong>Contundentes<\/strong><\/p>\n<p style=\"text-align: justify;\">En la segunda parte, el conjunto trujillano sigui\u00f3 inquietando a los guayaneses. Tito Rojas se visti\u00f3 de h\u00e9roe con intervenciones puntuales, que sirvi\u00f3 para dejar el arco negriazul en cero.<\/p>\n<p style=\"text-align: justify;\">Al minuto 51\u2019, el atacante Johan Arrieche se escap\u00f3 por la izquierda para luego mandar un centro al \u00e1rea. Entre despejes, el bal\u00f3n qued\u00f3 servido para Richard Blanco, que empuj\u00f3 el bal\u00f3n al fondo de la red.<\/p>\n<p style=\"text-align: justify;\">La visita no baj\u00f3 los brazos, y sigui\u00f3 buscando los espacios. Al minuto 60, logr\u00f3 descontar por intermedio de Johan Osorio, quien remat\u00f3 de cabeza un tiro de esquina para el 2-1.<\/p>\n<p style=\"text-align: justify;\">Rub\u00e9n Rojas ingres\u00f3 por Johan Arrieche al minuto 64, y diez minutos despu\u00e9s, \u00c1ngelo Pe\u00f1a sustituy\u00f3 a Luis Guerra, quien se march\u00f3 entre aplausos. Al 81\u2019, \u201cCariaco\u201d Gonz\u00e1lez abandon\u00f3, e ingres\u00f3 en su lugar Alberto Cabello.<\/p>\n<p style=\"text-align: justify;\">Mineros, con los cambios, gan\u00f3 terreno en la cancha, y consigui\u00f3 el tercero de la noche, al minuto 86, en los botines de Rub\u00e9n Rojas, tras una asistencia de Richard Blanco.<\/p>\n<p style=\"text-align: justify;\">Con el triunfo en casa, Mineros de Guayana se qued\u00f3 con la Copa ExpoBol\u00edvar 2015, adem\u00e1s de sumar tres puntos, para un total de 7 unidades en los cuatros partidos disputados. El pr\u00f3ximo compromiso de los dirigidos por Luis \u201cP\u00e1jaro\u201d Vera, ser\u00e1 ante Llaneros, en Guanare, el 2 de agosto.<\/p>\n<p style=\"text-align: center;\"><a href=\"https:\/\/play.google.com\/store\/apps\/details?id=com.app.gradadigital\" target=\"_blank\"><img loading=\"lazy\" decoding=\"async\" class=\"alignnone size-full wp-image-15415\" src=\"http:\/\/gradadigital.com\/home\/wp-content\/uploads\/2014\/10\/banner_aplicacion_V2_GRADADIGITAL_17102014.jpg\" alt=\"banner_aplicacion_V2_GRADADIGITAL_17102014\" width=\"620\" height=\"100\" srcset=\"http:\/\/gradadigital.com\/home\/wp-content\/uploads\/2014\/10\/banner_aplicacion_V2_GRADADIGITAL_17102014.jpg 620w, http:\/\/gradadigital.com\/home\/wp-content\/uploads\/2014\/10\/banner_aplicacion_V2_GRADADIGITAL_17102014-300x48.jpg 300w\" sizes=\"auto, (max-width: 620px) 100vw, 620px\" \/><\/a><\/p>\n<p style=\"text-align: justify;\"><strong>Ficha t\u00e9cnica<\/strong><\/p>\n<p style=\"text-align: justify;\"><strong>Mineros de Guayana (3):<\/strong> Tito Rojas; H\u00e9ctor Noguera, Jhon Chancellor, Anthonys Matos, Luis Seijas, Rafael Acosta, \u00c1ngel Lezama*, Luis Guerra (\u00c1ngelo Pe\u00f1a 74\u2019), Luis Gonz\u00e1lez (Alberto Cabello 81\u2019), Johan Arrieche (Rub\u00e9n Rojas 64\u2019) y Richard Blanco. DT: Luis Vera.<\/p>\n<p style=\"text-align: justify;\"><strong>Trujillanos FC (1):<\/strong> H\u00e9ctor P\u00e9rez; Manuel Granados, Johan Osorio, Edixon Cuevas, Mayker Gonz\u00e1lez, Maurice Cova (Irwin Anton 59\u2019), Wildyjhon Vivas, Alfredo Padilla, Sebasti\u00e1n Contreras (Carlos Sosa 74\u2019), Jos\u00e9 Rivas* y Gustavo Britos (Sergio \u00c1lvarez 68\u2019). DT. Horacio Matuszyczk.<\/p>\n<p style=\"text-align: justify;\"><strong>\u00c1rbitro:<\/strong> Alexis Herrera (Carabobo)<\/p>\n<p style=\"text-align: justify;\"><strong>Goles: <\/strong>Luis Gonz\u00e1lez 2\u2019, Richard Blanco 51\u2019 y Rub\u00e9n Rojas 86\u2019 (MIN); Johan Osorio 60\u2019 (TRU)<\/p>\n<p style=\"text-align: justify;\"><strong>Amonestados<\/strong>: \u00c1ngel Lezama 79\u2019 (MIN); Irwin Anton 90\u2019 (TRU)<\/p>\n<p style=\"text-align: justify;\"><strong>Expulsados: <\/strong>No hubo.<\/p>\n<p style=\"text-align: justify;\"><strong>Estadio:<\/strong> CTE Cachamay, en Puerto Ordaz.<\/p>\n<p style=\"text-align: justify;\"><strong>Asistencia<\/strong>: 7.123 personas.<\/p>\n","protected":false},"excerpt":{"rendered":"<p>Prensa Mineros de Guayana &#8211;\u00a0Tres puntos sum\u00f3 Mineros de Guayana en su cuarta presentaci\u00f3n del Torneo Adecuaci\u00f3n 2015, luego de vencer a Trujillanos FC 3 goles por 1, la tarde de este domingo en el CTE Cachamay, en Puerto Ordaz. Luis \u201cCariaco\u201d Gonz\u00e1lez abri\u00f3 la tanda de goles con apenas dos minutos de juego. El &#8230;<\/p>\n","protected":false},"author":4,"featured_media":22202,"comment_status":"closed","ping_status":"closed","sticky":false,"template":"","format":"standard","meta":{"footnotes":""},"categories":[752,5,15,31,19],"tags":[],"class_list":["post-22201","post","type-post","status-publish","format-standard","has-post-thumbnail","hentry","category-appgd","category-futbol-nacional","category-mineros-de-guayana","category-primera-division","category-trujillanos-fc"],"_links":{"self":[{"href":"http:\/\/gradadigital.com\/home\/wp-json\/wp\/v2\/posts\/22201","targetHints":{"allow":["GET"]}}],"collection":[{"href":"http:\/\/gradadigital.com\/home\/wp-json\/wp\/v2\/posts"}],"about":[{"href":"http:\/\/gradadigital.com\/home\/wp-json\/wp\/v2\/types\/post"}],"author":[{"embeddable":true,"href":"http:\/\/gradadigital.com\/home\/wp-json\/wp\/v2\/users\/4"}],"replies":[{"embeddable":true,"href":"http:\/\/gradadigital.com\/home\/wp-json\/wp\/v2\/comments?post=22201"}],"version-history":[{"count":2,"href":"http:\/\/gradadigital.com\/home\/wp-json\/wp\/v2\/posts\/22201\/revisions"}],"predecessor-version":[{"id":22204,"href":"http:\/\/gradadigital.com\/home\/wp-json\/wp\/v2\/posts\/22201\/revisions\/22204"}],"wp:featuredmedia":[{"embeddable":true,"href":"http:\/\/gradadigital.com\/home\/wp-json\/wp\/v2\/media\/22202"}],"wp:attachment":[{"href":"http:\/\/gradadigital.com\/home\/wp-json\/wp\/v2\/media?parent=22201"}],"wp:term":[{"taxonomy":"category","embeddable":true,"href":"http:\/\/gradadigital.com\/home\/wp-json\/wp\/v2\/categories?post=22201"},{"taxonomy":"post_tag","embeddable":true,"href":"http:\/\/gradadigital.com\/home\/wp-json\/wp\/v2\/tags?post=22201"}],"curies":[{"name":"wp","href":"https:\/\/api.w.org\/{rel}","templated":true}]}}