{"id":22124,"date":"2015-07-25T14:31:10","date_gmt":"2015-07-25T19:01:10","guid":{"rendered":"http:\/\/gradadigital.com\/home\/?p=22124"},"modified":"2015-07-25T14:33:12","modified_gmt":"2015-07-25T19:03:12","slug":"el-malaga-llego-a-colombia-para-iniciar-gira-americana","status":"publish","type":"post","link":"http:\/\/gradadigital.com\/home\/el-malaga-llego-a-colombia-para-iniciar-gira-americana\/","title":{"rendered":"El M\u00e1laga lleg\u00f3 a Colombia para iniciar gira americana"},"content":{"rendered":"<p style=\"text-align: center;\"><img decoding=\"async\" class=\"details-image\" draggable=\"false\" src=\"http:\/\/gradadigital.com\/home\/wp-content\/uploads\/2015\/07\/roberto_rosales_juan_pablo_juanpi_anor_malaga.jpg\" alt=\"\" \/><\/p>\n<p style=\"text-align: center;\"><img decoding=\"async\" src=\"http:\/\/gradadigital.com\/home\/wp-content\/uploads\/2014\/12\/banner_opcion_comentarios_gd.jpg\" alt=\"http:\/\/gradadigital.com\/home\/wp-content\/uploads\/2014\/12\/banner_opcion_comentarios_gd.jpg\" \/><\/p>\n<p style=\"text-align: justify;\"><strong>EFE &#8211;<\/strong> La expedici\u00f3n del M\u00e1laga, tras veinte horas de viaje, ya se encuentra concentrada en un hotel de Cali (Colombia), primera etapa de la gira suramericana enmarcada en la &#8216;LFP World Challenge&#8217; que enfrentar\u00e1 este domingo al equipo que entrena Javi Gracia con el Deportivo de Cali.<\/p>\n<p style=\"text-align: justify;\">El viaje se inici\u00f3 en el aeropuerto de M\u00e1laga a primeras horas del viernes, con escala en Madrid y en la ciudad colombiana de Medell\u00edn, y sobre las dos de la ma\u00f1ana de este s\u00e1bado (hora peninsular espa\u00f1ola), se lleg\u00f3 a Cali, ha informado el club andaluz.<\/p>\n<p style=\"text-align: justify;\">La expedici\u00f3n se dividi\u00f3 en dos grupos, por un lado los futbolista y t\u00e9cnicos, quienes llegaron tras una escala en Medell\u00edn, y otro con los dirigentes, encabezados por el director general del club, Vicente Casado, que se desplaz\u00f3 de forma directa a Cali y entre los que tambi\u00e9n estaba el joven portero valenciano Aar\u00f3n Escandell.<\/p>\n<p style=\"text-align: justify;\">La lista de jugadores desplazados la forman Kameni, Amrabat, Weligton, Tissone, Recio, Angeleri, Duda, Miguel Torres, Filipenko, <strong>Juanpi<\/strong>, Sergi Darder, Ontiveros, Iv\u00e1, Pablo, Pol, Aar\u00f3, Horta, <strong>Rosales<\/strong>, Espinho, Juan Carlos, Kuki, Charles, Cop, Albentosa y Tighadouini.<\/p>\n<p style=\"text-align: justify;\">Javi Gracia ha decidido eliminar de la lista a canteranos como Calero, Rufo y De Vicente con el objetivo de dar paso y protagonismo a los fichajes reci\u00e9n llegados a la entidad malague\u00f1a como Ra\u00fal Albentosa, Cop, Tighadouini, Charles o Juan Carlos.<\/p>\n<p style=\"text-align: justify;\">El M\u00e1laga disputar\u00e1 la denominada Copa Euroamericana, que forma parte de la Liga Mundial del programa &#8216;LFP World Challenge&#8217; y por la que visitar\u00e1 Colombia, Argentina y Uruguay.<\/p>\n<p style=\"text-align: justify;\">El primer partido de esta gira ser\u00e1 ma\u00f1ana domingo ante el vigente campe\u00f3n colombiano, el Deportivo Cali, a las 17.00 hora local (00.00 hora peninsular espa\u00f1ola).<\/p>\n<p style=\"text-align: justify;\">Posteriormente, el equipo viajar\u00e1 a Argentina para jugar en el Estadio Pedro Bidegain de Buenos Aires contra el San Lorenzo de Almagro, campe\u00f3n de la Copa Libertadores 2014, el 30 de julio a las 20.30 hora local (1.30 horas hora espa\u00f1ola ya del 31 de julio).<\/p>\n<p style=\"text-align: justify;\">Los malaguistas cerrar\u00e1 su periplo en tierras americanas frente al Pe\u00f1arol en el Estadio Centenario de Montevideo el 1 de agosto a las 15.00 horas (20.00 hora peninsular).<\/p>\n<p style=\"text-align: center;\"><a href=\"https:\/\/play.google.com\/store\/apps\/details?id=com.app.gradadigital\" target=\"_blank\"><img decoding=\"async\" src=\"http:\/\/gradadigital.com\/home\/wp-content\/uploads\/2014\/10\/banner_aplicacion_V2_GRADADIGITAL_17102014.jpg\" alt=\"http:\/\/gradadigital.com\/home\/wp-content\/uploads\/2014\/10\/banner_aplicacion_V2_GRADADIGITAL_17102014.jpg\" \/><\/a><\/p>\n","protected":false},"excerpt":{"rendered":"<p>EFE &#8211; La expedici\u00f3n del M\u00e1laga, tras veinte horas de viaje, ya se encuentra concentrada en un hotel de Cali (Colombia), primera etapa de la gira suramericana enmarcada en la &#8216;LFP World Challenge&#8217; que enfrentar\u00e1 este domingo al equipo que entrena Javi Gracia con el Deportivo de Cali. El viaje se inici\u00f3 en el aeropuerto &#8230;<\/p>\n","protected":false},"author":3,"featured_media":22125,"comment_status":"closed","ping_status":"closed","sticky":false,"template":"","format":"standard","meta":{"footnotes":""},"categories":[752,36,4],"tags":[186,95,1499,1195,255,923,924,1501,1500,827,1503,77,1502,301],"class_list":["post-22124","post","type-post","status-publish","format-standard","has-post-thumbnail","hentry","category-appgd","category-internacional","category-legionarios","tag-argentina","tag-colombia","tag-copa-euroamericana","tag-deportivo-cali","tag-espana","tag-juan-pablo-anor","tag-juanpi","tag-lfp-world-challenge","tag-liga-mundial","tag-malaga-cf","tag-penanol","tag-roberto-rosales","tag-san-lorenzo-de-almagro","tag-uruguay"],"_links":{"self":[{"href":"http:\/\/gradadigital.com\/home\/wp-json\/wp\/v2\/posts\/22124","targetHints":{"allow":["GET"]}}],"collection":[{"href":"http:\/\/gradadigital.com\/home\/wp-json\/wp\/v2\/posts"}],"about":[{"href":"http:\/\/gradadigital.com\/home\/wp-json\/wp\/v2\/types\/post"}],"author":[{"embeddable":true,"href":"http:\/\/gradadigital.com\/home\/wp-json\/wp\/v2\/users\/3"}],"replies":[{"embeddable":true,"href":"http:\/\/gradadigital.com\/home\/wp-json\/wp\/v2\/comments?post=22124"}],"version-history":[{"count":3,"href":"http:\/\/gradadigital.com\/home\/wp-json\/wp\/v2\/posts\/22124\/revisions"}],"predecessor-version":[{"id":22128,"href":"http:\/\/gradadigital.com\/home\/wp-json\/wp\/v2\/posts\/22124\/revisions\/22128"}],"wp:featuredmedia":[{"embeddable":true,"href":"http:\/\/gradadigital.com\/home\/wp-json\/wp\/v2\/media\/22125"}],"wp:attachment":[{"href":"http:\/\/gradadigital.com\/home\/wp-json\/wp\/v2\/media?parent=22124"}],"wp:term":[{"taxonomy":"category","embeddable":true,"href":"http:\/\/gradadigital.com\/home\/wp-json\/wp\/v2\/categories?post=22124"},{"taxonomy":"post_tag","embeddable":true,"href":"http:\/\/gradadigital.com\/home\/wp-json\/wp\/v2\/tags?post=22124"}],"curies":[{"name":"wp","href":"https:\/\/api.w.org\/{rel}","templated":true}]}}