{"id":22101,"date":"2015-07-24T13:25:59","date_gmt":"2015-07-24T17:55:59","guid":{"rendered":"http:\/\/gradadigital.com\/home\/?p=22101"},"modified":"2015-07-25T21:42:59","modified_gmt":"2015-07-26T02:12:59","slug":"fotos-ronaldo-pena-ya-entrena-con-la-ud-las-palmas","status":"publish","type":"post","link":"http:\/\/gradadigital.com\/home\/fotos-ronaldo-pena-ya-entrena-con-la-ud-las-palmas\/","title":{"rendered":"+FOTOS | Ronaldo Pe\u00f1a ya entrena con la UD Las Palmas"},"content":{"rendered":"<p style=\"text-align: center;\"><img decoding=\"async\" class=\"details-image\" draggable=\"false\" src=\"http:\/\/gradadigital.com\/home\/wp-content\/uploads\/2015\/07\/ronaldo_pena_ud_las_palmas_espana_24072015_7.jpg\" alt=\"\" \/><\/p>\n<p style=\"text-align: center;\"><img decoding=\"async\" src=\"http:\/\/gradadigital.com\/home\/wp-content\/uploads\/2014\/12\/banner_opcion_comentarios_gd.jpg\" alt=\"http:\/\/gradadigital.com\/home\/wp-content\/uploads\/2014\/12\/banner_opcion_comentarios_gd.jpg\" \/><\/p>\n<p style=\"text-align: justify;\"><strong>Eduardo Contreras &#8211;<\/strong> El delantero venezolano de 18 a\u00f1os de edad, Ronaldo Pe\u00f1a, se integr\u00f3 este viernes, 24 de julio, a los entrenamientos de la UD Las Palmas Atl\u00e9tico, equipo reci\u00e9n descendido a la Tercera Divisi\u00f3n de Espa\u00f1a.<\/p>\n<p style=\"text-align: justify;\">El joven futbolista criollo llega cedido por una temporada al filial del conjunto amarillo procedente del Caracas FC y ya comenz\u00f3 a ejercitarse con sus nuevos compa\u00f1eros en el Anexo al Estadio de Gran Canaria bajo las \u00f3rdenes de Mingo Oramas.<\/p>\n<p style=\"text-align: justify;\">El jugador oriundo de Acarigua espera formar parte del primer equipo del club grancanario en un futuro cercano, tal como lo hicieron en su momento sus compatriotas Juan Carlos Socorro, Jos\u00e9 Salom\u00f3n Rond\u00f3n y Juan Guerra, todos con participaci\u00f3n en la Vinotinto.<\/p>\n<p style=\"text-align: justify;\">Sin embargo, por ahora, Ronaldo Pe\u00f1a, internacional con las categor\u00edas inferiores de Venezuela y quien ha tenido presencia en entrenamientos de la selecci\u00f3n absoluta, alternar\u00e1 el filial del club insular con el Juvenil de la Divisi\u00f3n de Honor.<\/p>\n<p style=\"text-align: justify;\">Por otra parte, Las Palmas Atl\u00e9tico, que pronto disputar\u00e1 algunos encuentros amistosos, contin\u00faa su preparaci\u00f3n para intentar regresar a la Segunda B la pr\u00f3xima temporada.<\/p>\n<p style=\"text-align: center;\"><strong>FOTOS<\/strong><br \/>\n<img decoding=\"async\" class=\"details-image\" draggable=\"false\" src=\"http:\/\/gradadigital.com\/home\/wp-content\/uploads\/2015\/07\/ronaldo_pena_ud_las_palmas_espana_24072015_1.jpg\" alt=\"\" \/><\/p>\n<p style=\"text-align: center;\"><img decoding=\"async\" class=\"details-image\" draggable=\"false\" src=\"http:\/\/gradadigital.com\/home\/wp-content\/uploads\/2015\/07\/ronaldo_pena_ud_las_palmas_espana_24072015_2.jpg\" alt=\"\" \/><\/p>\n<p style=\"text-align: center;\"><img decoding=\"async\" class=\"details-image\" draggable=\"false\" src=\"http:\/\/gradadigital.com\/home\/wp-content\/uploads\/2015\/07\/ronaldo_pena_ud_las_palmas_espana_24072015_5.jpg\" alt=\"\" \/><\/p>\n<p style=\"text-align: center;\"><img decoding=\"async\" class=\"details-image\" draggable=\"false\" src=\"http:\/\/gradadigital.com\/home\/wp-content\/uploads\/2015\/07\/ronaldo_pena_ud_las_palmas_espana_24072015_3.jpg\" alt=\"\" \/><\/p>\n<p style=\"text-align: center;\"><a href=\"https:\/\/play.google.com\/store\/apps\/details?id=com.app.gradadigital\" target=\"_blank\"><img decoding=\"async\" src=\"http:\/\/gradadigital.com\/home\/wp-content\/uploads\/2014\/10\/banner_aplicacion_V2_GRADADIGITAL_17102014.jpg\" alt=\"http:\/\/gradadigital.com\/home\/wp-content\/uploads\/2014\/10\/banner_aplicacion_V2_GRADADIGITAL_17102014.jpg\" \/><\/a><\/p>\n","protected":false},"excerpt":{"rendered":"<p>Eduardo Contreras &#8211; El delantero venezolano de 18 a\u00f1os de edad, Ronaldo Pe\u00f1a, se integr\u00f3 este viernes, 24 de julio, a los entrenamientos de la UD Las Palmas Atl\u00e9tico, equipo reci\u00e9n descendido a la Tercera Divisi\u00f3n de Espa\u00f1a. El joven futbolista criollo llega cedido por una temporada al filial del conjunto amarillo procedente del Caracas &#8230;<\/p>\n","protected":false},"author":3,"featured_media":22103,"comment_status":"closed","ping_status":"closed","sticky":false,"template":"","format":"standard","meta":{"footnotes":""},"categories":[43,752,36,4],"tags":[1668,255,1666,1667,1664,1663,1665,1525,1662,1661,51,71],"class_list":["post-22101","post","type-post","status-publish","format-standard","has-post-thumbnail","hentry","category-fotos","category-appgd","category-internacional","category-legionarios","tag-division-de-honor","tag-espana","tag-gran-canaria","tag-juvenil","tag-las-palmas","tag-las-palmas-atletico","tag-ronaldo-pena","tag-tercera-division","tag-ud-las-palmas","tag-ud-las-palmas-atletico","tag-venezuela","tag-vinotinto"],"_links":{"self":[{"href":"http:\/\/gradadigital.com\/home\/wp-json\/wp\/v2\/posts\/22101","targetHints":{"allow":["GET"]}}],"collection":[{"href":"http:\/\/gradadigital.com\/home\/wp-json\/wp\/v2\/posts"}],"about":[{"href":"http:\/\/gradadigital.com\/home\/wp-json\/wp\/v2\/types\/post"}],"author":[{"embeddable":true,"href":"http:\/\/gradadigital.com\/home\/wp-json\/wp\/v2\/users\/3"}],"replies":[{"embeddable":true,"href":"http:\/\/gradadigital.com\/home\/wp-json\/wp\/v2\/comments?post=22101"}],"version-history":[{"count":3,"href":"http:\/\/gradadigital.com\/home\/wp-json\/wp\/v2\/posts\/22101\/revisions"}],"predecessor-version":[{"id":22153,"href":"http:\/\/gradadigital.com\/home\/wp-json\/wp\/v2\/posts\/22101\/revisions\/22153"}],"wp:featuredmedia":[{"embeddable":true,"href":"http:\/\/gradadigital.com\/home\/wp-json\/wp\/v2\/media\/22103"}],"wp:attachment":[{"href":"http:\/\/gradadigital.com\/home\/wp-json\/wp\/v2\/media?parent=22101"}],"wp:term":[{"taxonomy":"category","embeddable":true,"href":"http:\/\/gradadigital.com\/home\/wp-json\/wp\/v2\/categories?post=22101"},{"taxonomy":"post_tag","embeddable":true,"href":"http:\/\/gradadigital.com\/home\/wp-json\/wp\/v2\/tags?post=22101"}],"curies":[{"name":"wp","href":"https:\/\/api.w.org\/{rel}","templated":true}]}}