{"id":22051,"date":"2015-07-23T09:43:59","date_gmt":"2015-07-23T14:13:59","guid":{"rendered":"http:\/\/gradadigital.com\/home\/?p=22051"},"modified":"2015-07-23T09:43:59","modified_gmt":"2015-07-23T14:13:59","slug":"jesus-chiki-meza-se-integra-al-mediocampo-del-aragua-fc","status":"publish","type":"post","link":"http:\/\/gradadigital.com\/home\/jesus-chiki-meza-se-integra-al-mediocampo-del-aragua-fc\/","title":{"rendered":"Jes\u00fas \u201cChiki\u201d Meza se integra al mediocampo del Aragua FC"},"content":{"rendered":"<p style=\"text-align: center;\"><img loading=\"lazy\" decoding=\"async\" class=\"alignnone size-full wp-image-22052\" src=\"http:\/\/gradadigital.com\/home\/wp-content\/uploads\/2015\/07\/jesus_meza_aragua_22072015.jpg\" alt=\"jesus_meza_aragua_22072015\" width=\"682\" height=\"455\" srcset=\"http:\/\/gradadigital.com\/home\/wp-content\/uploads\/2015\/07\/jesus_meza_aragua_22072015.jpg 682w, http:\/\/gradadigital.com\/home\/wp-content\/uploads\/2015\/07\/jesus_meza_aragua_22072015-300x200.jpg 300w\" sizes=\"auto, (max-width: 682px) 100vw, 682px\" \/><\/p>\n<p style=\"text-align: center;\"><img loading=\"lazy\" decoding=\"async\" class=\"alignnone size-full wp-image-16349\" src=\"http:\/\/gradadigital.com\/home\/wp-content\/uploads\/2014\/12\/banner_opcion_comentarios_gd.jpg\" alt=\"banner_opcion_comentarios_gd\" width=\"621\" height=\"41\" srcset=\"http:\/\/gradadigital.com\/home\/wp-content\/uploads\/2014\/12\/banner_opcion_comentarios_gd.jpg 621w, http:\/\/gradadigital.com\/home\/wp-content\/uploads\/2014\/12\/banner_opcion_comentarios_gd-300x19.jpg 300w, http:\/\/gradadigital.com\/home\/wp-content\/uploads\/2014\/12\/banner_opcion_comentarios_gd-620x41.jpg 620w\" sizes=\"auto, (max-width: 621px) 100vw, 621px\" \/><\/p>\n<p style=\"text-align: justify;\"><strong>Prensa Aragua FC,\u00a0<\/strong><strong>Ylai Olmos &#8211;\u00a0<\/strong>El Aragua FC sigue en su b\u00fasqueda de figuras de renombre que pasen a formar parte de la plantilla para este Torneo de Adecuaci\u00f3n 2015 y el d\u00eda de ayer sum\u00f3 el nombre del mediocampista Jes\u00fas \u201cEl Chiki\u201d Meza como miembro de la plantilla que dirige Juvencio Betancourt.<\/p>\n<p style=\"text-align: justify;\">El jugador meride\u00f1o se present\u00f3 el d\u00eda de ayer al estadio ol\u00edmpico \u201cHermanos Ghersi\u201d de la ciudad de Maracay y se puso la indumentaria aurirroja para oficializar su v\u00ednculo con el club.<\/p>\n<p style=\"text-align: justify;\">Meza, quien a nivel internacional actu\u00f3 en clubes como el Atlas de M\u00e9xico, Honved Budapest de Hungr\u00eda, Olympiakos de Grecia, Al Arabi de Catar y Al Shaab de los Emiratos \u00c1rabes Unidos, viene de hacer pretemporada con el Boyac\u00e1 Chico de Colombia, pero al no lograr un acuerdo contractual con el club neogranadino, el jugador vino a Venezuela con el fin de reforzar al Aragua FC.<\/p>\n<p style=\"text-align: justify;\">\u201cCuando los jugadores venezolanos tenemos la oportunidad fuera del pa\u00eds queremos dejar nuestra bandera en alto, jugar con todos esos clubes fue una gran experiencia y espero sumar toda esa experiencia aca en el Aragua FC\u201d, coment\u00f3 el mediocampista.<\/p>\n<p style=\"text-align: justify;\">Meza, quien se desempe\u00f1a como volante mixto, destac\u00f3 que en las ligas del medio oriente y las ligas europeas donde actu\u00f3 el f\u00fatbol es muy f\u00edsico, lo cual contrasta con lo t\u00e9cnico que se aplica en este lado del mundo. \u201cSon muy f\u00edsicos y ordenados t\u00e1cticamente, esa es parte de la experiencia que me traje de esos pa\u00edses\u201d, acot\u00f3.<\/p>\n<p style=\"text-align: justify;\">En cuanto a su incorporaci\u00f3n a la plantilla, Jes\u00fas \u201cChiki\u201d Meza coment\u00f3 que conoce a algunos jugadores de la plantilla gracias a su experiencia en clubes como Zamora FC, Caracas FC y la selecci\u00f3n nacional. \u201cA lo largo de mi carrera he tenido contacto con \u00c1ngel Chourio, Rohel Brice\u00f1o y David \u201cEl Hacha\u201d Medina, son buenos jugadores y buenos amigos, espero adaptarme r\u00e1pidamente al equipo y as\u00ed aportar para el club\u201d, mencion\u00f3.<\/p>\n<p style=\"text-align: justify;\">Finalmente, Meza destac\u00f3 que tiene conocimiento del director t\u00e9cnico Juvencio Betancourt gracias a su trabajo en distintos clubes y s\u00f3lo tendr\u00e1 que adaptarse a su filosof\u00eda de trabajo a fin de dar su aporte al club en el terreno de juego.<\/p>\n<p style=\"text-align: center;\"><a href=\"https:\/\/play.google.com\/store\/apps\/details?id=com.app.gradadigital\" target=\"_blank\"><img loading=\"lazy\" decoding=\"async\" class=\"alignnone size-full wp-image-15415\" src=\"http:\/\/gradadigital.com\/home\/wp-content\/uploads\/2014\/10\/banner_aplicacion_V2_GRADADIGITAL_17102014.jpg\" alt=\"banner_aplicacion_V2_GRADADIGITAL_17102014\" width=\"620\" height=\"100\" srcset=\"http:\/\/gradadigital.com\/home\/wp-content\/uploads\/2014\/10\/banner_aplicacion_V2_GRADADIGITAL_17102014.jpg 620w, http:\/\/gradadigital.com\/home\/wp-content\/uploads\/2014\/10\/banner_aplicacion_V2_GRADADIGITAL_17102014-300x48.jpg 300w\" sizes=\"auto, (max-width: 620px) 100vw, 620px\" \/><\/a><\/p>\n","protected":false},"excerpt":{"rendered":"<p>Prensa Aragua FC,\u00a0Ylai Olmos &#8211;\u00a0El Aragua FC sigue en su b\u00fasqueda de figuras de renombre que pasen a formar parte de la plantilla para este Torneo de Adecuaci\u00f3n 2015 y el d\u00eda de ayer sum\u00f3 el nombre del mediocampista Jes\u00fas \u201cEl Chiki\u201d Meza como miembro de la plantilla que dirige Juvencio Betancourt. El jugador meride\u00f1o &#8230;<\/p>\n","protected":false},"author":4,"featured_media":22052,"comment_status":"closed","ping_status":"closed","sticky":false,"template":"","format":"standard","meta":{"footnotes":""},"categories":[752,6,5,31],"tags":[],"class_list":["post-22051","post","type-post","status-publish","format-standard","has-post-thumbnail","hentry","category-appgd","category-aragua-fc","category-futbol-nacional","category-primera-division"],"_links":{"self":[{"href":"http:\/\/gradadigital.com\/home\/wp-json\/wp\/v2\/posts\/22051","targetHints":{"allow":["GET"]}}],"collection":[{"href":"http:\/\/gradadigital.com\/home\/wp-json\/wp\/v2\/posts"}],"about":[{"href":"http:\/\/gradadigital.com\/home\/wp-json\/wp\/v2\/types\/post"}],"author":[{"embeddable":true,"href":"http:\/\/gradadigital.com\/home\/wp-json\/wp\/v2\/users\/4"}],"replies":[{"embeddable":true,"href":"http:\/\/gradadigital.com\/home\/wp-json\/wp\/v2\/comments?post=22051"}],"version-history":[{"count":1,"href":"http:\/\/gradadigital.com\/home\/wp-json\/wp\/v2\/posts\/22051\/revisions"}],"predecessor-version":[{"id":22053,"href":"http:\/\/gradadigital.com\/home\/wp-json\/wp\/v2\/posts\/22051\/revisions\/22053"}],"wp:featuredmedia":[{"embeddable":true,"href":"http:\/\/gradadigital.com\/home\/wp-json\/wp\/v2\/media\/22052"}],"wp:attachment":[{"href":"http:\/\/gradadigital.com\/home\/wp-json\/wp\/v2\/media?parent=22051"}],"wp:term":[{"taxonomy":"category","embeddable":true,"href":"http:\/\/gradadigital.com\/home\/wp-json\/wp\/v2\/categories?post=22051"},{"taxonomy":"post_tag","embeddable":true,"href":"http:\/\/gradadigital.com\/home\/wp-json\/wp\/v2\/tags?post=22051"}],"curies":[{"name":"wp","href":"https:\/\/api.w.org\/{rel}","templated":true}]}}