{"id":22020,"date":"2015-07-22T12:19:01","date_gmt":"2015-07-22T16:49:01","guid":{"rendered":"http:\/\/gradadigital.com\/home\/?p=22020"},"modified":"2015-07-22T12:19:01","modified_gmt":"2015-07-22T16:49:01","slug":"envian-a-prision-al-presidente-de-la-federacion-boliviana-de-futbol","status":"publish","type":"post","link":"http:\/\/gradadigital.com\/home\/envian-a-prision-al-presidente-de-la-federacion-boliviana-de-futbol\/","title":{"rendered":"Env\u00edan a prisi\u00f3n al presidente de la Federaci\u00f3n Boliviana de F\u00fatbol"},"content":{"rendered":"<p style=\"text-align: center;\"><img decoding=\"async\" class=\"details-image\" draggable=\"false\" src=\"http:\/\/gradadigital.com\/home\/wp-content\/uploads\/2013\/06\/carlos_chavez_antesala_bolivia_venezuela_060620131.jpg\" alt=\"\" \/><\/p>\n<p style=\"text-align: center;\"><img decoding=\"async\" src=\"http:\/\/gradadigital.com\/home\/wp-content\/uploads\/2014\/12\/banner_opcion_comentarios_gd.jpg\" alt=\"http:\/\/gradadigital.com\/home\/wp-content\/uploads\/2014\/12\/banner_opcion_comentarios_gd.jpg\" \/><\/p>\n<p style=\"text-align: justify;\"><strong>EFE &#8211;<\/strong> Un juez boliviano orden\u00f3 este martes, 21 de julio, la detenci\u00f3n del presidente de la Federaci\u00f3n Boliviana de F\u00fatbol (FBF) y tesorero de la Conmebol, Carlos Ch\u00e1vez, acusado de una supuesta \u00abestafa agravada\u00bb con la recaudaci\u00f3n de un partido amistoso jugado por las selecciones de Bolivia y Brasil en 2013.<\/p>\n<p style=\"text-align: justify;\">El fiscal general de Bolivia, Ramiro Guerrero, indic\u00f3 en un comunicado que el juez Roberto Valdivieso, determin\u00f3 el encarcelamiento preventivo de Ch\u00e1vez en el penal de Palmasola, en la ciudad de Santa Cruz (este).<\/p>\n<p style=\"text-align: justify;\">El juez tambi\u00e9n decidi\u00f3 la detenci\u00f3n domiciliaria con escolta policial para el secretario ejecutivo de la FBF y mano derecha de Ch\u00e1vez, Alberto Lozada, que adem\u00e1s debe pagar una fianza equivalente a unos 21.550 d\u00f3lares.<\/p>\n<p style=\"text-align: justify;\">El exentrenador de la selecci\u00f3n boliviana, el espa\u00f1ol Xabier Azkargorta, compareci\u00f3 hoy ante Valdivieso como testigo de Lozada.<\/p>\n<p style=\"text-align: justify;\"><strong>\u00abYo solo habl\u00e9 de f\u00fatbol. No tengo nada de qu\u00e9 hablar de los manejos econ\u00f3micos porque yo era entrenador. Me preguntaron si era amigo de Ch\u00e1vez y Lozada. Ch\u00e1vez era mi Presidente y con Lozada llevamos una amistad de hace mucho tiempo\u00bb<\/strong>, dijo Azkargorta.<\/p>\n<p style=\"text-align: justify;\">Seg\u00fan Guerrero, el juez valor\u00f3 la fundamentaci\u00f3n de los fiscales para concluir que la recaudaci\u00f3n econ\u00f3mica del partido entre Bolivia y Brasil, jugado el 6 de abril de 2013, deb\u00eda ser destinado a la familia del menor de 14 a\u00f1os Kevin Beltr\u00e1n, un hincha que muri\u00f3 en un partido de la Copa Libertadores de Am\u00e9rica.<\/p>\n<p style=\"text-align: justify;\">El adolescente falleci\u00f3 por el impacto de una bengala en el rostro lanzada por la barra del Corinthians en partido jugado en febrero de ese a\u00f1o en el estadio del San Jos\u00e9 boliviano.<\/p>\n<p style=\"text-align: justify;\">El fiscal Iv\u00e1n Montellano, a cargo del caso, dijo que el dinero de ese partido se utiliz\u00f3 para pagar a funcionarios de la FBF, pero la <strong>\u00abrealidad es que Brasil jug\u00f3 gratis para ayudar a la familia de Kevin y Carlos Ch\u00e1vez y otros dirigentes abusaron de esa buena voluntad y de la gente que pag\u00f3 su entrada\u00bb<\/strong>.<\/p>\n<p style=\"text-align: justify;\">El fiscal agreg\u00f3 que existen cheques emitidos a nombre de Lozada y <strong>\u00abde \u00e9ste a su hijo sin ninguna justificaci\u00f3n\u00bb<\/strong>.<\/p>\n<p style=\"text-align: center;\"><a href=\"https:\/\/play.google.com\/store\/apps\/details?id=com.app.gradadigital\" target=\"_blank\"><img decoding=\"async\" src=\"http:\/\/gradadigital.com\/home\/wp-content\/uploads\/2014\/10\/banner_aplicacion_V2_GRADADIGITAL_17102014.jpg\" alt=\"http:\/\/gradadigital.com\/home\/wp-content\/uploads\/2014\/10\/banner_aplicacion_V2_GRADADIGITAL_17102014.jpg\" \/><\/a><\/p>\n","protected":false},"excerpt":{"rendered":"<p>EFE &#8211; Un juez boliviano orden\u00f3 este martes, 21 de julio, la detenci\u00f3n del presidente de la Federaci\u00f3n Boliviana de F\u00fatbol (FBF) y tesorero de la Conmebol, Carlos Ch\u00e1vez, acusado de una supuesta \u00abestafa agravada\u00bb con la recaudaci\u00f3n de un partido amistoso jugado por las selecciones de Bolivia y Brasil en 2013. El fiscal general &#8230;<\/p>\n","protected":false},"author":3,"featured_media":1232,"comment_status":"closed","ping_status":"closed","sticky":false,"template":"","format":"standard","meta":{"footnotes":""},"categories":[752,36],"tags":[937,1570,1571,226,508,1568,1569,110,562,834],"class_list":["post-22020","post","type-post","status-publish","format-standard","has-post-thumbnail","hentry","category-appgd","category-internacional","tag-bolivia","tag-carlos-chavez","tag-confederacion-suramericana-de-futbol","tag-conmebol","tag-estados-unidos","tag-fbf","tag-federacion-boliviana-de-futbol","tag-fifa","tag-suiza","tag-zurich-2"],"_links":{"self":[{"href":"http:\/\/gradadigital.com\/home\/wp-json\/wp\/v2\/posts\/22020","targetHints":{"allow":["GET"]}}],"collection":[{"href":"http:\/\/gradadigital.com\/home\/wp-json\/wp\/v2\/posts"}],"about":[{"href":"http:\/\/gradadigital.com\/home\/wp-json\/wp\/v2\/types\/post"}],"author":[{"embeddable":true,"href":"http:\/\/gradadigital.com\/home\/wp-json\/wp\/v2\/users\/3"}],"replies":[{"embeddable":true,"href":"http:\/\/gradadigital.com\/home\/wp-json\/wp\/v2\/comments?post=22020"}],"version-history":[{"count":1,"href":"http:\/\/gradadigital.com\/home\/wp-json\/wp\/v2\/posts\/22020\/revisions"}],"predecessor-version":[{"id":22021,"href":"http:\/\/gradadigital.com\/home\/wp-json\/wp\/v2\/posts\/22020\/revisions\/22021"}],"wp:featuredmedia":[{"embeddable":true,"href":"http:\/\/gradadigital.com\/home\/wp-json\/wp\/v2\/media\/1232"}],"wp:attachment":[{"href":"http:\/\/gradadigital.com\/home\/wp-json\/wp\/v2\/media?parent=22020"}],"wp:term":[{"taxonomy":"category","embeddable":true,"href":"http:\/\/gradadigital.com\/home\/wp-json\/wp\/v2\/categories?post=22020"},{"taxonomy":"post_tag","embeddable":true,"href":"http:\/\/gradadigital.com\/home\/wp-json\/wp\/v2\/tags?post=22020"}],"curies":[{"name":"wp","href":"https:\/\/api.w.org\/{rel}","templated":true}]}}