{"id":21952,"date":"2015-07-20T09:00:01","date_gmt":"2015-07-20T13:30:01","guid":{"rendered":"http:\/\/gradadigital.com\/home\/?p=21952"},"modified":"2015-07-20T20:41:32","modified_gmt":"2015-07-21T01:11:32","slug":"le-arrojan-billetes-a-blatter-en-conferencia-de-prensa","status":"publish","type":"post","link":"http:\/\/gradadigital.com\/home\/le-arrojan-billetes-a-blatter-en-conferencia-de-prensa\/","title":{"rendered":"+VIDEO\/FOTOS | Le arrojan billetes a Blatter en conferencia de prensa"},"content":{"rendered":"<p style=\"text-align: center;\"><img loading=\"lazy\" decoding=\"async\" class=\"alignnone size-full wp-image-21957\" src=\"http:\/\/gradadigital.com\/home\/wp-content\/uploads\/2015\/07\/joseph_blatter_fifa_20072015_2.jpg\" alt=\"joseph_blatter_fifa_20072015_2\" width=\"682\" height=\"455\" srcset=\"http:\/\/gradadigital.com\/home\/wp-content\/uploads\/2015\/07\/joseph_blatter_fifa_20072015_2.jpg 682w, http:\/\/gradadigital.com\/home\/wp-content\/uploads\/2015\/07\/joseph_blatter_fifa_20072015_2-300x200.jpg 300w\" sizes=\"auto, (max-width: 682px) 100vw, 682px\" \/><\/p>\n<p style=\"text-align: center;\"><img decoding=\"async\" src=\"http:\/\/gradadigital.com\/home\/wp-content\/uploads\/2014\/12\/banner_opcion_comentarios_gd.jpg\" alt=\"http:\/\/gradadigital.com\/home\/wp-content\/uploads\/2014\/12\/banner_opcion_comentarios_gd.jpg\" \/><\/p>\n<p style=\"text-align: justify;\"><strong>GradaDigital.com &#8211;<\/strong> El actual presidente de la FIFA, Joseph Blatter, se present\u00f3 este lunes, 20 de julio, en rueda de prensa en Z\u00farich y un intruso le arroj\u00f3 billetes mientras efectuaba sus declaraciones.<\/p>\n<p style=\"text-align: justify;\">El autor del hecho fue el comediante ingl\u00e9s Simon Brodkin, quien se col\u00f3 a la conferencia y r\u00e1pidamente se acerc\u00f3 a Blatter para lanzarle d\u00f3lares antes de ser escoltado por agentes de seguridad fuera de la sala sin que hubiera m\u00e1s incidentes.<\/p>\n<p style=\"text-align: center;\"><img loading=\"lazy\" decoding=\"async\" class=\"alignnone size-full wp-image-21953\" src=\"http:\/\/gradadigital.com\/home\/wp-content\/uploads\/2015\/07\/joseph_blatter_fifa_20072015.jpg\" alt=\"joseph_blatter_fifa_20072015\" width=\"682\" height=\"455\" srcset=\"http:\/\/gradadigital.com\/home\/wp-content\/uploads\/2015\/07\/joseph_blatter_fifa_20072015.jpg 682w, http:\/\/gradadigital.com\/home\/wp-content\/uploads\/2015\/07\/joseph_blatter_fifa_20072015-300x200.jpg 300w\" sizes=\"auto, (max-width: 682px) 100vw, 682px\" \/><\/p>\n<p style=\"text-align: justify;\">Blatter, con semblante sombr\u00edo, dijo a los presentes: <strong>\u00abDisculpen, pero debemos limpiar la sala antes de que pueda hablarles. Esto no tiene nada que ver con el f\u00fatbol. Volver\u00e9 en unos minutos\u00bb<\/strong>.<\/p>\n<p style=\"text-align: justify;\">El presidente de la entidad que rige el f\u00fatbol mundial present\u00f3 hoy ante la prensa los resultados de la reuni\u00f3n del Comit\u00e9 Ejecutivo que, entre otros temas, decidi\u00f3 que el 26 de febrero de 2016 se celebrar\u00e1 un Congreso extraordinario que debe elegir al sucesor de Blatter.<\/p>\n<p><iframe loading=\"lazy\" src=\"https:\/\/vine.co\/v\/e65zmXInjUl\/embed\/simple\" width=\"621\" height=\"621\" frameborder=\"0\"><\/iframe><\/p>\n<p><script src=\"https:\/\/platform.vine.co\/static\/scripts\/embed.js\"><\/script><\/p>\n<p style=\"text-align: center;\"><a href=\"https:\/\/play.google.com\/store\/apps\/details?id=com.app.gradadigital\" target=\"_blank\"><img loading=\"lazy\" decoding=\"async\" class=\"alignnone size-full wp-image-15415\" src=\"http:\/\/gradadigital.com\/home\/wp-content\/uploads\/2014\/10\/banner_aplicacion_V2_GRADADIGITAL_17102014.jpg\" alt=\"banner_aplicacion_V2_GRADADIGITAL_17102014\" width=\"620\" height=\"100\" srcset=\"http:\/\/gradadigital.com\/home\/wp-content\/uploads\/2014\/10\/banner_aplicacion_V2_GRADADIGITAL_17102014.jpg 620w, http:\/\/gradadigital.com\/home\/wp-content\/uploads\/2014\/10\/banner_aplicacion_V2_GRADADIGITAL_17102014-300x48.jpg 300w\" sizes=\"auto, (max-width: 620px) 100vw, 620px\" \/><\/a><\/p>\n","protected":false},"excerpt":{"rendered":"<p>GradaDigital.com &#8211; El actual presidente de la FIFA, Joseph Blatter, se present\u00f3 este lunes, 20 de julio, en rueda de prensa en Z\u00farich y un intruso le arroj\u00f3 billetes mientras efectuaba sus declaraciones. El autor del hecho fue el comediante ingl\u00e9s Simon Brodkin, quien se col\u00f3 a la conferencia y r\u00e1pidamente se acerc\u00f3 a Blatter &#8230;<\/p>\n","protected":false},"author":4,"featured_media":21957,"comment_status":"closed","ping_status":"closed","sticky":false,"template":"","format":"standard","meta":{"footnotes":""},"categories":[43,27,752,36,35],"tags":[1601,1238,1530,1602,1600,110,491,1603,562,834],"class_list":["post-21952","post","type-post","status-publish","format-standard","has-post-thumbnail","hentry","category-fotos","category-video","category-appgd","category-internacional","category-otras-categorias","tag-billetes","tag-blatter","tag-comite-ejecutivo","tag-dinero","tag-dolares","tag-fifa","tag-joseph-blatter","tag-simon-brodkin","tag-suiza","tag-zurich-2"],"_links":{"self":[{"href":"http:\/\/gradadigital.com\/home\/wp-json\/wp\/v2\/posts\/21952","targetHints":{"allow":["GET"]}}],"collection":[{"href":"http:\/\/gradadigital.com\/home\/wp-json\/wp\/v2\/posts"}],"about":[{"href":"http:\/\/gradadigital.com\/home\/wp-json\/wp\/v2\/types\/post"}],"author":[{"embeddable":true,"href":"http:\/\/gradadigital.com\/home\/wp-json\/wp\/v2\/users\/4"}],"replies":[{"embeddable":true,"href":"http:\/\/gradadigital.com\/home\/wp-json\/wp\/v2\/comments?post=21952"}],"version-history":[{"count":8,"href":"http:\/\/gradadigital.com\/home\/wp-json\/wp\/v2\/posts\/21952\/revisions"}],"predecessor-version":[{"id":21966,"href":"http:\/\/gradadigital.com\/home\/wp-json\/wp\/v2\/posts\/21952\/revisions\/21966"}],"wp:featuredmedia":[{"embeddable":true,"href":"http:\/\/gradadigital.com\/home\/wp-json\/wp\/v2\/media\/21957"}],"wp:attachment":[{"href":"http:\/\/gradadigital.com\/home\/wp-json\/wp\/v2\/media?parent=21952"}],"wp:term":[{"taxonomy":"category","embeddable":true,"href":"http:\/\/gradadigital.com\/home\/wp-json\/wp\/v2\/categories?post=21952"},{"taxonomy":"post_tag","embeddable":true,"href":"http:\/\/gradadigital.com\/home\/wp-json\/wp\/v2\/tags?post=21952"}],"curies":[{"name":"wp","href":"https:\/\/api.w.org\/{rel}","templated":true}]}}