{"id":21906,"date":"2015-07-19T15:19:03","date_gmt":"2015-07-19T19:49:03","guid":{"rendered":"http:\/\/gradadigital.com\/home\/?p=21906"},"modified":"2015-07-19T15:19:03","modified_gmt":"2015-07-19T19:49:03","slug":"joseph-blatter-reaparecera-para-anunciar-nuevo-congreso-y-reformas-en-fifa","status":"publish","type":"post","link":"http:\/\/gradadigital.com\/home\/joseph-blatter-reaparecera-para-anunciar-nuevo-congreso-y-reformas-en-fifa\/","title":{"rendered":"Joseph Blatter reaparecer\u00e1 para anunciar nuevo Congreso y reformas en FIFA"},"content":{"rendered":"<p style=\"text-align: center;\"><img decoding=\"async\" class=\"details-image\" draggable=\"false\" src=\"http:\/\/gradadigital.com\/home\/wp-content\/uploads\/2015\/06\/joseph_blatter_fifa_02062015_3.jpg\" alt=\"\" \/><\/p>\n<p style=\"text-align: center;\"><img decoding=\"async\" src=\"http:\/\/gradadigital.com\/home\/wp-content\/uploads\/2014\/12\/banner_opcion_comentarios_gd.jpg\" alt=\"http:\/\/gradadigital.com\/home\/wp-content\/uploads\/2014\/12\/banner_opcion_comentarios_gd.jpg\" \/><\/p>\n<p style=\"text-align: justify;\"><strong>EFE &#8211;<\/strong> Joseph Blatter reaparecer\u00e1 ma\u00f1ana para explicar las decisiones del Comit\u00e9 Ejecutivo de la FIFA sobre la fecha del nuevo Congreso que elegir\u00e1 presidente y sobre las reformas que la organizaci\u00f3n pretende acometer tras el esc\u00e1ndalo de corrupci\u00f3n destapado a finales de mayo.<\/p>\n<p style=\"text-align: justify;\">45 d\u00edas despu\u00e9s de anunciar de forma inesperada su decisi\u00f3n de dejar la presidencia, Blatter se expondr\u00e1 p\u00fablicamente en la sede de la FIFA en Z\u00farich para oficializar su deseo de reformar el organismo que comanda desde 1998, en busca de transparencia y limpieza.<\/p>\n<p style=\"text-align: justify;\">Mientras siguen en curso las investigaciones del FBI y la justicia suiza, la FIFA ha seguido funcionando con aparente normalidad, sin dejar de reiterar su disposici\u00f3n a colaborar, aunque Blatter ha suspendido su agenda de viajes y reducido al m\u00e1ximo sus apariciones p\u00fablicas.<\/p>\n<p style=\"text-align: justify;\">La propia FIFA confirm\u00f3 hace d\u00edas que su presidente, ahora de forma interina, ser\u00e1 el encargado de poner voz, junto al secretario general, Jerome Valcke, a las decisiones del Comit\u00e9 Ejecutivo, cuya agenda incluye dos puntos principales, un informe inicial de Blatter y el pr\u00f3ximo congreso extraordinario.<\/p>\n<p style=\"text-align: justify;\">\u00c9ste ser\u00e1 previsiblemente entre diciembre y febrero de 2016 y el Ejecutivo debe concretar su contenido en lo relativo a reformas de la organizaci\u00f3n, elecci\u00f3n de presidente y cualquier otra propuesta.<\/p>\n<p style=\"text-align: justify;\">En este apartado se incluye la ya anunciada por el Comit\u00e9 de \u00c9tica Independiente, cuyas dos c\u00e1maras -de instrucci\u00f3n y resoluci\u00f3n- han pedido m\u00e1s competencias para garantizar la transparencia en sus procedimientos.<\/p>\n<p style=\"text-align: justify;\">Entre sus demandas incluye tener la posibilidad de dar informaci\u00f3n sobre \u00e9stos, cosa que ahora no puede hacer, y justificar sus decisiones, incluso aunque vayan a ser recurridas.<\/p>\n<p style=\"text-align: justify;\">Uno de los casos recientes sobre el que apenas se ha facilitado informaci\u00f3n es la inhabilitaci\u00f3n durante siete a\u00f1os al chileno Harold Mayne-Nicholls, expresidente de la federaci\u00f3n de su pa\u00eds y responsable de la comisi\u00f3n que visit\u00f3 los pa\u00edses candidatos a organizar los mundiales de 2018 y 2022 ganados por Rusia y Catar.<\/p>\n<p style=\"text-align: justify;\">Hasta la fecha la FIFA no ha explicado los motivos de la sanci\u00f3n y ha emplazado a dar datos en el momento en que se haga efectiva, ya que cabe posibilidad de recurso para Mayne-Nicholls. El chileno evalu\u00f3 presentarse a las elecciones a la presidencia del pasado 29 de mayo aunque finalmente lo descart\u00f3.<\/p>\n<p style=\"text-align: justify;\">En el extremo opuesto est\u00e1 la sanci\u00f3n a perpetuidad para el estadounidense Chuck Blazer, ex miembro del Comit\u00e9 Ejecutivo y ex secretario general de la CONCACAF por incumplir el C\u00f3digo \u00c9tico al desempe\u00f1ar, seg\u00fan la FIFA, un importante papel en actividades que incluyeron la oferta, la aceptaci\u00f3n y la comisi\u00f3n y recibo de pagos ilegales, comisiones y sobornos.<\/p>\n<p style=\"text-align: justify;\">Blazer es uno de los nombres que m\u00e1s ha sonado en la \u00abcuarentena\u00bb que la FIFA ha pasado desde la detenci\u00f3n de siete de sus directivos en v\u00edsperas del Congreso que reeligi\u00f3 a Blatter el 29 de mayo y el anuncio de \u00e9ste, solo 4 d\u00edas despu\u00e9s, el 2 de junio, de celebrar nuevas elecciones.<\/p>\n<p style=\"text-align: justify;\">Investigado en Estados Unidos por su gran fortuna, Blazer acept\u00f3 colaborar con la justicia y su testimonio parece haber sido clave en los casos de corrupci\u00f3n que pueden juzgarse y que han salpicado tambi\u00e9n a directivos de empresas colaboradoras con la FIFA.<\/p>\n<p style=\"text-align: justify;\">Pese al esc\u00e1ndalo, por el que Estados Unidos ha pedido la extradici\u00f3n de los siete responsables de la FIFA, cinco de ellos latinoamericanos, Blatter no parece haber dicho adi\u00f3s definitivamente a la presidencia.<\/p>\n<p style=\"text-align: justify;\">Recientemente ha recordado que no ha dimitido, sino que ha puesto su cargo a disposici\u00f3n del Congreso, y ha insistido en que est\u00e1 en juego el futuro de la FIFA, algo m\u00e1s importante que su sill\u00f3n presidencial, con el que han coqueteado exfutbolistas como Maradona y Zico.<\/p>\n<p style=\"text-align: center;\"><a href=\"https:\/\/play.google.com\/store\/apps\/details?id=com.app.gradadigital\" target=\"_blank\"><img decoding=\"async\" src=\"http:\/\/gradadigital.com\/home\/wp-content\/uploads\/2014\/10\/banner_aplicacion_V2_GRADADIGITAL_17102014.jpg\" alt=\"http:\/\/gradadigital.com\/home\/wp-content\/uploads\/2014\/10\/banner_aplicacion_V2_GRADADIGITAL_17102014.jpg\" \/><\/a><\/p>\n","protected":false},"excerpt":{"rendered":"<p>EFE &#8211; Joseph Blatter reaparecer\u00e1 ma\u00f1ana para explicar las decisiones del Comit\u00e9 Ejecutivo de la FIFA sobre la fecha del nuevo Congreso que elegir\u00e1 presidente y sobre las reformas que la organizaci\u00f3n pretende acometer tras el esc\u00e1ndalo de corrupci\u00f3n destapado a finales de mayo. 45 d\u00edas despu\u00e9s de anunciar de forma inesperada su decisi\u00f3n de &#8230;<\/p>\n","protected":false},"author":3,"featured_media":20187,"comment_status":"closed","ping_status":"closed","sticky":false,"template":"","format":"standard","meta":{"footnotes":""},"categories":[752,36],"tags":[1530,226,508,155,110,135,491,447,562,1551,834],"class_list":["post-21906","post","type-post","status-publish","format-standard","has-post-thumbnail","hentry","category-appgd","category-internacional","tag-comite-ejecutivo","tag-conmebol","tag-estados-unidos","tag-federacion-venezolana-de-futbol","tag-fifa","tag-fvf","tag-joseph-blatter","tag-rafael-esquivel","tag-suiza","tag-tribunal-de-brooklyn","tag-zurich-2"],"_links":{"self":[{"href":"http:\/\/gradadigital.com\/home\/wp-json\/wp\/v2\/posts\/21906","targetHints":{"allow":["GET"]}}],"collection":[{"href":"http:\/\/gradadigital.com\/home\/wp-json\/wp\/v2\/posts"}],"about":[{"href":"http:\/\/gradadigital.com\/home\/wp-json\/wp\/v2\/types\/post"}],"author":[{"embeddable":true,"href":"http:\/\/gradadigital.com\/home\/wp-json\/wp\/v2\/users\/3"}],"replies":[{"embeddable":true,"href":"http:\/\/gradadigital.com\/home\/wp-json\/wp\/v2\/comments?post=21906"}],"version-history":[{"count":1,"href":"http:\/\/gradadigital.com\/home\/wp-json\/wp\/v2\/posts\/21906\/revisions"}],"predecessor-version":[{"id":21907,"href":"http:\/\/gradadigital.com\/home\/wp-json\/wp\/v2\/posts\/21906\/revisions\/21907"}],"wp:featuredmedia":[{"embeddable":true,"href":"http:\/\/gradadigital.com\/home\/wp-json\/wp\/v2\/media\/20187"}],"wp:attachment":[{"href":"http:\/\/gradadigital.com\/home\/wp-json\/wp\/v2\/media?parent=21906"}],"wp:term":[{"taxonomy":"category","embeddable":true,"href":"http:\/\/gradadigital.com\/home\/wp-json\/wp\/v2\/categories?post=21906"},{"taxonomy":"post_tag","embeddable":true,"href":"http:\/\/gradadigital.com\/home\/wp-json\/wp\/v2\/tags?post=21906"}],"curies":[{"name":"wp","href":"https:\/\/api.w.org\/{rel}","templated":true}]}}