{"id":21871,"date":"2015-07-18T00:23:52","date_gmt":"2015-07-18T04:53:52","guid":{"rendered":"http:\/\/gradadigital.com\/home\/?p=21871"},"modified":"2015-07-18T00:23:52","modified_gmt":"2015-07-18T04:53:52","slug":"juanpi-anor-titular-en-partido-amistoso-del-malaga","status":"publish","type":"post","link":"http:\/\/gradadigital.com\/home\/juanpi-anor-titular-en-partido-amistoso-del-malaga\/","title":{"rendered":"Juanpi A\u00f1or titular en partido amistoso del M\u00e1laga"},"content":{"rendered":"<p style=\"text-align: center;\"><img decoding=\"async\" class=\"details-image\" draggable=\"false\" src=\"http:\/\/gradadigital.com\/home\/wp-content\/uploads\/2015\/07\/malaga_karlsruhe_juanpi_17072015.jpg\" alt=\"\" \/><\/p>\n<p style=\"text-align: center;\"><img decoding=\"async\" src=\"http:\/\/gradadigital.com\/home\/wp-content\/uploads\/2014\/12\/banner_opcion_comentarios_gd.jpg\" alt=\"http:\/\/gradadigital.com\/home\/wp-content\/uploads\/2014\/12\/banner_opcion_comentarios_gd.jpg\" \/><\/p>\n<p style=\"text-align: justify;\"><strong>EFE &#8211;<\/strong> El M\u00e1laga cay\u00f3 3-1 ante el Karlsruhe, de la Segunda Divisi\u00f3n alemana, en un partido amistoso en el que los locales fueron superiores y demostraron m\u00e1s conjunci\u00f3n y preparaci\u00f3n f\u00edsica.<\/p>\n<p style=\"text-align: justify;\">El conjunto alem\u00e1n impuso su mayor \u00edmpetu, lo que conllev\u00f3 que una jugada por la derecha acabase con un centro del espa\u00f1ol Manu Torres y, tras una indecisi\u00f3n del guardameta Kameni, que ataj\u00f3 el bal\u00f3n en dos ocasiones, el delantero Hoffer, lograse en el \u00e1rea peque\u00f1a adelantar a su equipo en el minuto 33. Con el resultado de 1-0 acab\u00f3 la primera parte.<\/p>\n<p style=\"text-align: justify;\">El M\u00e1laga inici\u00f3 la segunda parte presionando y buscando el gol del empate, que lleg\u00f3 en el minuto 54, en un disparo de Amrabat, que toc\u00f3 en un rival y descoloc\u00f3 al guardameta Orlishausen.<\/p>\n<p style=\"text-align: justify;\">El Karlsruhe pudo adelantarse de nuevo con un lanzamiento de Barry, que no fall\u00f3 en la siguiente jugada, en un robo de bal\u00f3n por la izquierda y el pase lo aprovech\u00f3 Barry, para marcar con la izquierda en el minuto 77.<\/p>\n<p style=\"text-align: justify;\">El M\u00e1laga empez\u00f3 a sucumbir por todas sus l\u00edneas y el Karlsruhe, que lo hac\u00eda muy f\u00e1cil, volvi\u00f3 a aprovechar otro fallo defensivo al anotar un excelente gol en un remate acrob\u00e1tico de Kopke, que sentenci\u00f3 definitivamente el encuentro en el minuto 79.<\/p>\n<p style=\"text-align: justify;\"><strong><span style=\"text-decoration: underline;\">Ficha T\u00e9cnica<\/span>:<\/strong><br \/>\n<strong>Karlsruhe SC (3):<\/strong> Orlishausen; Gordon, Gulde, Stoll, Max, Meffert; Krebs, Torres, Nazarov, Krebs Hennings y Holffer.<br \/>\n<strong>Tambi\u00e9n jugaron:<\/strong> Barry, Thoelke, Kopke, Kempe, Peitz, Mehlem y Sallahi.<\/p>\n<p style=\"text-align: justify;\"><strong>M\u00e1laga CF (1):<\/strong> Kameni; Iv\u00e1n Rodr\u00edguez, Angeleri, Weligton, Torres; <strong>Juanpi<\/strong>, Tissone, Recio, Ontiveros; Amrabat y Charles.<br \/>\n<strong>Tambi\u00e9n jugaron:<\/strong> Filipenko, Fornals, Rufo, Juan Carlos, Calero, Duda, Espinho, Rafa de Vicente y Darder.<\/p>\n<p style=\"text-align: justify;\"><strong>Goles:<\/strong> 1-0:\u00a0Hoffer (m.33), 1-1:\u00a0Amrabat (m.54), 2-1:\u00a0Barry (m.77), 3-1:\u00a0Kopke (m.79).<br \/>\n<strong>Incidencias:<\/strong> Partido amistoso disputado en el estadio Wilparkstadium de Karlsruhe ante unos 2.000 espectadores.<\/p>\n<p style=\"text-align: center;\"><a href=\"https:\/\/play.google.com\/store\/apps\/details?id=com.app.gradadigital\" target=\"_blank\"><img decoding=\"async\" src=\"http:\/\/gradadigital.com\/home\/wp-content\/uploads\/2014\/10\/banner_aplicacion_V2_GRADADIGITAL_17102014.jpg\" alt=\"http:\/\/gradadigital.com\/home\/wp-content\/uploads\/2014\/10\/banner_aplicacion_V2_GRADADIGITAL_17102014.jpg\" \/><\/a><\/p>\n","protected":false},"excerpt":{"rendered":"<p>EFE &#8211; El M\u00e1laga cay\u00f3 3-1 ante el Karlsruhe, de la Segunda Divisi\u00f3n alemana, en un partido amistoso en el que los locales fueron superiores y demostraron m\u00e1s conjunci\u00f3n y preparaci\u00f3n f\u00edsica. El conjunto alem\u00e1n impuso su mayor \u00edmpetu, lo que conllev\u00f3 que una jugada por la derecha acabase con un centro del espa\u00f1ol Manu &#8230;<\/p>\n","protected":false},"author":3,"featured_media":21872,"comment_status":"closed","ping_status":"closed","sticky":false,"template":"","format":"standard","meta":{"footnotes":""},"categories":[752,36,4],"tags":[480,255,923,924,828,1572,531,827],"class_list":["post-21871","post","type-post","status-publish","format-standard","has-post-thumbnail","hentry","category-appgd","category-internacional","category-legionarios","tag-alemania","tag-espana","tag-juan-pablo-anor","tag-juanpi","tag-juanpi-anor","tag-karlsruhe","tag-malaga","tag-malaga-cf"],"_links":{"self":[{"href":"http:\/\/gradadigital.com\/home\/wp-json\/wp\/v2\/posts\/21871","targetHints":{"allow":["GET"]}}],"collection":[{"href":"http:\/\/gradadigital.com\/home\/wp-json\/wp\/v2\/posts"}],"about":[{"href":"http:\/\/gradadigital.com\/home\/wp-json\/wp\/v2\/types\/post"}],"author":[{"embeddable":true,"href":"http:\/\/gradadigital.com\/home\/wp-json\/wp\/v2\/users\/3"}],"replies":[{"embeddable":true,"href":"http:\/\/gradadigital.com\/home\/wp-json\/wp\/v2\/comments?post=21871"}],"version-history":[{"count":1,"href":"http:\/\/gradadigital.com\/home\/wp-json\/wp\/v2\/posts\/21871\/revisions"}],"predecessor-version":[{"id":21873,"href":"http:\/\/gradadigital.com\/home\/wp-json\/wp\/v2\/posts\/21871\/revisions\/21873"}],"wp:featuredmedia":[{"embeddable":true,"href":"http:\/\/gradadigital.com\/home\/wp-json\/wp\/v2\/media\/21872"}],"wp:attachment":[{"href":"http:\/\/gradadigital.com\/home\/wp-json\/wp\/v2\/media?parent=21871"}],"wp:term":[{"taxonomy":"category","embeddable":true,"href":"http:\/\/gradadigital.com\/home\/wp-json\/wp\/v2\/categories?post=21871"},{"taxonomy":"post_tag","embeddable":true,"href":"http:\/\/gradadigital.com\/home\/wp-json\/wp\/v2\/tags?post=21871"}],"curies":[{"name":"wp","href":"https:\/\/api.w.org\/{rel}","templated":true}]}}