{"id":2187,"date":"2013-07-08T13:37:36","date_gmt":"2013-07-08T18:07:36","guid":{"rendered":"http:\/\/gradadigital.com\/home\/?p=2187"},"modified":"2013-07-08T13:37:36","modified_gmt":"2013-07-08T18:07:36","slug":"renny-vega-la-idea-es-venir-a-pelear-campeonato","status":"publish","type":"post","link":"http:\/\/gradadigital.com\/home\/renny-vega-la-idea-es-venir-a-pelear-campeonato\/","title":{"rendered":"Renny Vega: \u00abLa idea es venir a pelear campeonato\u00bb"},"content":{"rendered":"<p style=\"text-align: center;\"><a href=\"http:\/\/gradadigital.com\/home\/wp-content\/uploads\/2013\/07\/renny_vega_dvolaguaira_08072013.jpg\"><img loading=\"lazy\" decoding=\"async\" class=\"alignnone size-full wp-image-2188\" alt=\"renny_vega_dvolaguaira_08072013\" src=\"http:\/\/gradadigital.com\/home\/wp-content\/uploads\/2013\/07\/renny_vega_dvolaguaira_08072013.jpg\" width=\"596\" height=\"346\" srcset=\"http:\/\/gradadigital.com\/home\/wp-content\/uploads\/2013\/07\/renny_vega_dvolaguaira_08072013.jpg 596w, http:\/\/gradadigital.com\/home\/wp-content\/uploads\/2013\/07\/renny_vega_dvolaguaira_08072013-300x174.jpg 300w\" sizes=\"auto, (max-width: 596px) 100vw, 596px\" \/><\/a><\/p>\n<p style=\"text-align: justify;\"><b>Agust\u00edn Rodr\u00edguez Weil. Prensa Dvo. La Guaira.-\u00a0<\/b>Renny Vega se enfunda la el\u00e1stica del Deportivo La Guaira con ganas de marcar una huella importante. El golero de la selecci\u00f3n nacional arriba al conjunto litoralense con la firme convicci\u00f3n de tapar todo lo que pueda y lograr resultados fundamentales para las aspiraciones del equipo.<\/p>\n<p style=\"text-align: justify;\">El portero de la selecci\u00f3n nacional celebra su llegada al equipo litoralense:\u00a0<b>\u201cContento con este nuevo proyecto en mi carrera, y prepar\u00e1ndonos para lo que ser\u00e1 una buena pretemporada. Venimos ac\u00e1 todos a sumar y a trabajar en este proyecto que se llama Deportivo La Guaira\u201d.<\/b><\/p>\n<p style=\"text-align: justify;\">El golero espera ayudar a sus compa\u00f1eros desde el arco:\u00a0<b>\u201cVoy a aportar toda mi experiencia, todo lo que he conseguido en mi carrera. La idea es venir a pelear campeonato, no conformarnos con estar a mitad de tabla y por ello ya estamos conociendo a los muchachos. Ahora adapt\u00e1ndome poco a poco, d\u00eda tras d\u00eda, y partido a partido amistoso hasta llegar a la primera fecha\u201d.<\/b><\/p>\n<p style=\"text-align: justify;\"><b>Vega<\/b>\u00a0alab\u00f3 al cuerpo t\u00e9cnico del equipo:\u00a0<b>\u201cA Francesco (Stifano) lo conozco desde hace muchos a\u00f1os pero ahora es totalmente diferente, \u00e9l est\u00e1 de un lado y yo del otro, pero siempre el respeto es importante. Me han hablado de la confianza que me tienen para aportar mi experiencia al grupo y que todos estemos unidos para llevar esto hacia adelante\u201d.<\/b><\/p>\n<p style=\"text-align: justify;\">El guardavalla llega tras una dilatada trayectoria en el balompi\u00e9 venezolano con la selecci\u00f3n nacional y con varios equipos, entre ellos Caracas FC e Italchacao. Adem\u00e1s posee pasant\u00edas en el f\u00fatbol chileno y turco.<\/p>\n","protected":false},"excerpt":{"rendered":"<p>Agust\u00edn Rodr\u00edguez Weil. Prensa Dvo. La Guaira.-\u00a0Renny Vega se enfunda la el\u00e1stica del Deportivo La Guaira con ganas de marcar una huella importante. El golero de la selecci\u00f3n nacional arriba al conjunto litoralense con la firme convicci\u00f3n de tapar todo lo que pueda y lograr resultados fundamentales para las aspiraciones del equipo. El portero de &#8230;<\/p>\n","protected":false},"author":4,"featured_media":2188,"comment_status":"closed","ping_status":"closed","sticky":false,"template":"","format":"standard","meta":{"footnotes":""},"categories":[18,5,31],"tags":[],"class_list":["post-2187","post","type-post","status-publish","format-standard","has-post-thumbnail","hentry","category-real-esppor","category-futbol-nacional","category-primera-division"],"_links":{"self":[{"href":"http:\/\/gradadigital.com\/home\/wp-json\/wp\/v2\/posts\/2187","targetHints":{"allow":["GET"]}}],"collection":[{"href":"http:\/\/gradadigital.com\/home\/wp-json\/wp\/v2\/posts"}],"about":[{"href":"http:\/\/gradadigital.com\/home\/wp-json\/wp\/v2\/types\/post"}],"author":[{"embeddable":true,"href":"http:\/\/gradadigital.com\/home\/wp-json\/wp\/v2\/users\/4"}],"replies":[{"embeddable":true,"href":"http:\/\/gradadigital.com\/home\/wp-json\/wp\/v2\/comments?post=2187"}],"version-history":[{"count":2,"href":"http:\/\/gradadigital.com\/home\/wp-json\/wp\/v2\/posts\/2187\/revisions"}],"predecessor-version":[{"id":2190,"href":"http:\/\/gradadigital.com\/home\/wp-json\/wp\/v2\/posts\/2187\/revisions\/2190"}],"wp:featuredmedia":[{"embeddable":true,"href":"http:\/\/gradadigital.com\/home\/wp-json\/wp\/v2\/media\/2188"}],"wp:attachment":[{"href":"http:\/\/gradadigital.com\/home\/wp-json\/wp\/v2\/media?parent=2187"}],"wp:term":[{"taxonomy":"category","embeddable":true,"href":"http:\/\/gradadigital.com\/home\/wp-json\/wp\/v2\/categories?post=2187"},{"taxonomy":"post_tag","embeddable":true,"href":"http:\/\/gradadigital.com\/home\/wp-json\/wp\/v2\/tags?post=2187"}],"curies":[{"name":"wp","href":"https:\/\/api.w.org\/{rel}","templated":true}]}}