{"id":21856,"date":"2015-07-17T18:37:38","date_gmt":"2015-07-17T23:07:38","guid":{"rendered":"http:\/\/gradadigital.com\/home\/?p=21856"},"modified":"2015-07-17T18:37:38","modified_gmt":"2015-07-17T23:07:38","slug":"el-exvicepresidente-de-la-fifa-ya-esta-en-eeuu-y-comparecera-pronto-ante-el-juez","status":"publish","type":"post","link":"http:\/\/gradadigital.com\/home\/el-exvicepresidente-de-la-fifa-ya-esta-en-eeuu-y-comparecera-pronto-ante-el-juez\/","title":{"rendered":"El exvicepresidente de la FIFA ya est\u00e1 en EEUU y comparecer\u00e1 pronto ante el juez"},"content":{"rendered":"<p style=\"text-align: center;\"><img decoding=\"async\" class=\"details-image\" draggable=\"false\" src=\"http:\/\/gradadigital.com\/home\/wp-content\/uploads\/2015\/07\/fifa_jeffrey_webb_usa.jpg\" alt=\"\" \/><\/p>\n<p style=\"text-align: center;\"><img decoding=\"async\" src=\"http:\/\/gradadigital.com\/home\/wp-content\/uploads\/2014\/12\/banner_opcion_comentarios_gd.jpg\" alt=\"http:\/\/gradadigital.com\/home\/wp-content\/uploads\/2014\/12\/banner_opcion_comentarios_gd.jpg\" \/><\/p>\n<p style=\"text-align: justify;\"><strong>EFE &#8211;<\/strong> El exvicepresidente de la FIFA Jeffrey Webb ya se encuentra en Estados Unidos, aunque en un lugar sin concretar, tras ser extraditado desde Suiza y comparecer\u00e1 pronto ante el juez del Tribunal de Brooklyn que se ocupa del esc\u00e1ndalo de corrupci\u00f3n de la federaci\u00f3n, seg\u00fan un fiscal federal.<\/p>\n<p style=\"text-align: justify;\">En una vista que hoy tuvo lugar para otro de los 14 imputados en este caso, el presidente de Traffic Sports USA, Aaron Davidson, el fiscal federal Evan Morris asegur\u00f3 al juez que lleva el caso, Raymon Dearie, que Webb ya est\u00e1 en territorio estadounidense.<\/p>\n<p style=\"text-align: justify;\">Webb se convierte as\u00ed en el primero de los siete acusados para los que Estados Unidos solicit\u00f3 la extradici\u00f3n el 1 de julio en llegar al pa\u00eds y su vista ante el juez podr\u00eda producirse \u00abpronto\u00bb, a pesar de que a\u00fan no hay fecha, dijo Morris.<\/p>\n<p style=\"text-align: justify;\">El exvicepresidente de la FIFA, de 50 a\u00f1os y procedente de las Islas Caim\u00e1n fue detenido el 27 de mayo en Z\u00farich con 17 cargos, entre ellos conspiraci\u00f3n de crimen organizado, fraude y lavado de dinero, y como pieza de una trama de corrupci\u00f3n que inclu\u00eda haber aceptado sobornos y comisiones por m\u00e1s de 100 millones de d\u00f3lares desde los a\u00f1os 90 a la actualidad.<\/p>\n<p style=\"text-align: justify;\">Adem\u00e1s de vicepresidente de la FIFA, era vicepresidente de la Confederaci\u00f3n de F\u00fatbol del Norte, Centroam\u00e9rica y el Caribe (Concacaf) y formaba parte del comit\u00e9 ejecutivo del Comit\u00e9 Normalizador de la Uni\u00f3n Caribe\u00f1a de F\u00fatbol (CFU), adem\u00e1s de ostentar la presidencia de la Federaci\u00f3n de F\u00fatbol de las Islas Caim\u00e1n (CIFA).<\/p>\n<p style=\"text-align: justify;\">Por su parte, Aaron Davidson era el \u00fanico de los imputados detenido en Estados Unidos y est\u00e1 acusado de sobornar con 7 millones de d\u00f3lares a Webb para conseguir los derechos de emisi\u00f3n de los torneos de f\u00fatbol.<\/p>\n<p style=\"text-align: justify;\">La vista de hoy con \u00e9l era de procedimiento despu\u00e9s de que enviara una carta al tribunal en la que se ofreci\u00f3 a \u00abcolaborar activamente\u00bb con la investigaci\u00f3n.<\/p>\n<p style=\"text-align: justify;\">El juez estableci\u00f3 una pr\u00f3xima audiencia para el 18 de septiembre y a\u00f1adi\u00f3, seg\u00fan la prensa local, que para esa fecha \u00abpresumiblemente habr\u00e1 otros participantes\u00bb.<\/p>\n<p style=\"text-align: justify;\">Los otros seis directivos de la FIFA detenidos en Suiza y pendientes de extradici\u00f3n son el uruguayo Eugenio Figueredo, el costarricense Eduardo Li, el brasile\u00f1o Jos\u00e9 Maria Marin, el nicarag\u00fcense Julio Rocha, el brit\u00e1nico Costas Takkas y <strong>el venezolano Rafael Esquivel<\/strong>.<\/p>\n<p style=\"text-align: center;\"><a href=\"https:\/\/play.google.com\/store\/apps\/details?id=com.app.gradadigital\" target=\"_blank\"><img decoding=\"async\" src=\"http:\/\/gradadigital.com\/home\/wp-content\/uploads\/2014\/10\/banner_aplicacion_V2_GRADADIGITAL_17102014.jpg\" alt=\"http:\/\/gradadigital.com\/home\/wp-content\/uploads\/2014\/10\/banner_aplicacion_V2_GRADADIGITAL_17102014.jpg\" \/><\/a><\/p>\n","protected":false},"excerpt":{"rendered":"<p>EFE &#8211; El exvicepresidente de la FIFA Jeffrey Webb ya se encuentra en Estados Unidos, aunque en un lugar sin concretar, tras ser extraditado desde Suiza y comparecer\u00e1 pronto ante el juez del Tribunal de Brooklyn que se ocupa del esc\u00e1ndalo de corrupci\u00f3n de la federaci\u00f3n, seg\u00fan un fiscal federal. En una vista que hoy &#8230;<\/p>\n","protected":false},"author":3,"featured_media":21857,"comment_status":"closed","ping_status":"closed","sticky":false,"template":"","format":"standard","meta":{"footnotes":""},"categories":[752,5,36,40,3],"tags":[226,508,155,110,135,1550,447,562,1551,834],"class_list":["post-21856","post","type-post","status-publish","format-standard","has-post-thumbnail","hentry","category-appgd","category-futbol-nacional","category-internacional","category-seleccion-nacional-mayores","category-seleccion-nacional","tag-conmebol","tag-estados-unidos","tag-federacion-venezolana-de-futbol","tag-fifa","tag-fvf","tag-jeffrey-webb","tag-rafael-esquivel","tag-suiza","tag-tribunal-de-brooklyn","tag-zurich-2"],"_links":{"self":[{"href":"http:\/\/gradadigital.com\/home\/wp-json\/wp\/v2\/posts\/21856","targetHints":{"allow":["GET"]}}],"collection":[{"href":"http:\/\/gradadigital.com\/home\/wp-json\/wp\/v2\/posts"}],"about":[{"href":"http:\/\/gradadigital.com\/home\/wp-json\/wp\/v2\/types\/post"}],"author":[{"embeddable":true,"href":"http:\/\/gradadigital.com\/home\/wp-json\/wp\/v2\/users\/3"}],"replies":[{"embeddable":true,"href":"http:\/\/gradadigital.com\/home\/wp-json\/wp\/v2\/comments?post=21856"}],"version-history":[{"count":1,"href":"http:\/\/gradadigital.com\/home\/wp-json\/wp\/v2\/posts\/21856\/revisions"}],"predecessor-version":[{"id":21858,"href":"http:\/\/gradadigital.com\/home\/wp-json\/wp\/v2\/posts\/21856\/revisions\/21858"}],"wp:featuredmedia":[{"embeddable":true,"href":"http:\/\/gradadigital.com\/home\/wp-json\/wp\/v2\/media\/21857"}],"wp:attachment":[{"href":"http:\/\/gradadigital.com\/home\/wp-json\/wp\/v2\/media?parent=21856"}],"wp:term":[{"taxonomy":"category","embeddable":true,"href":"http:\/\/gradadigital.com\/home\/wp-json\/wp\/v2\/categories?post=21856"},{"taxonomy":"post_tag","embeddable":true,"href":"http:\/\/gradadigital.com\/home\/wp-json\/wp\/v2\/tags?post=21856"}],"curies":[{"name":"wp","href":"https:\/\/api.w.org\/{rel}","templated":true}]}}