{"id":21805,"date":"2015-07-16T14:19:31","date_gmt":"2015-07-16T18:49:31","guid":{"rendered":"http:\/\/gradadigital.com\/home\/?p=21805"},"modified":"2015-07-16T14:19:31","modified_gmt":"2015-07-16T18:49:31","slug":"vinotinto-sub-20-femenina-participara-en-el-torneo-internacional-de-lalcudia","status":"publish","type":"post","link":"http:\/\/gradadigital.com\/home\/vinotinto-sub-20-femenina-participara-en-el-torneo-internacional-de-lalcudia\/","title":{"rendered":"Vinotinto Sub-20 femenina participar\u00e1 en el Torneo Internacional de L&#8217;Alc\u00fadia"},"content":{"rendered":"<p style=\"text-align: center;\"><img decoding=\"async\" class=\"details-image\" draggable=\"false\" src=\"http:\/\/gradadigital.com\/home\/wp-content\/uploads\/2014\/03\/lourdes_moreno_venezuela_zambia_18042014.jpg\" alt=\"\" \/><\/p>\n<p style=\"text-align: center;\"><img decoding=\"async\" src=\"http:\/\/gradadigital.com\/home\/wp-content\/uploads\/2014\/12\/banner_opcion_comentarios_gd.jpg\" alt=\"http:\/\/gradadigital.com\/home\/wp-content\/uploads\/2014\/12\/banner_opcion_comentarios_gd.jpg\" \/><\/p>\n<p style=\"text-align: justify;\"><strong>Prensa FVF &#8211;<\/strong> La Vinotinto Sub-20 femenina asistir\u00e1 al Torneo Internacional de L&#8217;Alc\u00fadia, que se llevar\u00e1 a cabo del 9 al 19 de agosto del presente a\u00f1o en la ciudad de Valencia, Espa\u00f1a, dicha competencia es un campeonato de preparaci\u00f3n de car\u00e1cter invitacional, donde participar\u00e1n un grupo de 10 escuadras de distintas entidades futbol\u00edsticas.<\/p>\n<p style=\"text-align: justify;\">Cabe resaltar que es la tercera vez que una selecci\u00f3n venezolana de esa categor\u00eda, dirigida en esta oportunidad por el director t\u00e9cnico Jos\u00e9 Catoya, participa en este torneo.<\/p>\n<p style=\"text-align: justify;\">Este torneo es reconocido oficialmente por la FIFA y la UEFA, para potenciar y promocionar m\u00e1s a las j\u00f3venes figuras del mundo del f\u00fatbol.<\/p>\n<p style=\"text-align: center;\"><a href=\"https:\/\/play.google.com\/store\/apps\/details?id=com.app.gradadigital\" target=\"_blank\"><img decoding=\"async\" src=\"http:\/\/gradadigital.com\/home\/wp-content\/uploads\/2014\/10\/banner_aplicacion_V2_GRADADIGITAL_17102014.jpg\" alt=\"http:\/\/gradadigital.com\/home\/wp-content\/uploads\/2014\/10\/banner_aplicacion_V2_GRADADIGITAL_17102014.jpg\" \/><\/a><\/p>\n","protected":false},"excerpt":{"rendered":"<p>Prensa FVF &#8211; La Vinotinto Sub-20 femenina asistir\u00e1 al Torneo Internacional de L&#8217;Alc\u00fadia, que se llevar\u00e1 a cabo del 9 al 19 de agosto del presente a\u00f1o en la ciudad de Valencia, Espa\u00f1a, dicha competencia es un campeonato de preparaci\u00f3n de car\u00e1cter invitacional, donde participar\u00e1n un grupo de 10 escuadras de distintas entidades futbol\u00edsticas. Cabe &#8230;<\/p>\n","protected":false},"author":3,"featured_media":10297,"comment_status":"closed","ping_status":"closed","sticky":false,"template":"","format":"standard","meta":{"footnotes":""},"categories":[752,41,36,26,39,3],"tags":[255,292,1856,1129,1528,258,1527,51,71],"class_list":["post-21805","post","type-post","status-publish","format-standard","has-post-thumbnail","hentry","category-appgd","category-futbol-femenino","category-internacional","category-seleccion-femenina","category-seleccion-nacional-juveniles","category-seleccion-nacional","tag-espana","tag-femenina","tag-futbol-femenino","tag-jose-catoya","tag-lalcudia","tag-sub-20","tag-torneo-internacional-de-lalcudia","tag-venezuela","tag-vinotinto"],"_links":{"self":[{"href":"http:\/\/gradadigital.com\/home\/wp-json\/wp\/v2\/posts\/21805","targetHints":{"allow":["GET"]}}],"collection":[{"href":"http:\/\/gradadigital.com\/home\/wp-json\/wp\/v2\/posts"}],"about":[{"href":"http:\/\/gradadigital.com\/home\/wp-json\/wp\/v2\/types\/post"}],"author":[{"embeddable":true,"href":"http:\/\/gradadigital.com\/home\/wp-json\/wp\/v2\/users\/3"}],"replies":[{"embeddable":true,"href":"http:\/\/gradadigital.com\/home\/wp-json\/wp\/v2\/comments?post=21805"}],"version-history":[{"count":1,"href":"http:\/\/gradadigital.com\/home\/wp-json\/wp\/v2\/posts\/21805\/revisions"}],"predecessor-version":[{"id":21806,"href":"http:\/\/gradadigital.com\/home\/wp-json\/wp\/v2\/posts\/21805\/revisions\/21806"}],"wp:featuredmedia":[{"embeddable":true,"href":"http:\/\/gradadigital.com\/home\/wp-json\/wp\/v2\/media\/10297"}],"wp:attachment":[{"href":"http:\/\/gradadigital.com\/home\/wp-json\/wp\/v2\/media?parent=21805"}],"wp:term":[{"taxonomy":"category","embeddable":true,"href":"http:\/\/gradadigital.com\/home\/wp-json\/wp\/v2\/categories?post=21805"},{"taxonomy":"post_tag","embeddable":true,"href":"http:\/\/gradadigital.com\/home\/wp-json\/wp\/v2\/tags?post=21805"}],"curies":[{"name":"wp","href":"https:\/\/api.w.org\/{rel}","templated":true}]}}