{"id":21796,"date":"2015-07-16T11:36:14","date_gmt":"2015-07-16T16:06:14","guid":{"rendered":"http:\/\/gradadigital.com\/home\/?p=21796"},"modified":"2015-07-16T11:36:14","modified_gmt":"2015-07-16T16:06:14","slug":"convocatoria-la-vinotinto-sub-20-femenina-trabajara-en-el-cnar","status":"publish","type":"post","link":"http:\/\/gradadigital.com\/home\/convocatoria-la-vinotinto-sub-20-femenina-trabajara-en-el-cnar\/","title":{"rendered":"+CONVOCATORIA | La Vinotinto Sub-20 femenina trabajar\u00e1 en el CNAR"},"content":{"rendered":"<p style=\"text-align: center;\"><img decoding=\"async\" class=\"details-image\" draggable=\"false\" src=\"http:\/\/gradadigital.com\/home\/wp-content\/uploads\/2014\/03\/gabriela_garcia_venezuela_japon_mundial_sub17_31032014.jpg\" alt=\"\" \/><\/p>\n<p style=\"text-align: center;\"><img decoding=\"async\" src=\"http:\/\/gradadigital.com\/home\/wp-content\/uploads\/2014\/12\/banner_opcion_comentarios_gd.jpg\" alt=\"http:\/\/gradadigital.com\/home\/wp-content\/uploads\/2014\/12\/banner_opcion_comentarios_gd.jpg\" \/><\/p>\n<p style=\"text-align: justify;\"><strong>Prensa FVF &#8211;<\/strong> El Director T\u00e9cnico de la Vinotinto Sub-20 Femenina, Jos\u00e9 Catoya, anunci\u00f3 el sexto m\u00f3dulo de preparaci\u00f3n que se realizar\u00e1 en el Centro Nacional de Alto Rendimiento (CNAR) de la ciudad de Porlamar, de cara al pr\u00f3ximo Torneo de la categor\u00eda.<\/p>\n<p style=\"text-align: justify;\">Las 21 j\u00f3venes convocadas trabajar\u00e1n a doble turno desde el\u00a0 21 de julio hasta el 10 de agosto en las instalaciones del CNAR.<\/p>\n<p style=\"text-align: justify;\"><strong>Las convocadas por Jos\u00e9 Catoya son:<\/strong><\/p>\n<ol style=\"text-align: justify;\">\n<li>Claudia Quintero Cepeda<\/li>\n<li>Franyely Sarahi Rodriguez<\/li>\n<li>Michelle Yeraldin Romero Castillo<\/li>\n<li>Yosneidy Evangelista Zambrano Mujica<\/li>\n<li>Yuliana Melisa Caile Martinez<\/li>\n<li>Lourdes Yaurimar Moreno Bele\u00f1o<\/li>\n<li>Tahicelis Susana Marcano Vargas<\/li>\n<li>Gabriela Antonia Garcia Segura<\/li>\n<li>Hilaris de los Angeles Villasana Villaroel<\/li>\n<li>Yolgrelis Michel Rengifo Gutierrez<\/li>\n<li>Alexyar Carolina Ca\u00f1as Garcia<\/li>\n<li>Yenifer Yuliet Gimenez Gamboa<\/li>\n<li>Idalys Yaruma Perez Hernandez<\/li>\n<li>Rafanny Andreina Mendoza Abache<\/li>\n<li>Vimarest Estefania Diaz Diaz<\/li>\n<li>Maria Victoria Guzman Sanchez<\/li>\n<li>Solanger Mercedes Rodriguez Cordero<\/li>\n<li>Veronica Andreina Cardenas Caramillo<\/li>\n<li>Neily Judith Carrasquel Garcia<\/li>\n<li>Sarahi Margarita Arteaga Plasencia<\/li>\n<li>Gerardine Dorelis Olivo Franco<\/li>\n<\/ol>\n<p style=\"text-align: center;\"><a href=\"https:\/\/play.google.com\/store\/apps\/details?id=com.app.gradadigital\" target=\"_blank\"><img decoding=\"async\" src=\"http:\/\/gradadigital.com\/home\/wp-content\/uploads\/2014\/10\/banner_aplicacion_V2_GRADADIGITAL_17102014.jpg\" alt=\"http:\/\/gradadigital.com\/home\/wp-content\/uploads\/2014\/10\/banner_aplicacion_V2_GRADADIGITAL_17102014.jpg\" \/><\/a><\/p>\n","protected":false},"excerpt":{"rendered":"<p>Prensa FVF &#8211; El Director T\u00e9cnico de la Vinotinto Sub-20 Femenina, Jos\u00e9 Catoya, anunci\u00f3 el sexto m\u00f3dulo de preparaci\u00f3n que se realizar\u00e1 en el Centro Nacional de Alto Rendimiento (CNAR) de la ciudad de Porlamar, de cara al pr\u00f3ximo Torneo de la categor\u00eda. Las 21 j\u00f3venes convocadas trabajar\u00e1n a doble turno desde el\u00a0 21 de &#8230;<\/p>\n","protected":false},"author":3,"featured_media":10720,"comment_status":"closed","ping_status":"closed","sticky":false,"template":"","format":"standard","meta":{"footnotes":""},"categories":[752,41,26,39,3],"tags":[292,1856,1129,258,51,71],"class_list":["post-21796","post","type-post","status-publish","format-standard","has-post-thumbnail","hentry","category-appgd","category-futbol-femenino","category-seleccion-femenina","category-seleccion-nacional-juveniles","category-seleccion-nacional","tag-femenina","tag-futbol-femenino","tag-jose-catoya","tag-sub-20","tag-venezuela","tag-vinotinto"],"_links":{"self":[{"href":"http:\/\/gradadigital.com\/home\/wp-json\/wp\/v2\/posts\/21796","targetHints":{"allow":["GET"]}}],"collection":[{"href":"http:\/\/gradadigital.com\/home\/wp-json\/wp\/v2\/posts"}],"about":[{"href":"http:\/\/gradadigital.com\/home\/wp-json\/wp\/v2\/types\/post"}],"author":[{"embeddable":true,"href":"http:\/\/gradadigital.com\/home\/wp-json\/wp\/v2\/users\/3"}],"replies":[{"embeddable":true,"href":"http:\/\/gradadigital.com\/home\/wp-json\/wp\/v2\/comments?post=21796"}],"version-history":[{"count":2,"href":"http:\/\/gradadigital.com\/home\/wp-json\/wp\/v2\/posts\/21796\/revisions"}],"predecessor-version":[{"id":21798,"href":"http:\/\/gradadigital.com\/home\/wp-json\/wp\/v2\/posts\/21796\/revisions\/21798"}],"wp:featuredmedia":[{"embeddable":true,"href":"http:\/\/gradadigital.com\/home\/wp-json\/wp\/v2\/media\/10720"}],"wp:attachment":[{"href":"http:\/\/gradadigital.com\/home\/wp-json\/wp\/v2\/media?parent=21796"}],"wp:term":[{"taxonomy":"category","embeddable":true,"href":"http:\/\/gradadigital.com\/home\/wp-json\/wp\/v2\/categories?post=21796"},{"taxonomy":"post_tag","embeddable":true,"href":"http:\/\/gradadigital.com\/home\/wp-json\/wp\/v2\/tags?post=21796"}],"curies":[{"name":"wp","href":"https:\/\/api.w.org\/{rel}","templated":true}]}}