{"id":21752,"date":"2015-07-19T17:30:07","date_gmt":"2015-07-19T22:00:07","guid":{"rendered":"http:\/\/gradadigital.com\/home\/?p=21752"},"modified":"2015-07-20T14:23:27","modified_gmt":"2015-07-20T18:53:27","slug":"malaga-jugara-copa-euroamericana-ante-cali-san-lorenzo-y-penarol","status":"publish","type":"post","link":"http:\/\/gradadigital.com\/home\/malaga-jugara-copa-euroamericana-ante-cali-san-lorenzo-y-penarol\/","title":{"rendered":"M\u00e1laga jugar\u00e1 Copa Euroamericana ante Cali, San Lorenzo y Pe\u00f1arol"},"content":{"rendered":"<p style=\"text-align: center;\"><img decoding=\"async\" class=\"details-image\" draggable=\"false\" src=\"http:\/\/gradadigital.com\/home\/wp-content\/uploads\/2015\/01\/juan_pablo_anor_roberto_rosales_malaga_levante_06012015.jpg\" alt=\"\" \/><\/p>\n<p style=\"text-align: center;\"><img decoding=\"async\" src=\"http:\/\/gradadigital.com\/home\/wp-content\/uploads\/2014\/12\/banner_opcion_comentarios_gd.jpg\" alt=\"http:\/\/gradadigital.com\/home\/wp-content\/uploads\/2014\/12\/banner_opcion_comentarios_gd.jpg\" \/><\/p>\n<p style=\"text-align: justify;\"><strong>GradaDigital.com \/ EFE &#8211;<\/strong> El M\u00e1laga CF, equipo de los venezolanos Roberto Rosales y Juan Pablo A\u00f1or, disputar\u00e1 a finales de este mes la Copa Euroamericana, que forma parte de la Liga Mundial del programa &#8216;LFP World Challenge&#8217; y por la que visitar\u00e1 del 26 de julio al 1 de agosto Colombia, Argentina y Uruguay para enfrentarse al Deportivo Cali, San Lorenzo de Almagro y Pena\u00f1ol de Montevideo.<\/p>\n<p style=\"text-align: justify;\">El primer partido de esta gira sudamericana del M\u00e1laga ser\u00e1 el 26 de julio ante el vigente campe\u00f3n colombiano en Cali, dentro de este torneo que enfrenta a clubes de Europa y de Am\u00e9rica, seg\u00fan inform\u00f3 el club malaguista.<\/p>\n<p style=\"text-align: justify;\">Posteriormente, el equipo de la capital de la Costa del Sol viajar\u00e1 a Argentina para jugar contra el San Lorenzo de Almagro, campe\u00f3n de la Copa Libertadores 2014, en una fecha y una hora a\u00fan por confirmar, para cerrar su periplo en tierras americanas frente al Pe\u00f1arol, el 1 de agosto en Montevideo.<\/p>\n<p style=\"text-align: justify;\">Organizada por la operadora de televisi\u00f3n DirecTV, la Copa Euroamericana enfrenta a clubes de ambos continentes, en cada partido se pone en disputa un punto y al final del torneo gana el continente que m\u00e1s puntos haya obtenido.<\/p>\n<p style=\"text-align: justify;\">Adem\u00e1s, el equipo vencedor de cada encuentro recibe el trofeo James Hogg, en honor al introductor del f\u00fatbol en Am\u00e9rica en el siglo XIX, y la Copa Euroamericana con el nombre de la ciudad que fue sede de dicho partido.<\/p>\n<p style=\"text-align: center;\"><a href=\"https:\/\/play.google.com\/store\/apps\/details?id=com.app.gradadigital\" target=\"_blank\"><img decoding=\"async\" src=\"http:\/\/gradadigital.com\/home\/wp-content\/uploads\/2014\/10\/banner_aplicacion_V2_GRADADIGITAL_17102014.jpg\" alt=\"http:\/\/gradadigital.com\/home\/wp-content\/uploads\/2014\/10\/banner_aplicacion_V2_GRADADIGITAL_17102014.jpg\" \/><\/a><\/p>\n","protected":false},"excerpt":{"rendered":"<p>GradaDigital.com \/ EFE &#8211; El M\u00e1laga CF, equipo de los venezolanos Roberto Rosales y Juan Pablo A\u00f1or, disputar\u00e1 a finales de este mes la Copa Euroamericana, que forma parte de la Liga Mundial del programa &#8216;LFP World Challenge&#8217; y por la que visitar\u00e1 del 26 de julio al 1 de agosto Colombia, Argentina y Uruguay &#8230;<\/p>\n","protected":false},"author":3,"featured_media":16545,"comment_status":"closed","ping_status":"closed","sticky":false,"template":"","format":"standard","meta":{"footnotes":""},"categories":[752,36,4],"tags":[186,95,1499,1195,255,923,924,1501,1500,827,1503,77,1502,301],"class_list":["post-21752","post","type-post","status-publish","format-standard","has-post-thumbnail","hentry","category-appgd","category-internacional","category-legionarios","tag-argentina","tag-colombia","tag-copa-euroamericana","tag-deportivo-cali","tag-espana","tag-juan-pablo-anor","tag-juanpi","tag-lfp-world-challenge","tag-liga-mundial","tag-malaga-cf","tag-penanol","tag-roberto-rosales","tag-san-lorenzo-de-almagro","tag-uruguay"],"_links":{"self":[{"href":"http:\/\/gradadigital.com\/home\/wp-json\/wp\/v2\/posts\/21752","targetHints":{"allow":["GET"]}}],"collection":[{"href":"http:\/\/gradadigital.com\/home\/wp-json\/wp\/v2\/posts"}],"about":[{"href":"http:\/\/gradadigital.com\/home\/wp-json\/wp\/v2\/types\/post"}],"author":[{"embeddable":true,"href":"http:\/\/gradadigital.com\/home\/wp-json\/wp\/v2\/users\/3"}],"replies":[{"embeddable":true,"href":"http:\/\/gradadigital.com\/home\/wp-json\/wp\/v2\/comments?post=21752"}],"version-history":[{"count":1,"href":"http:\/\/gradadigital.com\/home\/wp-json\/wp\/v2\/posts\/21752\/revisions"}],"predecessor-version":[{"id":21753,"href":"http:\/\/gradadigital.com\/home\/wp-json\/wp\/v2\/posts\/21752\/revisions\/21753"}],"wp:featuredmedia":[{"embeddable":true,"href":"http:\/\/gradadigital.com\/home\/wp-json\/wp\/v2\/media\/16545"}],"wp:attachment":[{"href":"http:\/\/gradadigital.com\/home\/wp-json\/wp\/v2\/media?parent=21752"}],"wp:term":[{"taxonomy":"category","embeddable":true,"href":"http:\/\/gradadigital.com\/home\/wp-json\/wp\/v2\/categories?post=21752"},{"taxonomy":"post_tag","embeddable":true,"href":"http:\/\/gradadigital.com\/home\/wp-json\/wp\/v2\/tags?post=21752"}],"curies":[{"name":"wp","href":"https:\/\/api.w.org\/{rel}","templated":true}]}}