{"id":21748,"date":"2015-07-15T17:08:26","date_gmt":"2015-07-15T21:38:26","guid":{"rendered":"http:\/\/gradadigital.com\/home\/?p=21748"},"modified":"2015-07-15T17:08:26","modified_gmt":"2015-07-15T21:38:26","slug":"presidente-de-la-auf-se-termino-la-era-blatter","status":"publish","type":"post","link":"http:\/\/gradadigital.com\/home\/presidente-de-la-auf-se-termino-la-era-blatter\/","title":{"rendered":"Presidente de la AUF: \u00abSe termin\u00f3 la era Blatter\u00bb"},"content":{"rendered":"<p style=\"text-align: center;\"><img decoding=\"async\" class=\"details-image\" draggable=\"false\" src=\"http:\/\/gradadigital.com\/home\/wp-content\/uploads\/2015\/06\/wilmar_valdez_uruguay_28062015.jpg\" alt=\"\" \/><\/p>\n<p style=\"text-align: center;\"><img decoding=\"async\" src=\"http:\/\/gradadigital.com\/home\/wp-content\/uploads\/2014\/12\/banner_opcion_comentarios_gd.jpg\" alt=\"http:\/\/gradadigital.com\/home\/wp-content\/uploads\/2014\/12\/banner_opcion_comentarios_gd.jpg\" \/><\/p>\n<p style=\"text-align: justify;\"><strong>EFE &#8211;<\/strong> El presidente de la Asociaci\u00f3n Uruguaya de F\u00fatbol (AUF), Wilmar Vald\u00e9z, dijo hoy que en la FIFA \u00abse termin\u00f3\u00bb la era Joseph Blatter, en relaci\u00f3n a la supuesta intenci\u00f3n del suizo de retractarse de su dimisi\u00f3n como presidente de la instituci\u00f3n.<\/p>\n<p style=\"text-align: justify;\">El pasado 2 de junio Blatter anunci\u00f3 su dimisi\u00f3n e inform\u00f3 de que habr\u00e1 un congreso extraordinario para elegir al nuevo mandatario del m\u00e1ximo organismo del f\u00fatbol mundial.<\/p>\n<p style=\"text-align: justify;\">El suizo hab\u00eda sido reelegido presidente el 29 de mayo, dos d\u00edas despu\u00e9s de la detenci\u00f3n de siete altos cargos de la FIFA en Suiza a petici\u00f3n de la justicia de Estados Unidos, que solicit\u00f3 su extradici\u00f3n para juzgarlos por presunta corrupci\u00f3n.<\/p>\n<p style=\"text-align: justify;\">A mediados de junio, algunas publicaciones suizas deslizaron la intenci\u00f3n de Blatter de dar marcha atr\u00e1s a su decisi\u00f3n de dimitir.<\/p>\n<p style=\"text-align: justify;\"><strong>\u00abA m\u00ed me parece que se termin\u00f3 (la era Blatter). Ser\u00eda una muy mala se\u00f1al para el f\u00fatbol, y para un organismo como la FIFA, querer volver despu\u00e9s de haber tenido unas elecciones, haber salido elegido y haber renunciado a los cuatro d\u00edas\u00bb<\/strong>, dijo Vald\u00e9z en la emisora uruguaya Sport 890.<\/p>\n<p style=\"text-align: justify;\">Preguntado por si el franc\u00e9s Michel Platini, actual presidente de la UEFA, pudiera ser elegido como nuevo mandatario de la FIFA, Vald\u00e9z se\u00f1al\u00f3 que se trata de \u00abun hombre fuerte\u00bb por su lucha contra Blatter y por el peso que tiene la UEFA a nivel econ\u00f3mico y como organizaci\u00f3n.<\/p>\n<p style=\"text-align: justify;\"><strong>\u00abEso le da una posici\u00f3n importante, pero hay que ver c\u00f3mo juegan las otras confederaciones, que tienen mucha incidencia en cuanto al voto\u00bb<\/strong>, coment\u00f3.<\/p>\n<p style=\"text-align: justify;\">El dirigente uruguayo destac\u00f3 que el f\u00fatbol est\u00e1 viviendo \u00abuna \u00e9poca complicada\u00bb con el esc\u00e1ndalo de corrupci\u00f3n que estall\u00f3 en la FIFA y que afecta tambi\u00e9n a la Conmebol y manifest\u00f3 que en el organismo sudamericano va a haber cambios porque lo contrario significar\u00eda que no se ha aprendido la lecci\u00f3n.<\/p>\n<p style=\"text-align: justify;\"><strong>\u00abNosotros estamos trabajando para ello porque creemos que esos cambios van a redundar en las propias federaciones y en los clubes, la transparencia tiene que ser total, y los beneficiados van a ser los afiliados a la Conmebol y no la propia Conmebol como instituci\u00f3n\u00bb<\/strong>, declar\u00f3 Vald\u00e9z.<\/p>\n<p style=\"text-align: justify;\">En clave local, el dirigente habl\u00f3 sobre la denuncia que present\u00f3 la Asociaci\u00f3n Nacional de F\u00fatbol Profesional (ANFP) de Chile contra siete jugadores uruguayos (Edinson Cavani, Diego God\u00edn, Fernando Muslera, Jos\u00e9 Mar\u00eda Gim\u00e9nez, Jorge Fucile, \u00c1lvaro Gonz\u00e1lez y Christian Stuani) por su actuaci\u00f3n en el partido de cuartos de final de la Copa Am\u00e9rica que enfrent\u00f3 a ambas selecciones.<\/p>\n<p style=\"text-align: justify;\"><strong>\u00abNosotros hemos presentado la defensa en funci\u00f3n de la vista que nos dio la Comisi\u00f3n Disciplinaria de la Conmebol. Todav\u00eda no tenemos resoluci\u00f3n de la apertura de expediente. Si se abre hemos presentado un escrito para estar presentes en Asunci\u00f3n (donde est\u00e1 la sede la Conmebol) y poder continuar con los descargos\u00bb<\/strong>, indic\u00f3.<\/p>\n<p style=\"text-align: center;\"><a href=\"https:\/\/play.google.com\/store\/apps\/details?id=com.app.gradadigital\" target=\"_blank\"><img decoding=\"async\" src=\"http:\/\/gradadigital.com\/home\/wp-content\/uploads\/2014\/10\/banner_aplicacion_V2_GRADADIGITAL_17102014.jpg\" alt=\"http:\/\/gradadigital.com\/home\/wp-content\/uploads\/2014\/10\/banner_aplicacion_V2_GRADADIGITAL_17102014.jpg\" \/><\/a><\/p>\n","protected":false},"excerpt":{"rendered":"<p>EFE &#8211; El presidente de la Asociaci\u00f3n Uruguaya de F\u00fatbol (AUF), Wilmar Vald\u00e9z, dijo hoy que en la FIFA \u00abse termin\u00f3\u00bb la era Joseph Blatter, en relaci\u00f3n a la supuesta intenci\u00f3n del suizo de retractarse de su dimisi\u00f3n como presidente de la instituci\u00f3n. El pasado 2 de junio Blatter anunci\u00f3 su dimisi\u00f3n e inform\u00f3 de &#8230;<\/p>\n","protected":false},"author":3,"featured_media":21267,"comment_status":"closed","ping_status":"closed","sticky":false,"template":"","format":"standard","meta":{"footnotes":""},"categories":[752,36],"tags":[1370,1371,226,110,491,1372],"class_list":["post-21748","post","type-post","status-publish","format-standard","has-post-thumbnail","hentry","category-appgd","category-internacional","tag-asociacion-uruguaya-de-futbol","tag-auf","tag-conmebol","tag-fifa","tag-joseph-blatter","tag-wilmar-valdez"],"_links":{"self":[{"href":"http:\/\/gradadigital.com\/home\/wp-json\/wp\/v2\/posts\/21748","targetHints":{"allow":["GET"]}}],"collection":[{"href":"http:\/\/gradadigital.com\/home\/wp-json\/wp\/v2\/posts"}],"about":[{"href":"http:\/\/gradadigital.com\/home\/wp-json\/wp\/v2\/types\/post"}],"author":[{"embeddable":true,"href":"http:\/\/gradadigital.com\/home\/wp-json\/wp\/v2\/users\/3"}],"replies":[{"embeddable":true,"href":"http:\/\/gradadigital.com\/home\/wp-json\/wp\/v2\/comments?post=21748"}],"version-history":[{"count":1,"href":"http:\/\/gradadigital.com\/home\/wp-json\/wp\/v2\/posts\/21748\/revisions"}],"predecessor-version":[{"id":21749,"href":"http:\/\/gradadigital.com\/home\/wp-json\/wp\/v2\/posts\/21748\/revisions\/21749"}],"wp:featuredmedia":[{"embeddable":true,"href":"http:\/\/gradadigital.com\/home\/wp-json\/wp\/v2\/media\/21267"}],"wp:attachment":[{"href":"http:\/\/gradadigital.com\/home\/wp-json\/wp\/v2\/media?parent=21748"}],"wp:term":[{"taxonomy":"category","embeddable":true,"href":"http:\/\/gradadigital.com\/home\/wp-json\/wp\/v2\/categories?post=21748"},{"taxonomy":"post_tag","embeddable":true,"href":"http:\/\/gradadigital.com\/home\/wp-json\/wp\/v2\/tags?post=21748"}],"curies":[{"name":"wp","href":"https:\/\/api.w.org\/{rel}","templated":true}]}}