{"id":21664,"date":"2015-07-12T23:33:00","date_gmt":"2015-07-13T04:03:00","guid":{"rendered":"http:\/\/gradadigital.com\/home\/?p=21664"},"modified":"2015-07-14T21:30:07","modified_gmt":"2015-07-15T02:00:07","slug":"argote-sigue-en-racha-sera-el-principal-en-semifinal-de-libertadores","status":"publish","type":"post","link":"http:\/\/gradadigital.com\/home\/argote-sigue-en-racha-sera-el-principal-en-semifinal-de-libertadores\/","title":{"rendered":"Argote sigue en racha: ser\u00e1 el principal en semifinal de Libertadores"},"content":{"rendered":"<p style=\"text-align: center;\"><img loading=\"lazy\" decoding=\"async\" class=\"alignnone size-full wp-image-21490\" src=\"http:\/\/gradadigital.com\/home\/wp-content\/uploads\/2015\/07\/jose_argote_copa_america_chile_argentina_04072015_.jpg\" alt=\"jose_argote_copa_america_chile_argentina_04072015_\" width=\"682\" height=\"455\" srcset=\"http:\/\/gradadigital.com\/home\/wp-content\/uploads\/2015\/07\/jose_argote_copa_america_chile_argentina_04072015_.jpg 682w, http:\/\/gradadigital.com\/home\/wp-content\/uploads\/2015\/07\/jose_argote_copa_america_chile_argentina_04072015_-300x200.jpg 300w\" sizes=\"auto, (max-width: 682px) 100vw, 682px\" \/><\/p>\n<p style=\"text-align: center;\"><img decoding=\"async\" src=\"http:\/\/gradadigital.com\/home\/wp-content\/uploads\/2014\/12\/banner_opcion_comentarios_gd.jpg\" alt=\"http:\/\/gradadigital.com\/home\/wp-content\/uploads\/2014\/12\/banner_opcion_comentarios_gd.jpg\" \/><\/p>\n<p style=\"text-align: justify;\"><strong>GradaDigital.com &#8211;<\/strong> El \u00e1rbitro venezolano Jos\u00e9 Argote ser\u00e1 el juez principal en el encuentro de ida entre el Internacional de Brasil y Tigres de M\u00e9xico, que se disputar\u00e1 el pr\u00f3ximo mi\u00e9rcoles, 15 de julio, por las semifinales de la Copa Libertadores 2015. El criollo estar\u00e1 acompa\u00f1ado por Jorge Urrego y Carlos L\u00f3pez como asistentes, adem\u00e1s de Jes\u00fas Valenzuela como cuarto \u00e1rbitro.<\/p>\n<p style=\"text-align: justify;\">Argote viene de destacadas actuaciones en la Copa Am\u00e9rica 2015, donde pudo ser principal en el partido de semifinal que disputaron Chile y Per\u00fa. Adem\u00e1s, fue el cuarto \u00e1rbitro en la Final de la competici\u00f3n. Las acciones de la Copa Libertadores vuelven luego de la pausa obligatoria por el m\u00e1ximo torneo de naciones de Am\u00e9rica. La otra semifinal se jugar\u00e1 este martes, 14 de julio, entre River Plate de Argentina y Guaran\u00ed de Paraguay.<\/p>\n<p style=\"text-align: center;\"><a href=\"https:\/\/play.google.com\/store\/apps\/details?id=com.app.gradadigital\" target=\"_blank\"><img loading=\"lazy\" decoding=\"async\" class=\"alignnone size-full wp-image-15415\" src=\"http:\/\/gradadigital.com\/home\/wp-content\/uploads\/2014\/10\/banner_aplicacion_V2_GRADADIGITAL_17102014.jpg\" alt=\"banner_aplicacion_V2_GRADADIGITAL_17102014\" width=\"620\" height=\"100\" srcset=\"http:\/\/gradadigital.com\/home\/wp-content\/uploads\/2014\/10\/banner_aplicacion_V2_GRADADIGITAL_17102014.jpg 620w, http:\/\/gradadigital.com\/home\/wp-content\/uploads\/2014\/10\/banner_aplicacion_V2_GRADADIGITAL_17102014-300x48.jpg 300w\" sizes=\"auto, (max-width: 620px) 100vw, 620px\" \/><\/a><\/p>\n","protected":false},"excerpt":{"rendered":"<p>GradaDigital.com &#8211; El \u00e1rbitro venezolano Jos\u00e9 Argote ser\u00e1 el juez principal en el encuentro de ida entre el Internacional de Brasil y Tigres de M\u00e9xico, que se disputar\u00e1 el pr\u00f3ximo mi\u00e9rcoles, 15 de julio, por las semifinales de la Copa Libertadores 2015. El criollo estar\u00e1 acompa\u00f1ado por Jorge Urrego y Carlos L\u00f3pez como asistentes, adem\u00e1s &#8230;<\/p>\n","protected":false},"author":4,"featured_media":21490,"comment_status":"closed","ping_status":"closed","sticky":false,"template":"","format":"standard","meta":{"footnotes":""},"categories":[752,37,36],"tags":[1040,348,1479,1854,1477,1480,1403,1402,102,1478],"class_list":["post-21664","post","type-post","status-publish","format-standard","has-post-thumbnail","hentry","category-appgd","category-copa-libertadores","category-internacional","tag-arbitro","tag-brasil","tag-carlos-lopez","tag-copa-libertadores","tag-internacional","tag-jesus-valenzuela","tag-jorge-urrego","tag-jose-argote","tag-mexico","tag-tigres"],"_links":{"self":[{"href":"http:\/\/gradadigital.com\/home\/wp-json\/wp\/v2\/posts\/21664","targetHints":{"allow":["GET"]}}],"collection":[{"href":"http:\/\/gradadigital.com\/home\/wp-json\/wp\/v2\/posts"}],"about":[{"href":"http:\/\/gradadigital.com\/home\/wp-json\/wp\/v2\/types\/post"}],"author":[{"embeddable":true,"href":"http:\/\/gradadigital.com\/home\/wp-json\/wp\/v2\/users\/4"}],"replies":[{"embeddable":true,"href":"http:\/\/gradadigital.com\/home\/wp-json\/wp\/v2\/comments?post=21664"}],"version-history":[{"count":3,"href":"http:\/\/gradadigital.com\/home\/wp-json\/wp\/v2\/posts\/21664\/revisions"}],"predecessor-version":[{"id":21721,"href":"http:\/\/gradadigital.com\/home\/wp-json\/wp\/v2\/posts\/21664\/revisions\/21721"}],"wp:featuredmedia":[{"embeddable":true,"href":"http:\/\/gradadigital.com\/home\/wp-json\/wp\/v2\/media\/21490"}],"wp:attachment":[{"href":"http:\/\/gradadigital.com\/home\/wp-json\/wp\/v2\/media?parent=21664"}],"wp:term":[{"taxonomy":"category","embeddable":true,"href":"http:\/\/gradadigital.com\/home\/wp-json\/wp\/v2\/categories?post=21664"},{"taxonomy":"post_tag","embeddable":true,"href":"http:\/\/gradadigital.com\/home\/wp-json\/wp\/v2\/tags?post=21664"}],"curies":[{"name":"wp","href":"https:\/\/api.w.org\/{rel}","templated":true}]}}