{"id":21652,"date":"2015-07-12T22:48:03","date_gmt":"2015-07-13T03:18:03","guid":{"rendered":"http:\/\/gradadigital.com\/home\/?p=21652"},"modified":"2015-07-12T22:48:03","modified_gmt":"2015-07-13T03:18:03","slug":"caracas-fue-contundente-en-puerto-ayacucho","status":"publish","type":"post","link":"http:\/\/gradadigital.com\/home\/caracas-fue-contundente-en-puerto-ayacucho\/","title":{"rendered":"Caracas fue contundente en Puerto Ayacucho"},"content":{"rendered":"<p style=\"text-align: center;\"><img loading=\"lazy\" decoding=\"async\" class=\"alignnone size-full wp-image-21653\" src=\"http:\/\/gradadigital.com\/home\/wp-content\/uploads\/2015\/07\/once_caracas_tucanes_caracas_12072015.jpg\" alt=\"once_caracas_tucanes_caracas_12072015\" width=\"682\" height=\"455\" srcset=\"http:\/\/gradadigital.com\/home\/wp-content\/uploads\/2015\/07\/once_caracas_tucanes_caracas_12072015.jpg 682w, http:\/\/gradadigital.com\/home\/wp-content\/uploads\/2015\/07\/once_caracas_tucanes_caracas_12072015-300x200.jpg 300w\" sizes=\"auto, (max-width: 682px) 100vw, 682px\" \/><\/p>\n<p style=\"text-align: center;\"><img loading=\"lazy\" decoding=\"async\" class=\"alignnone size-full wp-image-16349\" src=\"http:\/\/gradadigital.com\/home\/wp-content\/uploads\/2014\/12\/banner_opcion_comentarios_gd.jpg\" alt=\"banner_opcion_comentarios_gd\" width=\"621\" height=\"41\" srcset=\"http:\/\/gradadigital.com\/home\/wp-content\/uploads\/2014\/12\/banner_opcion_comentarios_gd.jpg 621w, http:\/\/gradadigital.com\/home\/wp-content\/uploads\/2014\/12\/banner_opcion_comentarios_gd-300x19.jpg 300w, http:\/\/gradadigital.com\/home\/wp-content\/uploads\/2014\/12\/banner_opcion_comentarios_gd-620x41.jpg 620w\" sizes=\"auto, (max-width: 621px) 100vw, 621px\" \/><\/p>\n<p style=\"text-align: justify;\"><strong>PRENSA CFC.-<\/strong>\u00a0Caracas F\u00fatbol Club arranc\u00f3 el Torneo Adecuaci\u00f3n con una goleada 4 por 0 sobre Tucanes de Amazonas, en partido de la primera fecha y que tuvo como sede al Estadio Antonio Jos\u00e9 de Sucre de Puerto Ayacucho.<\/p>\n<p style=\"text-align: justify;\">El once de Eduardo Sarag\u00f3 apost\u00f3 por los juveniles Far\u00ed\u00f1ez y C\u00f3rdova, as\u00ed como las caras nuevas que llegaron para este semestre como el central William D\u00edaz y el atacante Armando Maita, tomando en cuenta las ausencias por lesi\u00f3n de Alain Baroja y R\u00f3mulo Otero.<\/p>\n<p style=\"text-align: justify;\">Caracas fue m\u00e1s desde el pitazo inicial y con el paso de los minutos desnud\u00f3 las deficiencias del rival, ajust\u00e1ndose a un c\u00e9sped duro que no facilitaba el traslado del bal\u00f3n. El Rojo abri\u00f3 el marcador a los 15 minutos tras un saque de banda y en donde Armando Maita consigui\u00f3 ganarse espacio por la izquierda y su centro rastrero encontr\u00f3 a Sergio C\u00f3rdova quien se estren\u00f3 como goleador en primera divisi\u00f3n.<\/p>\n<p style=\"text-align: justify;\">Tucanes no tuvo claridad en el medio sector y pocas veces inquiet\u00f3 la meta defendida por el debutante en el torneo local (ya jug\u00f3 en Copa Venezuela) Wuilker Far\u00ed\u00f1ez. Si de algo no puede quejarse el elenco avile\u00f1o fue de su efectividad en el \u00faltimo cuarto de cancha y en la fracci\u00f3n 30 apareci\u00f3 el segundo tanto por intermedio de Edder Far\u00edas, quien defini\u00f3 en el \u00e1rea chica tras un tiro de esquina que fue desviado por la testa de Maita para dejarlo solo frente a la puerta.<\/p>\n<p style=\"text-align: justify;\">\u201cEstoy contento por este momento que estoy viviendo de cara al gol y lo m\u00e1s importante es que esos goles sirvan para darle triunfos al equipo y m\u00e1s en una cancha tan complicada como esta\u201d sentenci\u00f3 un Far\u00edas que extendi\u00f3 a 8 su cadena de partidos anotando-<\/p>\n<p style=\"text-align: justify;\">Con tres minutos de tiempo a\u00f1adido, Caracas no desaceler\u00f3 y como resultado llegaron dos goles. Armando Maita, uno de los mejores en la etapa inicial, mostr\u00f3 su olfato goleador y de cabeza respondi\u00f3 a un mal rebote que sorprendi\u00f3 al portero V\u00edctor Rivero. Para sellar el resultado, Edder Far\u00edas consigui\u00f3 el bis luego de otro rechazo del cancerbero amaz\u00f3nico tras un remate del propio dorsal \u201c9\u201d del rojo.<\/p>\n<p style=\"text-align: justify;\">Para el complemento los due\u00f1os de casa agotaron las sustituciones e intentaron maquillar el resultado, mientras el equipo de Eduardo Sarag\u00f3 manejaba el escenario, trataba de controlar el medio campo y aprovechar los espacios que le permitiera un equipo lanzado al ataque.<\/p>\n<p style=\"text-align: justify;\">El quinto tanto estuvo cerca al cumplirse la media hora, bal\u00f3n que recuper\u00f3 Sergio C\u00f3rdova por el flanco derecho y su centro fue correspondido por Far\u00edas quien remat\u00f3 muy cerca del poste opuesto.<\/p>\n<p style=\"text-align: justify;\">En el cierre Christian Flores tambi\u00e9n tuvo su oportunidad y dentro del \u00e1rea remat\u00f3 con fuerza pero los pu\u00f1os de Rivero impidieron la nueva celebraci\u00f3n. La pr\u00f3xima semana el equipo avile\u00f1o tendr\u00e1 su primer partido en casa cuando reciba a Deportivo Lara.<\/p>\n<p style=\"text-align: center;\"><a href=\"https:\/\/play.google.com\/store\/apps\/details?id=com.app.gradadigital\" target=\"_blank\"><img loading=\"lazy\" decoding=\"async\" class=\"alignnone size-full wp-image-15415\" src=\"http:\/\/gradadigital.com\/home\/wp-content\/uploads\/2014\/10\/banner_aplicacion_V2_GRADADIGITAL_17102014.jpg\" alt=\"banner_aplicacion_V2_GRADADIGITAL_17102014\" width=\"620\" height=\"100\" srcset=\"http:\/\/gradadigital.com\/home\/wp-content\/uploads\/2014\/10\/banner_aplicacion_V2_GRADADIGITAL_17102014.jpg 620w, http:\/\/gradadigital.com\/home\/wp-content\/uploads\/2014\/10\/banner_aplicacion_V2_GRADADIGITAL_17102014-300x48.jpg 300w\" sizes=\"auto, (max-width: 620px) 100vw, 620px\" \/><\/a><\/p>\n<p style=\"text-align: justify;\">FICHA T\u00c9CNICA:<\/p>\n<p style=\"text-align: justify;\">TUCANES: V\u00edctor Rivero, Robert D\u00edaz, Javier Bol\u00edvar (Jorge Trejo 43), Gregory Lancken, Eduardo Graterol, Orlando P\u00e9rez, Horacio C\u00e1rdenas (Norman Cabrera 46), Diego Yavinape (Carlos Gonz\u00e1lez 46), Harrison Contreras, Arbey Mosquera y Kleudes Garc\u00eda. DT: Sa\u00fal Maldonado<\/p>\n<p style=\"text-align: justify;\">CARACAS FC: Wuilker Far\u00ed\u00f1ez, Francisco Carabal\u00ed, William D\u00edaz, Gi\u00e1como Di Giorgi, Rubert Quijada, Miguel Mea Vitali, Robert Garc\u00e9s, Sergio C\u00f3rdova (Jefre Vargas 80), F\u00e9lix C\u00e1sseres (Leomar Pinto 65), Armando Maita (Christian Flores 78) y Edder Far\u00edas. DT: Eduardo Sarag\u00f3<\/p>\n<p style=\"text-align: justify;\">GOLES: Sergio C\u00f3rdova (CFC) min.15, Edder Far\u00edas (CFC) min.30 y 45+3, Armando Maita (CFC) min. 45+1<\/p>\n<p style=\"text-align: justify;\">AMONESTADOS: Diego Yavinape (Tuc) min.15<\/p>\n<p style=\"text-align: justify;\">\u00c1rbitro Principal: Orlando Bracamonte (Portuguesa)<\/p>\n<p style=\"text-align: justify;\">Estadio Antonio Jos\u00e9 de Sucre<\/p>\n<p style=\"text-align: justify;\">12 de julio de 2015<\/p>\n","protected":false},"excerpt":{"rendered":"<p>PRENSA CFC.-\u00a0Caracas F\u00fatbol Club arranc\u00f3 el Torneo Adecuaci\u00f3n con una goleada 4 por 0 sobre Tucanes de Amazonas, en partido de la primera fecha y que tuvo como sede al Estadio Antonio Jos\u00e9 de Sucre de Puerto Ayacucho. El once de Eduardo Sarag\u00f3 apost\u00f3 por los juveniles Far\u00ed\u00f1ez y C\u00f3rdova, as\u00ed como las caras nuevas &#8230;<\/p>\n","protected":false},"author":4,"featured_media":21653,"comment_status":"closed","ping_status":"closed","sticky":false,"template":"","format":"standard","meta":{"footnotes":""},"categories":[752,9,5,31,28],"tags":[],"class_list":["post-21652","post","type-post","status-publish","format-standard","has-post-thumbnail","hentry","category-appgd","category-caracas-fc","category-futbol-nacional","category-primera-division","category-tucanes-amazonas"],"_links":{"self":[{"href":"http:\/\/gradadigital.com\/home\/wp-json\/wp\/v2\/posts\/21652","targetHints":{"allow":["GET"]}}],"collection":[{"href":"http:\/\/gradadigital.com\/home\/wp-json\/wp\/v2\/posts"}],"about":[{"href":"http:\/\/gradadigital.com\/home\/wp-json\/wp\/v2\/types\/post"}],"author":[{"embeddable":true,"href":"http:\/\/gradadigital.com\/home\/wp-json\/wp\/v2\/users\/4"}],"replies":[{"embeddable":true,"href":"http:\/\/gradadigital.com\/home\/wp-json\/wp\/v2\/comments?post=21652"}],"version-history":[{"count":1,"href":"http:\/\/gradadigital.com\/home\/wp-json\/wp\/v2\/posts\/21652\/revisions"}],"predecessor-version":[{"id":21654,"href":"http:\/\/gradadigital.com\/home\/wp-json\/wp\/v2\/posts\/21652\/revisions\/21654"}],"wp:featuredmedia":[{"embeddable":true,"href":"http:\/\/gradadigital.com\/home\/wp-json\/wp\/v2\/media\/21653"}],"wp:attachment":[{"href":"http:\/\/gradadigital.com\/home\/wp-json\/wp\/v2\/media?parent=21652"}],"wp:term":[{"taxonomy":"category","embeddable":true,"href":"http:\/\/gradadigital.com\/home\/wp-json\/wp\/v2\/categories?post=21652"},{"taxonomy":"post_tag","embeddable":true,"href":"http:\/\/gradadigital.com\/home\/wp-json\/wp\/v2\/tags?post=21652"}],"curies":[{"name":"wp","href":"https:\/\/api.w.org\/{rel}","templated":true}]}}