{"id":21625,"date":"2015-07-12T13:36:18","date_gmt":"2015-07-12T18:06:18","guid":{"rendered":"http:\/\/gradadigital.com\/home\/?p=21625"},"modified":"2015-07-12T13:36:18","modified_gmt":"2015-07-12T18:06:18","slug":"gabriel-cichero-regresa-al-fc-sion-de-suiza","status":"publish","type":"post","link":"http:\/\/gradadigital.com\/home\/gabriel-cichero-regresa-al-fc-sion-de-suiza\/","title":{"rendered":"Gabriel Cichero regresa al FC Sion de Suiza"},"content":{"rendered":"<p style=\"text-align: center;\"><img decoding=\"async\" class=\"details-image\" draggable=\"false\" src=\"http:\/\/gradadigital.com\/home\/wp-content\/uploads\/2015\/07\/gabriel_cichero_sion_suiza_11072015.jpg\" alt=\"\" \/><\/p>\n<p style=\"text-align: center;\"><img decoding=\"async\" src=\"http:\/\/gradadigital.com\/home\/wp-content\/uploads\/2014\/12\/banner_opcion_comentarios_gd.jpg\" alt=\"http:\/\/gradadigital.com\/home\/wp-content\/uploads\/2014\/12\/banner_opcion_comentarios_gd.jpg\" \/><\/p>\n<p style=\"text-align: justify;\"><strong>Eduardo Contreras &#8211;<\/strong> El defensor venezolano Gabriel Cichero est\u00e1 de vuelta en el FC Sion de la Super League de Suiza luego de un a\u00f1o, tras cumplir su\u00a0pr\u00e9stamo en Mineros de Guayana. El internacional vinotinto, quien ha estado entrenando desde el inicio de la semana con el club suizo, regresa a Valais con el visto bueno del director t\u00e9cnico, el franc\u00e9s\u00a0Didier Tholot, quien tiene la intenci\u00f3n de mantenerlo en su plantilla.<\/p>\n<p style=\"text-align: justify;\"><strong>\u00ab\u00c9l estar\u00e1 con nosotros, vi su partido con la Selecci\u00f3n Nacional frente a Brasil y lo que ha mostrado desde el comienzo de la semana refuerza mi decisi\u00f3n. Nos dar\u00e1 una soluci\u00f3n defensiva adicional en el lateral izquierdo con un toque t\u00e9cnico y una fuerte presencia en el aire. No hay que olvidar que lleg\u00f3 lesionado durante su primera\u00a0 estad\u00eda aqu\u00ed\u00bb<\/strong>, dijo\u00a0el entrenador del FC Sion, Didier Tholot, quien tuvo la oportunidad de apreciar las cualidades del jugador criollo en la Ligue 2 de Francia.<\/p>\n<p style=\"text-align: justify;\">Por su parte, Gabriel Cichero, quien tendr\u00e1 como compa\u00f1ero al barin\u00e9s Pedro Ram\u00edrez, escribi\u00f3 en su cuenta en la red social Twitter lo siguiente: <strong>\u00abContento de retornar al FC Sion y tener a un compatriota como compa\u00f1ero. Un saludo Vinotinto\u00bb<\/strong>.<\/p>\n<p style=\"text-align: justify;\">Cichero, quien todav\u00eda tiene un a\u00f1o de contrato, lleg\u00f3 al FC Sion en enero de 2014 procedente del FC Nantes y disput\u00f3 8 partidos, todos como titular, antes de regresar al f\u00fatbol venezolano.<\/p>\n<p style=\"text-align: center;\"><a href=\"https:\/\/play.google.com\/store\/apps\/details?id=com.app.gradadigital\" target=\"_blank\"><img decoding=\"async\" src=\"http:\/\/gradadigital.com\/home\/wp-content\/uploads\/2014\/10\/banner_aplicacion_V2_GRADADIGITAL_17102014.jpg\" alt=\"http:\/\/gradadigital.com\/home\/wp-content\/uploads\/2014\/10\/banner_aplicacion_V2_GRADADIGITAL_17102014.jpg\" \/><\/a><\/p>\n","protected":false},"excerpt":{"rendered":"<p>Eduardo Contreras &#8211; El defensor venezolano Gabriel Cichero est\u00e1 de vuelta en el FC Sion de la Super League de Suiza luego de un a\u00f1o, tras cumplir su\u00a0pr\u00e9stamo en Mineros de Guayana. El internacional vinotinto, quien ha estado entrenando desde el inicio de la semana con el club suizo, regresa a Valais con el visto &#8230;<\/p>\n","protected":false},"author":3,"featured_media":21624,"comment_status":"closed","ping_status":"closed","sticky":false,"template":"","format":"standard","meta":{"footnotes":""},"categories":[752,36,4],"tags":[1461,1460,829,1843,421,562,1095],"class_list":["post-21625","post","type-post","status-publish","format-standard","has-post-thumbnail","hentry","category-appgd","category-internacional","category-legionarios","tag-didier-tholot","tag-fc-sion","tag-gabriel-cichero","tag-mineros-de-guayana","tag-pedro-ramirez","tag-suiza","tag-super-league"],"_links":{"self":[{"href":"http:\/\/gradadigital.com\/home\/wp-json\/wp\/v2\/posts\/21625","targetHints":{"allow":["GET"]}}],"collection":[{"href":"http:\/\/gradadigital.com\/home\/wp-json\/wp\/v2\/posts"}],"about":[{"href":"http:\/\/gradadigital.com\/home\/wp-json\/wp\/v2\/types\/post"}],"author":[{"embeddable":true,"href":"http:\/\/gradadigital.com\/home\/wp-json\/wp\/v2\/users\/3"}],"replies":[{"embeddable":true,"href":"http:\/\/gradadigital.com\/home\/wp-json\/wp\/v2\/comments?post=21625"}],"version-history":[{"count":1,"href":"http:\/\/gradadigital.com\/home\/wp-json\/wp\/v2\/posts\/21625\/revisions"}],"predecessor-version":[{"id":21626,"href":"http:\/\/gradadigital.com\/home\/wp-json\/wp\/v2\/posts\/21625\/revisions\/21626"}],"wp:featuredmedia":[{"embeddable":true,"href":"http:\/\/gradadigital.com\/home\/wp-json\/wp\/v2\/media\/21624"}],"wp:attachment":[{"href":"http:\/\/gradadigital.com\/home\/wp-json\/wp\/v2\/media?parent=21625"}],"wp:term":[{"taxonomy":"category","embeddable":true,"href":"http:\/\/gradadigital.com\/home\/wp-json\/wp\/v2\/categories?post=21625"},{"taxonomy":"post_tag","embeddable":true,"href":"http:\/\/gradadigital.com\/home\/wp-json\/wp\/v2\/tags?post=21625"}],"curies":[{"name":"wp","href":"https:\/\/api.w.org\/{rel}","templated":true}]}}