{"id":21567,"date":"2015-07-10T08:54:01","date_gmt":"2015-07-10T13:24:01","guid":{"rendered":"http:\/\/gradadigital.com\/home\/?p=21567"},"modified":"2015-07-10T08:54:01","modified_gmt":"2015-07-10T13:24:01","slug":"el-futbol-colombiano-regresa-este-fin-de-semana","status":"publish","type":"post","link":"http:\/\/gradadigital.com\/home\/el-futbol-colombiano-regresa-este-fin-de-semana\/","title":{"rendered":"El f\u00fatbol colombiano regresa este fin de semana"},"content":{"rendered":"<p style=\"text-align: center;\"><img decoding=\"async\" class=\"details-image\" draggable=\"false\" src=\"http:\/\/gradadigital.com\/home\/wp-content\/uploads\/2014\/08\/alejandro_guerra_laguaira_atlnacional_20082014.jpg\" alt=\"\" \/><\/p>\n<p style=\"text-align: center;\"><img decoding=\"async\" src=\"http:\/\/gradadigital.com\/home\/wp-content\/uploads\/2014\/12\/banner_opcion_comentarios_gd.jpg\" alt=\"http:\/\/gradadigital.com\/home\/wp-content\/uploads\/2014\/12\/banner_opcion_comentarios_gd.jpg\" \/><\/p>\n<p style=\"text-align: justify;\"><strong>EFE &#8211;<\/strong> Tras la disputa de la Copa Am\u00e9rica que gan\u00f3 Chile, el f\u00fatbol colombiano regresa este fin de semana con el Torneo Finalizaci\u00f3n, en el que el Deportivo Cali defender\u00e1 su condici\u00f3n de campe\u00f3n, mientras <strong>equipos como Santa Fe, Nacional y Caldas, con nuevos t\u00e9cnicos, ya piensan en ser protagonistas<\/strong>.<\/p>\n<p style=\"text-align: justify;\">El partido entre Alianza Petrolera y Uniaut\u00f3noma ser\u00e1 el primero y el \u00fanico en disputarse este viernes, mientras que el resto de la jornada se jugar\u00e1 entre s\u00e1bado y domingo.<\/p>\n<p style=\"text-align: justify;\">El Cali, ganador del Torneo Apertura, ha dado vuelta a la p\u00e1gina, pues seg\u00fan su t\u00e9cnico Fernando Castro, \u00abno hay que dar ventajas porque el f\u00fatbol colombiano es duro, cuatro partidos malos y ya piden la cabeza del t\u00e9cnico\u00bb.<\/p>\n<p style=\"text-align: justify;\"><strong>Entre los cambios destacados en este torneo est\u00e1 la llegada de nuevos t\u00e9cnicos a equipos como Santa Fe, que estar\u00e1 dirigido por el uruguayo Gerardo Pelusso<\/strong>.<\/p>\n<p style=\"text-align: justify;\">El entrenador buscar\u00e1 cumplir un buen papel como hizo su antecesor, el argentino Gustavo Costas, quien consigui\u00f3 que el equipo se alzase como campe\u00f3n en el Torneo Finalizaci\u00f3n de 2014.<\/p>\n<p style=\"text-align: justify;\">Pelusso tendr\u00e1 que reorganizar al equipo tras la salida de dos de los jugadores que fueron fundamentales en el grupo, los volantes Luis Carlos Arias y Daniel Torres, que ahora son jugadores del Independiente Medell\u00edn.<\/p>\n<p style=\"text-align: justify;\"><strong>Por su parte, Atl\u00e9tico Nacional cuenta con Reinaldo Rueda, quien regresa a dirigir a un club luego de estar al frente de las selecciones de Honduras y Ecuador en los Mundiales de Sud\u00e1frica 2010 y Brasil 2014, respectivamente<\/strong>.<\/p>\n<p style=\"text-align: justify;\">Rueda tendr\u00e1 la labor de hacer que la hinchada verde olvide al t\u00e9cnico Juan Carlos Osorio, quien entre 2012 y 2014 les entreg\u00f3 tres t\u00edtulos de la Liga local, dos Copas Colombia y una Superliga.<\/p>\n<p style=\"text-align: justify;\">Para este torneo, Nacional volver\u00e1 a contar con el volante Alexander Mej\u00eda, quien fue prestado por los Rayados de Monterrey, y jug\u00f3 el Mundial de Brasil y la Copa Am\u00e9rica con la selecci\u00f3n colombiana de f\u00fatbol.<\/p>\n<p style=\"text-align: justify;\"><strong>Entre tanto, el Once Caldas de Manizales, tendr\u00e1 como nuevo timonel al argentino Javier Torrente, disc\u00edpulo de Marcelo Bielsa, y quien espera mostrar lo aprendido de su maestro para tratar de devolverle al equipo el protagonismo que perdi\u00f3 en los \u00faltimos campeonatos<\/strong>.<\/p>\n<p style=\"text-align: justify;\">Equipos como Millonarios, que le dio continuidad al t\u00e9cnico argentino Ricardo Lunari, y el Medell\u00edn, de la mano de Leonel \u00c1lvarez, esperan tambi\u00e9n dar la lucha por cerrar el a\u00f1o como protagonistas de la liga local.<\/p>\n<p style=\"text-align: justify;\">Y mientras los llamados \u00abclubes grandes\u00bb esperan destacar en el torneo, otros como Uniaut\u00f3noma, C\u00facuta y Cortulu\u00e1 luchar\u00e1n por hacer un buena competici\u00f3n que los aleje del fantasma del descenso.<\/p>\n<p style=\"text-align: justify;\"><strong>La primera jornada del campeonato dejar\u00e1 aplazado el partido entre Boyac\u00e1 Chic\u00f3 y Deportes Tolima por la remodelaci\u00f3n del estadio La Independencia de Tunja<\/strong>.<\/p>\n<p style=\"text-align: justify;\"><strong>Partidos de la primera jornada del Torneo Finalizaci\u00f3n 2015:<\/strong><\/p>\n<p style=\"text-align: justify;\"><strong>Viernes, 10 de julio<\/strong><br \/>\nAlianza Petrolera &#8211; Uniaut\u00f3noma<\/p>\n<p style=\"text-align: justify;\"><strong>S\u00e1bado, 11 de julio<br \/>\n<\/strong>Envigado &#8211; Cortulu\u00e1<br \/>\nJunior &#8211; C\u00facuta Deportivo<br \/>\nIndependiente Medell\u00edn &#8211; <strong>Once Caldas<\/strong><\/p>\n<p style=\"text-align: justify;\"><strong>Domingo, 12 de julio<\/strong><br \/>\nAtl\u00e9tico Huila &#8211; Patriotas<br \/>\n\u00c1guilas Doradas &#8211; <strong>Atl\u00e9tico Nacional<\/strong><br \/>\n<strong>Santa Fe<\/strong> &#8211; La Equidad<br \/>\n<strong>Deportivo Pasto<\/strong> &#8211; Millonarios<br \/>\nDeportivo Cali &#8211; <strong>Jaguares<\/strong><\/p>\n<p style=\"text-align: center;\"><a href=\"https:\/\/play.google.com\/store\/apps\/details?id=com.app.gradadigital\" target=\"_blank\"><img decoding=\"async\" src=\"http:\/\/gradadigital.com\/home\/wp-content\/uploads\/2014\/10\/banner_aplicacion_V2_GRADADIGITAL_17102014.jpg\" alt=\"http:\/\/gradadigital.com\/home\/wp-content\/uploads\/2014\/10\/banner_aplicacion_V2_GRADADIGITAL_17102014.jpg\" \/><\/a><\/p>\n","protected":false},"excerpt":{"rendered":"<p>EFE &#8211; Tras la disputa de la Copa Am\u00e9rica que gan\u00f3 Chile, el f\u00fatbol colombiano regresa este fin de semana con el Torneo Finalizaci\u00f3n, en el que el Deportivo Cali defender\u00e1 su condici\u00f3n de campe\u00f3n, mientras equipos como Santa Fe, Nacional y Caldas, con nuevos t\u00e9cnicos, ya piensan en ser protagonistas. El partido entre Alianza &#8230;<\/p>\n","protected":false},"author":3,"featured_media":14431,"comment_status":"closed","ping_status":"closed","sticky":false,"template":"","format":"standard","meta":{"footnotes":""},"categories":[752,36,4],"tags":[850,851,1454,1450,1050,476,113,1452,1453,1048,1451,1145,500],"class_list":["post-21567","post","type-post","status-publish","format-standard","has-post-thumbnail","hentry","category-appgd","category-internacional","category-legionarios","tag-alejandro-guerra","tag-atletico-nacional","tag-boyaca-chico","tag-colombia-luis-manuel-seijas","tag-deportivo-pasto","tag-franklin-lucena","tag-independiente-santa-fe","tag-jaguares-de-cordoba","tag-jesus-meza","tag-marlon-fernandez","tag-once-caldas","tag-primera-a","tag-wuiswell-isea"],"_links":{"self":[{"href":"http:\/\/gradadigital.com\/home\/wp-json\/wp\/v2\/posts\/21567","targetHints":{"allow":["GET"]}}],"collection":[{"href":"http:\/\/gradadigital.com\/home\/wp-json\/wp\/v2\/posts"}],"about":[{"href":"http:\/\/gradadigital.com\/home\/wp-json\/wp\/v2\/types\/post"}],"author":[{"embeddable":true,"href":"http:\/\/gradadigital.com\/home\/wp-json\/wp\/v2\/users\/3"}],"replies":[{"embeddable":true,"href":"http:\/\/gradadigital.com\/home\/wp-json\/wp\/v2\/comments?post=21567"}],"version-history":[{"count":1,"href":"http:\/\/gradadigital.com\/home\/wp-json\/wp\/v2\/posts\/21567\/revisions"}],"predecessor-version":[{"id":21568,"href":"http:\/\/gradadigital.com\/home\/wp-json\/wp\/v2\/posts\/21567\/revisions\/21568"}],"wp:featuredmedia":[{"embeddable":true,"href":"http:\/\/gradadigital.com\/home\/wp-json\/wp\/v2\/media\/14431"}],"wp:attachment":[{"href":"http:\/\/gradadigital.com\/home\/wp-json\/wp\/v2\/media?parent=21567"}],"wp:term":[{"taxonomy":"category","embeddable":true,"href":"http:\/\/gradadigital.com\/home\/wp-json\/wp\/v2\/categories?post=21567"},{"taxonomy":"post_tag","embeddable":true,"href":"http:\/\/gradadigital.com\/home\/wp-json\/wp\/v2\/tags?post=21567"}],"curies":[{"name":"wp","href":"https:\/\/api.w.org\/{rel}","templated":true}]}}