{"id":21536,"date":"2015-07-08T16:36:13","date_gmt":"2015-07-08T21:06:13","guid":{"rendered":"http:\/\/gradadigital.com\/home\/?p=21536"},"modified":"2015-07-08T20:08:28","modified_gmt":"2015-07-09T00:38:28","slug":"metropolitanos-fc-se-muda-al-olimpico-de-la-ucv","status":"publish","type":"post","link":"http:\/\/gradadigital.com\/home\/metropolitanos-fc-se-muda-al-olimpico-de-la-ucv\/","title":{"rendered":"Metropolitanos FC se muda al Ol\u00edmpico de la UCV"},"content":{"rendered":"<p style=\"text-align: center;\"><img decoding=\"async\" class=\"details-image\" draggable=\"false\" src=\"http:\/\/gradadigital.com\/home\/wp-content\/uploads\/2014\/08\/caracas_metropolitanos_14082014_2.jpg\" alt=\"\" \/><\/p>\n<p style=\"text-align: center;\"><img decoding=\"async\" src=\"http:\/\/gradadigital.com\/home\/wp-content\/uploads\/2014\/12\/banner_opcion_comentarios_gd.jpg\" alt=\"http:\/\/gradadigital.com\/home\/wp-content\/uploads\/2014\/12\/banner_opcion_comentarios_gd.jpg\" \/><\/p>\n<p style=\"text-align: justify;\"><strong>Alan Navarro \/ Prensa Metropolitanos FC &#8211;<\/strong> Los cambios en la historia son sin\u00f3nimo de crecimiento y evoluci\u00f3n, es por ello que la directiva de Metropolitanos FC en su apuesta por el desarrollo de la instituci\u00f3n en el F\u00fatbol Profesional Venezolano anuncia de manera oficial que el Estadio Ol\u00edmpico de la UCV ser\u00e1 el nuevo hogar del equipo Violeta.<\/p>\n<p style=\"text-align: justify;\">El coso de chaguaramos a trav\u00e9s del tiempo ha albergado grandes encuentros tanto de clubes como de la selecci\u00f3n. Ahora le lleg\u00f3 el turno a Metropolitanos FC que busca una mejora en lo deportivo, comenzando a jugar en este recinto a partir del Torneo de Adecuaci\u00f3n.<\/p>\n<p style=\"text-align: justify;\">El estadio Ol\u00edmpico, con una capacidad de 30 mil espectadores, podr\u00e1 tener otro espect\u00e1culo semanal ya que por motivos de calendario, el club pasar\u00e1 a jugar los d\u00edas s\u00e1bado a las 5:00 pm.<\/p>\n<p style=\"text-align: justify;\">Con este cambio de escenario, la directiva tambi\u00e9n apuesta al crecimiento de los fan\u00e1ticos del equipo violeta y aficionados al f\u00fatbol venezolano en las gradas debido a las comodidades que dicha estructura presta, al igual que su f\u00e1cil acceso a trav\u00e9s del transporte p\u00fablico.<\/p>\n<p style=\"text-align: justify;\">Faltan pocas horas para que comience a rodar el bal\u00f3n en el Torneo Adecuaci\u00f3n y con ello, se comienza a escribir una nueva p\u00e1gina en la historia de Metropolitanos FC en el balompi\u00e9 nacional con los objetivos claros y dispuestos a conquistarlo.<\/p>\n<p style=\"text-align: center;\"><a href=\"https:\/\/play.google.com\/store\/apps\/details?id=com.app.gradadigital\" target=\"_blank\"><img decoding=\"async\" src=\"http:\/\/gradadigital.com\/home\/wp-content\/uploads\/2014\/10\/banner_aplicacion_V2_GRADADIGITAL_17102014.jpg\" alt=\"http:\/\/gradadigital.com\/home\/wp-content\/uploads\/2014\/10\/banner_aplicacion_V2_GRADADIGITAL_17102014.jpg\" \/><\/a><\/p>\n","protected":false},"excerpt":{"rendered":"<p>Alan Navarro \/ Prensa Metropolitanos FC &#8211; Los cambios en la historia son sin\u00f3nimo de crecimiento y evoluci\u00f3n, es por ello que la directiva de Metropolitanos FC en su apuesta por el desarrollo de la instituci\u00f3n en el F\u00fatbol Profesional Venezolano anuncia de manera oficial que el Estadio Ol\u00edmpico de la UCV ser\u00e1 el nuevo &#8230;<\/p>\n","protected":false},"author":3,"featured_media":14081,"comment_status":"closed","ping_status":"closed","sticky":false,"template":"","format":"standard","meta":{"footnotes":""},"categories":[752,5,746,31],"tags":[878,1858,1443],"class_list":["post-21536","post","type-post","status-publish","format-standard","has-post-thumbnail","hentry","category-appgd","category-futbol-nacional","category-metropolitanos-fc","category-primera-division","tag-estadio-olimpico-de-la-ucv","tag-metropolitanos-fc","tag-violeta"],"_links":{"self":[{"href":"http:\/\/gradadigital.com\/home\/wp-json\/wp\/v2\/posts\/21536","targetHints":{"allow":["GET"]}}],"collection":[{"href":"http:\/\/gradadigital.com\/home\/wp-json\/wp\/v2\/posts"}],"about":[{"href":"http:\/\/gradadigital.com\/home\/wp-json\/wp\/v2\/types\/post"}],"author":[{"embeddable":true,"href":"http:\/\/gradadigital.com\/home\/wp-json\/wp\/v2\/users\/3"}],"replies":[{"embeddable":true,"href":"http:\/\/gradadigital.com\/home\/wp-json\/wp\/v2\/comments?post=21536"}],"version-history":[{"count":4,"href":"http:\/\/gradadigital.com\/home\/wp-json\/wp\/v2\/posts\/21536\/revisions"}],"predecessor-version":[{"id":21540,"href":"http:\/\/gradadigital.com\/home\/wp-json\/wp\/v2\/posts\/21536\/revisions\/21540"}],"wp:featuredmedia":[{"embeddable":true,"href":"http:\/\/gradadigital.com\/home\/wp-json\/wp\/v2\/media\/14081"}],"wp:attachment":[{"href":"http:\/\/gradadigital.com\/home\/wp-json\/wp\/v2\/media?parent=21536"}],"wp:term":[{"taxonomy":"category","embeddable":true,"href":"http:\/\/gradadigital.com\/home\/wp-json\/wp\/v2\/categories?post=21536"},{"taxonomy":"post_tag","embeddable":true,"href":"http:\/\/gradadigital.com\/home\/wp-json\/wp\/v2\/tags?post=21536"}],"curies":[{"name":"wp","href":"https:\/\/api.w.org\/{rel}","templated":true}]}}