{"id":21527,"date":"2015-07-08T15:25:04","date_gmt":"2015-07-08T19:55:04","guid":{"rendered":"http:\/\/gradadigital.com\/home\/?p=21527"},"modified":"2015-07-08T15:25:04","modified_gmt":"2015-07-08T19:55:04","slug":"junior-moreno-se-enfoca-en-el-inicio-del-torneo","status":"publish","type":"post","link":"http:\/\/gradadigital.com\/home\/junior-moreno-se-enfoca-en-el-inicio-del-torneo\/","title":{"rendered":"Junior Moreno se enfoca en el inicio del torneo"},"content":{"rendered":"<p style=\"text-align: center;\"><img decoding=\"async\" class=\"details-image\" draggable=\"false\" src=\"http:\/\/gradadigital.com\/home\/wp-content\/uploads\/2015\/07\/junior_moreno_entrenamiento_zulia_08072015.jpg\" alt=\"\" \/><\/p>\n<p style=\"text-align: center;\"><img decoding=\"async\" src=\"http:\/\/gradadigital.com\/home\/wp-content\/uploads\/2014\/12\/banner_opcion_comentarios_gd.jpg\" alt=\"http:\/\/gradadigital.com\/home\/wp-content\/uploads\/2014\/12\/banner_opcion_comentarios_gd.jpg\" \/><\/p>\n<p style=\"text-align: justify;\"><strong><span lang=\"ES\">Vanessa Graterol<\/span> \/ Prensa\u00a0Zulia FC &#8211;<\/strong> El cuerpo t\u00e9cnico y jugadores del Zulia F\u00fatbol Club vislumbran iniciar con buen pie el Torneo Adecuaci\u00f3n ante Estudiantes de Caracas el pr\u00f3ximo s\u00e1bado 11 de julio. El volante de primera l\u00ednea Junior Moreno tiene el mismo objetivo en su horizonte, por ello se ha preparado desde el comienzo de pretemporada con el conjunto negriazul, enfocado desde ya en el choque que abre el calendario para el Zulia F\u00fatbol Club.<\/p>\n<p style=\"text-align: justify;\">Pese al mal estado del terreno de juego del estadio Nacional Br\u00edgido Iriarte,\u00a0 Junior Moreno conoce la f\u00f3rmula para vencer en la capital de Venezuela, <b>\u201cel cuerpo t\u00e9cnico nos ha demostrado que nuestra filosof\u00eda es la tenencia de bal\u00f3n, sin embargo, estamos trabajando para demostrar que podemos tener el dominio de las segundas jugadas con nuestros delanteros\u201d<\/b>, analiza Moreno.<\/p>\n<p style=\"text-align: justify;\">Tras lograr buenas actuaciones en su anterior club, el oriundo de San Crist\u00f3bal buscar\u00e1 obtener mejores resultados en su nuevo desaf\u00edo, al debutar en esta primera jornada con la camiseta zuliana. <b>\u201cMe siento muy contento por la oportunidad que me han brindado, aportar\u00e9 lo mejor de m\u00ed en este nuevo reto\u201d<\/b>, inici\u00f3 el habilidoso centrocampista. Adaptarse al equipo no fue complicado porque <b>\u201ces un grupo incre\u00edble, muy noble y con mucha experiencia, ellos me han tenido mucha confianza\u201d<\/b>, enfatiz\u00f3 el tachirense.<\/p>\n<p style=\"text-align: justify;\">A pocos d\u00edas del inicio del Torneo Adecuaci\u00f3n, el aguerrido negriazul eval\u00faa la fase de preparaci\u00f3n: <b>\u201cNo fue una pretemporada muy larga, se realiz\u00f3 mucho f\u00fatbol y mucha din\u00e1mica, ahora solo estamos afianzando lo que nos falta para comenzar de la mejor manera el s\u00e1bado\u201d<\/b>, concluy\u00f3 el mediocampista.<\/p>\n<p style=\"text-align: center;\"><a href=\"https:\/\/play.google.com\/store\/apps\/details?id=com.app.gradadigital\" target=\"_blank\"><img decoding=\"async\" src=\"http:\/\/gradadigital.com\/home\/wp-content\/uploads\/2014\/10\/banner_aplicacion_V2_GRADADIGITAL_17102014.jpg\" alt=\"http:\/\/gradadigital.com\/home\/wp-content\/uploads\/2014\/10\/banner_aplicacion_V2_GRADADIGITAL_17102014.jpg\" \/><\/a><\/p>\n","protected":false},"excerpt":{"rendered":"<p>Vanessa Graterol \/ Prensa\u00a0Zulia FC &#8211; El cuerpo t\u00e9cnico y jugadores del Zulia F\u00fatbol Club vislumbran iniciar con buen pie el Torneo Adecuaci\u00f3n ante Estudiantes de Caracas el pr\u00f3ximo s\u00e1bado 11 de julio. El volante de primera l\u00ednea Junior Moreno tiene el mismo objetivo en su horizonte, por ello se ha preparado desde el comienzo &#8230;<\/p>\n","protected":false},"author":3,"featured_media":21528,"comment_status":"closed","ping_status":"closed","sticky":false,"template":"","format":"standard","meta":{"footnotes":""},"categories":[752,5,31,22],"tags":[1438,994,1244,1848,1289],"class_list":["post-21527","post","type-post","status-publish","format-standard","has-post-thumbnail","hentry","category-appgd","category-futbol-nacional","category-primera-division","category-zulia-fc","tag-estudiantes-de-caracas","tag-junior-moreno","tag-torneo-adecuacion-2015","tag-zulia-fc","tag-zulia-futbol-club"],"_links":{"self":[{"href":"http:\/\/gradadigital.com\/home\/wp-json\/wp\/v2\/posts\/21527","targetHints":{"allow":["GET"]}}],"collection":[{"href":"http:\/\/gradadigital.com\/home\/wp-json\/wp\/v2\/posts"}],"about":[{"href":"http:\/\/gradadigital.com\/home\/wp-json\/wp\/v2\/types\/post"}],"author":[{"embeddable":true,"href":"http:\/\/gradadigital.com\/home\/wp-json\/wp\/v2\/users\/3"}],"replies":[{"embeddable":true,"href":"http:\/\/gradadigital.com\/home\/wp-json\/wp\/v2\/comments?post=21527"}],"version-history":[{"count":1,"href":"http:\/\/gradadigital.com\/home\/wp-json\/wp\/v2\/posts\/21527\/revisions"}],"predecessor-version":[{"id":21529,"href":"http:\/\/gradadigital.com\/home\/wp-json\/wp\/v2\/posts\/21527\/revisions\/21529"}],"wp:featuredmedia":[{"embeddable":true,"href":"http:\/\/gradadigital.com\/home\/wp-json\/wp\/v2\/media\/21528"}],"wp:attachment":[{"href":"http:\/\/gradadigital.com\/home\/wp-json\/wp\/v2\/media?parent=21527"}],"wp:term":[{"taxonomy":"category","embeddable":true,"href":"http:\/\/gradadigital.com\/home\/wp-json\/wp\/v2\/categories?post=21527"},{"taxonomy":"post_tag","embeddable":true,"href":"http:\/\/gradadigital.com\/home\/wp-json\/wp\/v2\/tags?post=21527"}],"curies":[{"name":"wp","href":"https:\/\/api.w.org\/{rel}","templated":true}]}}