{"id":21516,"date":"2015-07-08T11:28:29","date_gmt":"2015-07-08T15:58:29","guid":{"rendered":"http:\/\/gradadigital.com\/home\/?p=21516"},"modified":"2015-07-08T11:28:29","modified_gmt":"2015-07-08T15:58:29","slug":"christian-flores-estamos-bien-preparados-fisicamente","status":"publish","type":"post","link":"http:\/\/gradadigital.com\/home\/christian-flores-estamos-bien-preparados-fisicamente\/","title":{"rendered":"Christian Flores: \u00abEstamos bien preparados f\u00edsicamente\u00bb"},"content":{"rendered":"<p style=\"text-align: center;\"><img decoding=\"async\" class=\"details-image\" draggable=\"false\" src=\"http:\/\/gradadigital.com\/home\/wp-content\/uploads\/2015\/03\/christian_flores_laguaira_caracas_28022015.jpg\" alt=\"\" \/><\/p>\n<p style=\"text-align: center;\"><img decoding=\"async\" src=\"http:\/\/gradadigital.com\/home\/wp-content\/uploads\/2014\/12\/banner_opcion_comentarios_gd.jpg\" alt=\"http:\/\/gradadigital.com\/home\/wp-content\/uploads\/2014\/12\/banner_opcion_comentarios_gd.jpg\" \/><\/p>\n<p style=\"text-align: justify;\"><strong>Prensa Caracas FC &#8211;<\/strong> El Torneo Adecuaci\u00f3n 2015 del Caracas F\u00fatbol Club comenzar\u00e1 este domingo, cuando enfrente a Tucanes de Amazonas en Puerto Ayacucho, sede caracterizada por presentar habitualmente complicadas condiciones clim\u00e1ticas. Sin embargo, el intenso calor no es algo que amilane al plantel avile\u00f1o en su b\u00fasqueda por iniciar el certamen con tres puntos.<\/p>\n<p style=\"text-align: justify;\"><strong>\u201cTodas las plazas son dif\u00edciles. Nosotros tenemos que ir mentalizados a hacer el trabajo que venimos realizando. Estamos bien preparados f\u00edsicamente y yo creo que no hay excusas de ning\u00fan tipo. Tenemos que ir a ganar\u201d<\/strong>, indic\u00f3 el mediocampista Christian Flores.<\/p>\n<p style=\"text-align: justify;\">El meride\u00f1o, quien se apunta una segunda temporada vistiendo la camiseta del Rojo, asume el campeonato como un desaf\u00edo para superar lo logrado en la 2014-2015. <strong>\u201cEste es un reto importante para nosotros porque el torneo pasado no nos alcanz\u00f3 para concretar lo que quer\u00edamos, pero ahora nos prepararnos de la mejor manera para buscar nuestros objetivos\u201d<\/strong>, expuso.<\/p>\n<p style=\"text-align: justify;\">El conjunto dirigido por Eduardo Sarag\u00f3 no tuvo mayores modificaciones con respecto a la plantilla que disput\u00f3 la pasada campa\u00f1a, algo que Flores destaca como un factor positivo de cara al Adecuaci\u00f3n. <strong>\u201cAqu\u00ed la mayor\u00eda de los jugadores nos conocemos y sabemos c\u00f3mo jugamos. Tenemos la misma base del a\u00f1o pasado, y creo que con esa continuidad, se nos van a dar las cosas\u201d<\/strong>, apunt\u00f3 el volante<strong>.<\/strong><\/p>\n<p style=\"text-align: justify;\">El duelo ante Tucanes est\u00e1 programado para este domingo 12 de julio, a las 3:00 de la tarde, en el Estadio Antonio Jos\u00e9 de Sucre, y el elenco capitalino partir\u00e1 este viernes a la ciudad del compromiso.<\/p>\n<p style=\"text-align: center;\"><a href=\"https:\/\/play.google.com\/store\/apps\/details?id=com.app.gradadigital\" target=\"_blank\"><img decoding=\"async\" src=\"http:\/\/gradadigital.com\/home\/wp-content\/uploads\/2014\/10\/banner_aplicacion_V2_GRADADIGITAL_17102014.jpg\" alt=\"http:\/\/gradadigital.com\/home\/wp-content\/uploads\/2014\/10\/banner_aplicacion_V2_GRADADIGITAL_17102014.jpg\" \/><\/a><\/p>\n","protected":false},"excerpt":{"rendered":"<p>Prensa Caracas FC &#8211; El Torneo Adecuaci\u00f3n 2015 del Caracas F\u00fatbol Club comenzar\u00e1 este domingo, cuando enfrente a Tucanes de Amazonas en Puerto Ayacucho, sede caracterizada por presentar habitualmente complicadas condiciones clim\u00e1ticas. Sin embargo, el intenso calor no es algo que amilane al plantel avile\u00f1o en su b\u00fasqueda por iniciar el certamen con tres puntos. &#8230;<\/p>\n","protected":false},"author":3,"featured_media":18953,"comment_status":"closed","ping_status":"closed","sticky":false,"template":"","format":"standard","meta":{"footnotes":""},"categories":[752,9,5,31],"tags":[1838,164,740,1244,61],"class_list":["post-21516","post","type-post","status-publish","format-standard","has-post-thumbnail","hentry","category-appgd","category-caracas-fc","category-futbol-nacional","category-primera-division","tag-caracas-fc","tag-caracas-futbol-club","tag-christian-flores","tag-torneo-adecuacion-2015","tag-tucanes-de-amazonas"],"_links":{"self":[{"href":"http:\/\/gradadigital.com\/home\/wp-json\/wp\/v2\/posts\/21516","targetHints":{"allow":["GET"]}}],"collection":[{"href":"http:\/\/gradadigital.com\/home\/wp-json\/wp\/v2\/posts"}],"about":[{"href":"http:\/\/gradadigital.com\/home\/wp-json\/wp\/v2\/types\/post"}],"author":[{"embeddable":true,"href":"http:\/\/gradadigital.com\/home\/wp-json\/wp\/v2\/users\/3"}],"replies":[{"embeddable":true,"href":"http:\/\/gradadigital.com\/home\/wp-json\/wp\/v2\/comments?post=21516"}],"version-history":[{"count":1,"href":"http:\/\/gradadigital.com\/home\/wp-json\/wp\/v2\/posts\/21516\/revisions"}],"predecessor-version":[{"id":21517,"href":"http:\/\/gradadigital.com\/home\/wp-json\/wp\/v2\/posts\/21516\/revisions\/21517"}],"wp:featuredmedia":[{"embeddable":true,"href":"http:\/\/gradadigital.com\/home\/wp-json\/wp\/v2\/media\/18953"}],"wp:attachment":[{"href":"http:\/\/gradadigital.com\/home\/wp-json\/wp\/v2\/media?parent=21516"}],"wp:term":[{"taxonomy":"category","embeddable":true,"href":"http:\/\/gradadigital.com\/home\/wp-json\/wp\/v2\/categories?post=21516"},{"taxonomy":"post_tag","embeddable":true,"href":"http:\/\/gradadigital.com\/home\/wp-json\/wp\/v2\/tags?post=21516"}],"curies":[{"name":"wp","href":"https:\/\/api.w.org\/{rel}","templated":true}]}}