{"id":21511,"date":"2015-07-08T10:05:24","date_gmt":"2015-07-08T14:35:24","guid":{"rendered":"http:\/\/gradadigital.com\/home\/?p=21511"},"modified":"2015-07-10T10:19:13","modified_gmt":"2015-07-10T14:49:13","slug":"jhon-murillo-se-incorpora-a-los-trabajos-con-el-benfica","status":"publish","type":"post","link":"http:\/\/gradadigital.com\/home\/jhon-murillo-se-incorpora-a-los-trabajos-con-el-benfica\/","title":{"rendered":"+VIDEO | Jhon Murillo se incorpora a los trabajos con el Benfica"},"content":{"rendered":"<p style=\"text-align: center;\"><img decoding=\"async\" class=\"details-image\" draggable=\"false\" src=\"http:\/\/gradadigital.com\/home\/wp-content\/uploads\/2015\/07\/jhon_murillo_benfica_08072015.jpg\" alt=\"\" \/><\/p>\n<p style=\"text-align: center;\"><img decoding=\"async\" src=\"http:\/\/gradadigital.com\/home\/wp-content\/uploads\/2014\/12\/banner_opcion_comentarios_gd.jpg\" alt=\"http:\/\/gradadigital.com\/home\/wp-content\/uploads\/2014\/12\/banner_opcion_comentarios_gd.jpg\" \/><\/p>\n<p style=\"text-align: justify;\"><strong>EFE &#8211;<\/strong> El internacional venezolano Jhon Murillo se incorpor\u00f3 hoy a los trabajos de pretemporada del Benfica, su nuevo club, y pas\u00f3 los ex\u00e1menes m\u00e9dicos correspondientes antes de ponerse a las \u00f3rdenes del entrenador, Rui Vit\u00f3ria.<\/p>\n<p style=\"text-align: justify;\">El futbolista, de 20 a\u00f1os, fichado por las \u00ab\u00e1guilas\u00bb para las pr\u00f3ximas cinco temporadas, ten\u00eda permiso del club para incorporarse unos d\u00edas m\u00e1s tarde que el resto de sus compa\u00f1eros debido a su participaci\u00f3n en la Copa Am\u00e9rica con Venezuela.<\/p>\n<p style=\"text-align: justify;\">Est\u00e1 previsto que Murillo acompa\u00f1e a sus nuevos compa\u00f1eros el pr\u00f3ximo 17 de julio en la gira por Canad\u00e1 que tiene programado el Benfica, donde jugar\u00e1n la International Champions Cup ante el PSG franc\u00e9s, la Fiorentina italiana y los New York Red Bulls de Estados Unidos.<\/p>\n<p style=\"text-align: justify;\">El extremo lleg\u00f3 este verano a Lisboa procedente del Zamora FC venezolano, donde la pasada temporada jug\u00f3 26 partidos y marc\u00f3 un total de 10 goles.<\/p>\n<p style=\"text-align: justify;\">Durante la jornada de hoy, a los entrenamientos del conjunto encarnado se incorpor\u00f3 tambi\u00e9n el internacional serbio de 26 a\u00f1os, Ljubomir Fejsa.<\/p>\n<p style=\"text-align: justify;\">Por otro lado, el portugu\u00e9s Rui Fonte y el argentino Salvio no saltaron al terreno de juego y siguen en el gimnasio para recuperarse de sus respectivas lesiones.<\/p>\n<p style=\"text-align: justify;\">Despu\u00e9s de su gira por Canad\u00e1, el Benfica viajar\u00e1 a M\u00e9xico para enfrentarse al Club Am\u00e9rica el 29 de julio y al Monterrey el 2 de agosto, en la que ser\u00e1 la primera edici\u00f3n de la Eus\u00e9bio Cup.<\/p>\n<p style=\"text-align: center;\"><strong>VIDEO<\/strong><\/p>\n<div class=\"mod_player_interior\"><video id=\"video\" controls=\"controls\" width=\"621\" height=\"361\"><source type=\"video\/mp4\" src=\"https:\/\/fbcdn-video-e-a.akamaihd.net\/hvideo-ak-xft1\/v\/t43.1792-2\/11400421_10155772151245716_1417879475_n.mp4?efg=eyJybHIiOjE1MDAsInJsYSI6MTAyNH0%3D&amp;rl=1500&amp;vabr=726&amp;oh=8f94bc59d84f3c15db9f8391a0e5b1e9&amp;oe=559FFCB0&amp;__gda__=1436544576_30d2048e85158874ea0156009fb897a7\" \/><\/video> <!--\n<video controls width=\"621\" height=\"361\" id=\"v\u2026     --><p style=\"text-align: center;\"><a href=\"https:\/\/play.google.com\/store\/apps\/details?id=com.app.gradadigital\" target=\"_blank\"><img decoding=\"async\" src=\"http:\/\/gradadigital.com\/home\/wp-content\/uploads\/2014\/10\/banner_aplicacion_V2_GRADADIGITAL_17102014.jpg\" alt=\"http:\/\/gradadigital.com\/home\/wp-content\/uploads\/2014\/10\/banner_aplicacion_V2_GRADADIGITAL_17102014.jpg\" \/><\/a><\/p>\n<\/div>\n","protected":false},"excerpt":{"rendered":"<p>EFE &#8211; El internacional venezolano Jhon Murillo se incorpor\u00f3 hoy a los trabajos de pretemporada del Benfica, su nuevo club, y pas\u00f3 los ex\u00e1menes m\u00e9dicos correspondientes antes de ponerse a las \u00f3rdenes del entrenador, Rui Vit\u00f3ria. El futbolista, de 20 a\u00f1os, fichado por las \u00ab\u00e1guilas\u00bb para las pr\u00f3ximas cinco temporadas, ten\u00eda permiso del club para &#8230;<\/p>\n","protected":false},"author":3,"featured_media":21514,"comment_status":"closed","ping_status":"closed","sticky":false,"template":"","format":"standard","meta":{"footnotes":""},"categories":[27,752,36,4],"tags":[842,1075,1431,405,1440],"class_list":["post-21511","post","type-post","status-publish","format-standard","has-post-thumbnail","hentry","category-video","category-appgd","category-internacional","category-legionarios","tag-benfica","tag-jhon-murillo","tag-legionarios","tag-portugal","tag-rui-vitoria"],"_links":{"self":[{"href":"http:\/\/gradadigital.com\/home\/wp-json\/wp\/v2\/posts\/21511","targetHints":{"allow":["GET"]}}],"collection":[{"href":"http:\/\/gradadigital.com\/home\/wp-json\/wp\/v2\/posts"}],"about":[{"href":"http:\/\/gradadigital.com\/home\/wp-json\/wp\/v2\/types\/post"}],"author":[{"embeddable":true,"href":"http:\/\/gradadigital.com\/home\/wp-json\/wp\/v2\/users\/3"}],"replies":[{"embeddable":true,"href":"http:\/\/gradadigital.com\/home\/wp-json\/wp\/v2\/comments?post=21511"}],"version-history":[{"count":4,"href":"http:\/\/gradadigital.com\/home\/wp-json\/wp\/v2\/posts\/21511\/revisions"}],"predecessor-version":[{"id":21570,"href":"http:\/\/gradadigital.com\/home\/wp-json\/wp\/v2\/posts\/21511\/revisions\/21570"}],"wp:featuredmedia":[{"embeddable":true,"href":"http:\/\/gradadigital.com\/home\/wp-json\/wp\/v2\/media\/21514"}],"wp:attachment":[{"href":"http:\/\/gradadigital.com\/home\/wp-json\/wp\/v2\/media?parent=21511"}],"wp:term":[{"taxonomy":"category","embeddable":true,"href":"http:\/\/gradadigital.com\/home\/wp-json\/wp\/v2\/categories?post=21511"},{"taxonomy":"post_tag","embeddable":true,"href":"http:\/\/gradadigital.com\/home\/wp-json\/wp\/v2\/tags?post=21511"}],"curies":[{"name":"wp","href":"https:\/\/api.w.org\/{rel}","templated":true}]}}