{"id":21505,"date":"2015-07-07T20:38:18","date_gmt":"2015-07-08T01:08:18","guid":{"rendered":"http:\/\/gradadigital.com\/home\/?p=21505"},"modified":"2015-07-08T13:51:00","modified_gmt":"2015-07-08T18:21:00","slug":"la-vinotinto-sub-15-iniciara-preparacion-para-la-copa-simon-bolivar","status":"publish","type":"post","link":"http:\/\/gradadigital.com\/home\/la-vinotinto-sub-15-iniciara-preparacion-para-la-copa-simon-bolivar\/","title":{"rendered":"+CONVOCATORIA | La Vinotinto Sub-15 iniciar\u00e1 preparaci\u00f3n para la Copa Sim\u00f3n Bol\u00edvar"},"content":{"rendered":"<p style=\"text-align: center;\"><img decoding=\"async\" class=\"details-image\" draggable=\"false\" src=\"http:\/\/gradadigital.com\/home\/wp-content\/uploads\/2014\/08\/alessandro_corridore_entrenamiento_venezuela_11082014.jpg\" alt=\"\" \/><\/p>\n<p style=\"text-align: center;\"><img decoding=\"async\" src=\"http:\/\/gradadigital.com\/home\/wp-content\/uploads\/2014\/12\/banner_opcion_comentarios_gd.jpg\" alt=\"http:\/\/gradadigital.com\/home\/wp-content\/uploads\/2014\/12\/banner_opcion_comentarios_gd.jpg\" \/><\/p>\n<p style=\"text-align: justify;\"><strong>Prensa FVF, Caracas &#8211;<\/strong> La selecci\u00f3n Vinotinto Sub-15 de la rama masculina se concentrar\u00e1 desde el 10 de este mes en la ciudad de Maracay, estado Aragua, con la finalidad de terminar de preparar su participaci\u00f3n en el cuadrangular internacional \u201cCopa Natalicio del Libertador Sim\u00f3n Bol\u00edvar\u201d, que se disputar\u00e1 entre el 18 y el 24 de este mes en el estadio Hermanos Ghersy de la capital del estado central.<\/p>\n<p style=\"text-align: justify;\">La agrupaci\u00f3n que comanda el director t\u00e9cnico Alessandro Corridore, se instalar\u00e1 con 26 deportistas desde este viernes 10, para luego hacer el corte definitivo en el listado y reducir la n\u00f3mina a 20 futbolistas que se enfrentar\u00e1n a las oncenas de Colombia, Per\u00fa y Brasil.<\/p>\n<p style=\"text-align: justify;\">Cabe destacar que esta competencia internacional, que goza del benepl\u00e1cito de la Conmebol, tiene el patrocinio de la Gobernaci\u00f3n de Aragua, la Direcci\u00f3n de Deportes de la misma entidad regional, m\u00e1s la Federaci\u00f3n Venezolana de F\u00fatbol, seg\u00fan destac\u00f3 Bernardo Segovia, director de la FVF y coordinador general de la justa.<\/p>\n<p style=\"text-align: justify;\"><strong>Venezuela rivalizar\u00e1 en la copa con el siguiente calendario:<\/strong><br \/>\nVenezuela vs Colombia | S\u00e1bado, 18-07-15<br \/>\nVenezuela vs Per\u00fa | Martes, 21-07-15<br \/>\nVenezuela vs Brasil | Viernes, 24-07-15<\/p>\n<p style=\"text-align: justify;\"><strong>La n\u00f3mina de jugadores proporcionada por el entrenador Corridore, es la siguiente:<\/strong><br \/>\n1.-Manuel Sanhouse (M\u00e9rida Country Club)<br \/>\n2.-Miguel Silva (UCV Aragua)<br \/>\n3.-Carlos Olses (Fratelsa)<br \/>\n4.-Germ\u00e1n Contreras (M\u00e9rida Country Club)<br \/>\n5.-Jhon Tovar (Puerto Cabello Te Quiero)<br \/>\n6.-Christopher Tapias (Fundaci\u00f3n Marset)<br \/>\n7.-Gianfranco Capanelli (Deportivo La Guaira)<br \/>\n8.-Christian Makoun (Secasport)<br \/>\n9.-Jos\u00e9 Matta (Yaracuyanos)<br \/>\n10.-Marco G\u00f3mez (Zulia FC)<br \/>\n11.-Gabriel Miranda (Deportivo La Guaira)<br \/>\n12.-Juan Manc\u00edn (Fratelsa)<br \/>\n13.-Jorge Echeverr\u00eda (Petroleros del Zulia)<br \/>\n14.-Joan Montes (Puerto Cabello Te Quiero)<br \/>\n15.-Proswell Fern\u00e1ndez (Deportivo La Guaira)<br \/>\n16.-Adri\u00e1n Cova (Fundaci\u00f3n Marset)<br \/>\n17.-Cristian Casseres (Deportivo La Guaira)<br \/>\n18.-Giancarlos Betancourt (Selva FC)<br \/>\n19.-Jos\u00e9 Barrag\u00e1n (Zulia FC)<br \/>\n20.-Danny P\u00e9rez (Deportivo La Guaira)<br \/>\n21.-Octavio P\u00e1ez (Academia Emeritense)<br \/>\n22.-Gustavo P\u00e9rez (Tiro Libre)<br \/>\n23.-Manuel Godoy (Real Madrid)<br \/>\n24.-Alejandro Marques (UFB Jabaci Terrasa)<br \/>\n25.-Christopher L\u00f3pez (Academia Emeritense)<br \/>\n26.-Carlos Dinis (Mar\u00edtimo)<\/p>\n<p><strong>Cuerpo T\u00e9cnico:<\/strong><br \/>\n-Alessandro Corridore, director t\u00e9cnico<br \/>\n-Francisco Vel\u00e1squez, asistente t\u00e9cnico<br \/>\n-Alfredo Gallardo, asistente de campo<br \/>\n-Luenyer Reyes, asistente t\u00e9cnico<br \/>\n-Reinaldo Gallego, video<br \/>\n-Carlos Prada, fisioterapeuta<br \/>\n-Jos\u00e9 Acu\u00f1a, m\u00e9dico<br \/>\n-Daniel Aguilera, preparador f\u00edsico<br \/>\n-Jos\u00e9 Cusati, coordinador<br \/>\n-R\u00f3mulo Turpo, utilero<\/p>\n<p style=\"text-align: center;\"><a href=\"https:\/\/play.google.com\/store\/apps\/details?id=com.app.gradadigital\" target=\"_blank\"><img decoding=\"async\" src=\"http:\/\/gradadigital.com\/home\/wp-content\/uploads\/2014\/10\/banner_aplicacion_V2_GRADADIGITAL_17102014.jpg\" alt=\"http:\/\/gradadigital.com\/home\/wp-content\/uploads\/2014\/10\/banner_aplicacion_V2_GRADADIGITAL_17102014.jpg\" \/><\/a><\/p>\n","protected":false},"excerpt":{"rendered":"<p>Prensa FVF, Caracas &#8211; La selecci\u00f3n Vinotinto Sub-15 de la rama masculina se concentrar\u00e1 desde el 10 de este mes en la ciudad de Maracay, estado Aragua, con la finalidad de terminar de preparar su participaci\u00f3n en el cuadrangular internacional \u201cCopa Natalicio del Libertador Sim\u00f3n Bol\u00edvar\u201d, que se disputar\u00e1 entre el 18 y el 24 &#8230;<\/p>\n","protected":false},"author":3,"featured_media":14189,"comment_status":"closed","ping_status":"closed","sticky":false,"template":"","format":"standard","meta":{"footnotes":""},"categories":[752,39,3],"tags":[375,1439,151,179,494,51,71],"class_list":["post-21505","post","type-post","status-publish","format-standard","has-post-thumbnail","hentry","category-appgd","category-seleccion-nacional-juveniles","category-seleccion-nacional","tag-alessandro-corridore","tag-copa-natalicio-del-libertador-simon-bolivar","tag-la-vinotinto","tag-maracay","tag-sub-15","tag-venezuela","tag-vinotinto"],"_links":{"self":[{"href":"http:\/\/gradadigital.com\/home\/wp-json\/wp\/v2\/posts\/21505","targetHints":{"allow":["GET"]}}],"collection":[{"href":"http:\/\/gradadigital.com\/home\/wp-json\/wp\/v2\/posts"}],"about":[{"href":"http:\/\/gradadigital.com\/home\/wp-json\/wp\/v2\/types\/post"}],"author":[{"embeddable":true,"href":"http:\/\/gradadigital.com\/home\/wp-json\/wp\/v2\/users\/3"}],"replies":[{"embeddable":true,"href":"http:\/\/gradadigital.com\/home\/wp-json\/wp\/v2\/comments?post=21505"}],"version-history":[{"count":2,"href":"http:\/\/gradadigital.com\/home\/wp-json\/wp\/v2\/posts\/21505\/revisions"}],"predecessor-version":[{"id":21522,"href":"http:\/\/gradadigital.com\/home\/wp-json\/wp\/v2\/posts\/21505\/revisions\/21522"}],"wp:featuredmedia":[{"embeddable":true,"href":"http:\/\/gradadigital.com\/home\/wp-json\/wp\/v2\/media\/14189"}],"wp:attachment":[{"href":"http:\/\/gradadigital.com\/home\/wp-json\/wp\/v2\/media?parent=21505"}],"wp:term":[{"taxonomy":"category","embeddable":true,"href":"http:\/\/gradadigital.com\/home\/wp-json\/wp\/v2\/categories?post=21505"},{"taxonomy":"post_tag","embeddable":true,"href":"http:\/\/gradadigital.com\/home\/wp-json\/wp\/v2\/tags?post=21505"}],"curies":[{"name":"wp","href":"https:\/\/api.w.org\/{rel}","templated":true}]}}