{"id":21501,"date":"2015-07-07T18:46:00","date_gmt":"2015-07-07T23:16:00","guid":{"rendered":"http:\/\/gradadigital.com\/home\/?p=21501"},"modified":"2015-07-07T18:46:00","modified_gmt":"2015-07-07T23:16:00","slug":"audio-francisco-aristeguieta-vaticina-un-buen-debut","status":"publish","type":"post","link":"http:\/\/gradadigital.com\/home\/audio-francisco-aristeguieta-vaticina-un-buen-debut\/","title":{"rendered":"AUDIO | Francisco Aristeguieta vaticina un buen debut"},"content":{"rendered":"<p style=\"text-align: center;\"><img decoding=\"async\" class=\"details-image\" draggable=\"false\" src=\"http:\/\/gradadigital.com\/home\/wp-content\/uploads\/2015\/07\/francisco_aristigueta_zulia_06072015_1.jpg\" alt=\"\" \/><\/p>\n<p style=\"text-align: center;\"><img decoding=\"async\" src=\"http:\/\/gradadigital.com\/home\/wp-content\/uploads\/2014\/12\/banner_opcion_comentarios_gd.jpg\" alt=\"http:\/\/gradadigital.com\/home\/wp-content\/uploads\/2014\/12\/banner_opcion_comentarios_gd.jpg\" \/><\/p>\n<p style=\"text-align: justify;\"><strong>Claudio Silva Giordanelli \/ Prensa Zulia FC &#8211;<\/strong> Las expectativas de Francisco \u00abChipi\u00bb Aristeguieta son bastante altas, palpitando su primera presentaci\u00f3n como negriazul este s\u00e1bado 11 de julio a las 4 de la tarde ante Estudiantes de Caracas en el estadio Nacional Br\u00edgido Iriarte. Escenario de estreno que el volante conoce en gran medida, por su pasado vistiendo la camiseta de equipos de la capital de la rep\u00fablica.<\/p>\n<p style=\"text-align: center;\"><strong>AUDIO<\/strong> <audio id=\"audio-24737-1\" class=\"wp-audio-shortcode\" style=\"width: 100%;\" preload=\"none\" controls=\"controls\"><source type=\"audio\/mpeg\" src=\"http:\/\/gradadigital.com\/home\/wp-content\/uploads\/2015\/07\/francisco_aristigueta_zulia_06072015.mp3\" \/><a href=\"http:\/\/gradadigital.com\/home\/wp-content\/uploads\/2015\/07\/francisco_aristigueta_zulia_06072015.mp3\">http:\/\/gradadigital.com\/home\/wp-content\/uploads\/2015\/07\/francisco_aristigueta_zulia_06072015.mp3<\/a><\/audio><\/p>\n<p style=\"text-align: center;\"><a href=\"https:\/\/play.google.com\/store\/apps\/details?id=com.app.gradadigital\" target=\"_blank\"><img decoding=\"async\" src=\"http:\/\/gradadigital.com\/home\/wp-content\/uploads\/2014\/10\/banner_aplicacion_V2_GRADADIGITAL_17102014.jpg\" alt=\"http:\/\/gradadigital.com\/home\/wp-content\/uploads\/2014\/10\/banner_aplicacion_V2_GRADADIGITAL_17102014.jpg\" \/><\/a><\/p>\n","protected":false},"excerpt":{"rendered":"<p>Claudio Silva Giordanelli \/ Prensa Zulia FC &#8211; Las expectativas de Francisco \u00abChipi\u00bb Aristeguieta son bastante altas, palpitando su primera presentaci\u00f3n como negriazul este s\u00e1bado 11 de julio a las 4 de la tarde ante Estudiantes de Caracas en el estadio Nacional Br\u00edgido Iriarte. Escenario de estreno que el volante conoce en gran medida, por &#8230;<\/p>\n","protected":false},"author":3,"featured_media":21503,"comment_status":"closed","ping_status":"closed","sticky":false,"template":"","format":"standard","meta":{"footnotes":""},"categories":[5,31,22],"tags":[1437,1438,140,1244,1848],"class_list":["post-21501","post","type-post","status-publish","format-standard","has-post-thumbnail","hentry","category-futbol-nacional","category-primera-division","category-zulia-fc","tag-chipi","tag-estudiantes-de-caracas","tag-francisco-aristeguieta","tag-torneo-adecuacion-2015","tag-zulia-fc"],"_links":{"self":[{"href":"http:\/\/gradadigital.com\/home\/wp-json\/wp\/v2\/posts\/21501","targetHints":{"allow":["GET"]}}],"collection":[{"href":"http:\/\/gradadigital.com\/home\/wp-json\/wp\/v2\/posts"}],"about":[{"href":"http:\/\/gradadigital.com\/home\/wp-json\/wp\/v2\/types\/post"}],"author":[{"embeddable":true,"href":"http:\/\/gradadigital.com\/home\/wp-json\/wp\/v2\/users\/3"}],"replies":[{"embeddable":true,"href":"http:\/\/gradadigital.com\/home\/wp-json\/wp\/v2\/comments?post=21501"}],"version-history":[{"count":1,"href":"http:\/\/gradadigital.com\/home\/wp-json\/wp\/v2\/posts\/21501\/revisions"}],"predecessor-version":[{"id":21504,"href":"http:\/\/gradadigital.com\/home\/wp-json\/wp\/v2\/posts\/21501\/revisions\/21504"}],"wp:featuredmedia":[{"embeddable":true,"href":"http:\/\/gradadigital.com\/home\/wp-json\/wp\/v2\/media\/21503"}],"wp:attachment":[{"href":"http:\/\/gradadigital.com\/home\/wp-json\/wp\/v2\/media?parent=21501"}],"wp:term":[{"taxonomy":"category","embeddable":true,"href":"http:\/\/gradadigital.com\/home\/wp-json\/wp\/v2\/categories?post=21501"},{"taxonomy":"post_tag","embeddable":true,"href":"http:\/\/gradadigital.com\/home\/wp-json\/wp\/v2\/tags?post=21501"}],"curies":[{"name":"wp","href":"https:\/\/api.w.org\/{rel}","templated":true}]}}