{"id":2149,"date":"2013-07-06T16:58:27","date_gmt":"2013-07-06T21:28:27","guid":{"rendered":"http:\/\/gradadigital.com\/home\/?p=2149"},"modified":"2013-07-06T16:59:45","modified_gmt":"2013-07-06T21:29:45","slug":"bencomo-la-familia-ha-sido-importante-mis-amigos-leales-me-han-ayudado","status":"publish","type":"post","link":"http:\/\/gradadigital.com\/home\/bencomo-la-familia-ha-sido-importante-mis-amigos-leales-me-han-ayudado\/","title":{"rendered":"+VIDEO | Bencomo: \u00abLa familia ha sido importante. Mis amigos leales me han ayudado\u00bb"},"content":{"rendered":"<p style=\"text-align: center;\"><iframe loading=\"lazy\" width=\"682\" height=\"348\" src=\"http:\/\/www.youtube.com\/embed\/lzJ1bcZtbZc?rel=0\" frameborder=\"0\" allowfullscreen><\/iframe>\n<p style=\"text-align: justify;\"><strong>Miguel Vallenilla &#8211;<\/strong> Ya han pasado largos d\u00edas desde que el Caracas FC anunci\u00f3 la salida de Ceferino Bencomo como estratega del elenco \u201cRojo\u201d. Con ello, para el t\u00e9cnico, los retos continuaron en pie, y al poco tiempo asumi\u00f3 el cargo de entrenador de la Selecci\u00f3n Nacional de Venezuela Sub 15 que se prepara para el Sudamericano de la categor\u00eda a realizarse en Octubre en Bolivia.<\/p>\n<p style=\"text-align: justify;\"><strong>\u201cSatisfecho de la actitud que han tenido los jugadores en este primer m\u00f3dulo\u201d<\/strong>, declar\u00f3 Ceferino tras concluir el \u00faltimo entrenamiento en la ciudad de Caracas como preparaci\u00f3n. El estratega ha tomado esta etapa con gran importancia, y asume con sue\u00f1os, alcanzar el \u00e9xito. <strong>\u201cEstamos llenos de objetivos y retos\u201d<\/strong>.<\/p>\n<p style=\"text-align: justify;\">Bencomo defini\u00f3 el presente plantel r\u00e1pidamente.<strong> \u201cEmpezamos a trabajar en varios estados con algunos asistentes que me ayudaron. No descartamos a posibles jugadores que puedan llegar\u201d<\/strong>, expres\u00f3 el t\u00e9cnico que dej\u00f3 en claro la diferencia entre el estar en un club a la selecci\u00f3n. <strong>\u201cEl compromiso es la misma, solo que representar a una selecci\u00f3n es representar a un pa\u00eds, y el compromiso es mayor\u201d.<\/strong><\/p>\n<p style=\"text-align: justify;\">Tras no continuar en el Caracas por diferencias de cara a la temporada 2013-2014, Ceferino asegura que <strong>\u201cla mejor opci\u00f3n es la que he decidido el d\u00eda de hoy\u201d<\/strong>. Para \u00e9l, el respaldo de su familia y amistades fue un empuje muy valioso. <strong>\u201cLa familia ha sido importante. Son ciclos que terminan, en ese sentido siempre me respaldaron. Mis amigos leales de verdad me han ayudado\u201d<\/strong>. Adem\u00e1s, recuerda que <strong>\u201cesto es parte de nuestra profesi\u00f3n, lo que hemos querido ser\u201d<\/strong>.<\/p>\n<p style=\"text-align: center;\"><a href=\"http:\/\/gradadigital.com\/home\/wp-content\/uploads\/2013\/07\/ceferino_bencomo_entrenamiento_modulo_venezuela_sub15.jpg\"><img loading=\"lazy\" decoding=\"async\" class=\"alignnone size-full wp-image-2131\" alt=\"ceferino_bencomo_entrenamiento_modulo_venezuela_sub15\" src=\"http:\/\/gradadigital.com\/home\/wp-content\/uploads\/2013\/07\/ceferino_bencomo_entrenamiento_modulo_venezuela_sub15.jpg\" width=\"596\" height=\"346\" srcset=\"http:\/\/gradadigital.com\/home\/wp-content\/uploads\/2013\/07\/ceferino_bencomo_entrenamiento_modulo_venezuela_sub15.jpg 596w, http:\/\/gradadigital.com\/home\/wp-content\/uploads\/2013\/07\/ceferino_bencomo_entrenamiento_modulo_venezuela_sub15-300x174.jpg 300w\" sizes=\"auto, (max-width: 596px) 100vw, 596px\" \/><\/a><\/p>\n<p style=\"text-align: justify;\">Igualmente cuesta entender c\u00f3mo de un d\u00eda a otro, la dirigencia capitalina y el cuerpo t\u00e9cnico del momento, no hayan encontrado un acuerdo tras anunciar una renovaci\u00f3n que posteriormente no se efectu\u00f3, a lo que Ceferino respondi\u00f3 que <strong>\u201ca veces hay tomas de decisiones que hay que hacerlas de ambas partes, pero creo que estoy bien de donde he llegado\u201d<\/strong>. Igualmente las palabras de afecto a la instituci\u00f3n donde trabaj\u00f3 por 26 \u00a0a\u00f1os, se expresaron. <strong>\u201cTengo mucho que agradecerle al Caracas. Me he formado, he sido un profesional\u201d<\/strong>. Y de aquellos malos momentos fue enf\u00e1tico: <strong>\u201cdel pasado ya ni me acuerdo\u201d<\/strong>.<\/p>\n<p style=\"text-align: justify;\">El trabajo debe seguir, y la Selecci\u00f3n Nacional es lo primordial. Su llegada fue instant\u00e1nea apenas recibi\u00f3 el ofrecimiento. Asegur\u00f3 no haberlo pensado dos veces y agradeci\u00f3 a C\u00e9sar Far\u00edas quien fue quien se interes\u00f3 en los servicios del estratega.<strong> \u201cFue el primero que me contact\u00f3 y que yo era el hombre para asumir esta responsabilidad. Tambi\u00e9n agradecer a Rafael Esquivel, que no dudaron ponerme en este cargo\u201d<\/strong>. Hoy se pone la chaqueta \u201cVinotinto\u201d recordando aquellas \u00e9pocas de jugador de selecci\u00f3n. <strong>\u201cVolverla a vestir como entrenador es una satisfacci\u00f3n\u201d<\/strong>.<\/p>\n<p style=\"text-align: justify;\">Sus objetivos cercanos es corregir. <strong>\u201cHay falencias en ciertas posiciones, as\u00ed que de aqu\u00ed a los noventa d\u00edas tenemos que trabajar y corregir\u201d<\/strong>. Durante el m\u00f3dulo en el Br\u00edgido Iriarte, el campo de juego luci\u00f3 imperfecciones para el buen desenvolvimiento, a lo que esperar conseguir brindar lo mejor a sus dirigidos. <strong>\u201cBuscaremos que tengan la mayor comodidad, buenos hoteles, buena comida\u201d.<\/strong><\/p>\n<p style=\"text-align: justify;\">El director t\u00e9cnico recuerda los d\u00edas en que disput\u00f3 como jugador la categor\u00eda Sub 15. <strong>\u201cTodo ha cambiado much\u00edsimo para importante. Lo que ha hecho Far\u00edas es notorio para el crecimiento futbol\u00edstico\u201d<\/strong>. Por los momentos <strong>\u201cdebemos mejorar las \u00faltimas actuaciones Sub 15\u201d<\/strong>, as\u00ed obtener los objetivos en el Sudamericano. <strong>\u201cOjal\u00e1 Dios mediante podamos clasificar a esas olimpiadas\u201d<\/strong>, finaliz\u00f3.<\/p>\n","protected":false},"excerpt":{"rendered":"<p>Miguel Vallenilla &#8211; Ya han pasado largos d\u00edas desde que el Caracas FC anunci\u00f3 la salida de Ceferino Bencomo como estratega del elenco \u201cRojo\u201d. Con ello, para el t\u00e9cnico, los retos continuaron en pie, y al poco tiempo asumi\u00f3 el cargo de entrenador de la Selecci\u00f3n Nacional de Venezuela Sub 15 que se prepara para &#8230;<\/p>\n","protected":false},"author":4,"featured_media":2131,"comment_status":"closed","ping_status":"closed","sticky":false,"template":"","format":"standard","meta":{"footnotes":""},"categories":[32,27,9,39,3],"tags":[],"class_list":["post-2149","post","type-post","status-publish","format-standard","has-post-thumbnail","hentry","category-especial","category-video","category-caracas-fc","category-seleccion-nacional-juveniles","category-seleccion-nacional"],"_links":{"self":[{"href":"http:\/\/gradadigital.com\/home\/wp-json\/wp\/v2\/posts\/2149","targetHints":{"allow":["GET"]}}],"collection":[{"href":"http:\/\/gradadigital.com\/home\/wp-json\/wp\/v2\/posts"}],"about":[{"href":"http:\/\/gradadigital.com\/home\/wp-json\/wp\/v2\/types\/post"}],"author":[{"embeddable":true,"href":"http:\/\/gradadigital.com\/home\/wp-json\/wp\/v2\/users\/4"}],"replies":[{"embeddable":true,"href":"http:\/\/gradadigital.com\/home\/wp-json\/wp\/v2\/comments?post=2149"}],"version-history":[{"count":3,"href":"http:\/\/gradadigital.com\/home\/wp-json\/wp\/v2\/posts\/2149\/revisions"}],"predecessor-version":[{"id":2151,"href":"http:\/\/gradadigital.com\/home\/wp-json\/wp\/v2\/posts\/2149\/revisions\/2151"}],"wp:featuredmedia":[{"embeddable":true,"href":"http:\/\/gradadigital.com\/home\/wp-json\/wp\/v2\/media\/2131"}],"wp:attachment":[{"href":"http:\/\/gradadigital.com\/home\/wp-json\/wp\/v2\/media?parent=2149"}],"wp:term":[{"taxonomy":"category","embeddable":true,"href":"http:\/\/gradadigital.com\/home\/wp-json\/wp\/v2\/categories?post=2149"},{"taxonomy":"post_tag","embeddable":true,"href":"http:\/\/gradadigital.com\/home\/wp-json\/wp\/v2\/tags?post=2149"}],"curies":[{"name":"wp","href":"https:\/\/api.w.org\/{rel}","templated":true}]}}