{"id":21419,"date":"2015-07-04T11:53:43","date_gmt":"2015-07-04T16:23:43","guid":{"rendered":"http:\/\/gradadigital.com\/home\/?p=21419"},"modified":"2015-07-04T21:56:42","modified_gmt":"2015-07-05T02:26:42","slug":"fotos-ronald-vargas-nuevo-jugador-del-aek-de-grecia","status":"publish","type":"post","link":"http:\/\/gradadigital.com\/home\/fotos-ronald-vargas-nuevo-jugador-del-aek-de-grecia\/","title":{"rendered":"FOTOS | Ronald Vargas nuevo jugador del AEK de Grecia"},"content":{"rendered":"<p style=\"text-align: center;\"><img decoding=\"async\" class=\"details-image\" draggable=\"false\" src=\"http:\/\/gradadigital.com\/home\/wp-content\/uploads\/2015\/07\/ronald_vargas_aek_atenas_grecia_03072015_8.jpg\" alt=\"\" \/><\/p>\n<p style=\"text-align: center;\"><img decoding=\"async\" src=\"http:\/\/gradadigital.com\/home\/wp-content\/uploads\/2014\/12\/banner_opcion_comentarios_gd.jpg\" alt=\"http:\/\/gradadigital.com\/home\/wp-content\/uploads\/2014\/12\/banner_opcion_comentarios_gd.jpg\" \/><\/p>\n<p style=\"text-align: justify;\"><strong>GradaDigital.com &#8211;<\/strong> El AEK FC de Grecia anunci\u00f3 la transferencia del futbolista internacional venezolano Ronald Vargas. El centrocampista ofensivo de 28 a\u00f1os de edad firm\u00f3 un contrato por dos a\u00f1os.<\/p>\n<p style=\"text-align: center;\"><strong>FOTOS<\/strong><br \/>\n<img decoding=\"async\" class=\"details-image\" draggable=\"false\" src=\"http:\/\/gradadigital.com\/home\/wp-content\/uploads\/2015\/07\/ronald_vargas_aek_atenas_grecia_03072015_22.jpg\" alt=\"\" \/><\/p>\n<p style=\"text-align: center;\"><img decoding=\"async\" class=\"details-image\" draggable=\"false\" src=\"http:\/\/gradadigital.com\/home\/wp-content\/uploads\/2015\/07\/ronald_vargas_aek_atenas_grecia_03072015_2.jpg\" alt=\"\" \/><\/p>\n<p style=\"text-align: center;\"><img decoding=\"async\" class=\"details-image\" draggable=\"false\" src=\"http:\/\/gradadigital.com\/home\/wp-content\/uploads\/2015\/07\/ronald_vargas_aek_atenas_grecia_03072015_14.jpg\" alt=\"\" \/><\/p>\n<p style=\"text-align: center;\"><img decoding=\"async\" class=\"details-image\" draggable=\"false\" src=\"http:\/\/gradadigital.com\/home\/wp-content\/uploads\/2015\/07\/ronald_vargas_aek_atenas_grecia_03072015_5.jpg\" alt=\"\" \/><\/p>\n<p style=\"text-align: center;\"><img decoding=\"async\" class=\"details-image\" draggable=\"false\" src=\"http:\/\/gradadigital.com\/home\/wp-content\/uploads\/2015\/07\/ronald_vargas_aek_atenas_grecia_03072015_6.jpg\" alt=\"\" \/><\/p>\n<p style=\"text-align: center;\"><img decoding=\"async\" class=\"details-image\" draggable=\"false\" src=\"http:\/\/gradadigital.com\/home\/wp-content\/uploads\/2015\/07\/ronald_vargas_aek_atenas_grecia_03072015_456.jpg\" alt=\"\" \/><\/p>\n<p style=\"text-align: center;\"><img decoding=\"async\" class=\"details-image\" draggable=\"false\" src=\"http:\/\/gradadigital.com\/home\/wp-content\/uploads\/2015\/07\/ronald_vargas_aek_atenas_grecia_03072015_4.jpg\" alt=\"\" \/><\/p>\n<p style=\"text-align: center;\"><img decoding=\"async\" class=\"details-image\" draggable=\"false\" src=\"http:\/\/gradadigital.com\/home\/wp-content\/uploads\/2015\/07\/ronald_vargas_aek_atenas_grecia_03072015_3.jpg\" alt=\"\" \/><\/p>\n<p style=\"text-align: center;\"><img decoding=\"async\" class=\"details-image\" draggable=\"false\" src=\"http:\/\/gradadigital.com\/home\/wp-content\/uploads\/2015\/07\/ronald_vargas_aek_atenas_grecia_03072015_6766.jpg\" alt=\"\" \/><\/p>\n<p style=\"text-align: center;\"><img decoding=\"async\" class=\"details-image\" draggable=\"false\" src=\"http:\/\/gradadigital.com\/home\/wp-content\/uploads\/2015\/07\/ronald_vargas_aek_atenas_grecia_03072015_10.jpg\" alt=\"\" \/><\/p>\n<p style=\"text-align: center;\"><img decoding=\"async\" class=\"details-image\" draggable=\"false\" src=\"http:\/\/gradadigital.com\/home\/wp-content\/uploads\/2015\/07\/ronald_vargas_aek_atenas_grecia_03072015_9.jpg\" alt=\"\" \/><\/p>\n<p style=\"text-align: center;\"><img decoding=\"async\" class=\"details-image\" draggable=\"false\" src=\"http:\/\/gradadigital.com\/home\/wp-content\/uploads\/2015\/07\/ronald_vargas_aek_atenas_grecia_03072015_12.jpg\" alt=\"\" \/><\/p>\n<p style=\"text-align: center;\"><img decoding=\"async\" class=\"details-image\" draggable=\"false\" src=\"http:\/\/gradadigital.com\/home\/wp-content\/uploads\/2015\/07\/ronald_vargas_aek_atenas_grecia_03072015_-55.jpg\" alt=\"\" \/><\/p>\n<p style=\"text-align: center;\"><img decoding=\"async\" class=\"details-image\" draggable=\"false\" src=\"http:\/\/gradadigital.com\/home\/wp-content\/uploads\/2015\/07\/ronald_vargas_aek_atenas_grecia_03072015_67.jpg\" alt=\"\" \/><\/p>\n<p style=\"text-align: center;\"><img decoding=\"async\" class=\"details-image\" draggable=\"false\" src=\"http:\/\/gradadigital.com\/home\/wp-content\/uploads\/2015\/07\/ronald_vargas_aek_atenas_grecia_03072015_11.jpg\" alt=\"\" \/><\/p>\n<p style=\"text-align: center;\"><img decoding=\"async\" class=\"details-image\" draggable=\"false\" src=\"http:\/\/gradadigital.com\/home\/wp-content\/uploads\/2015\/07\/ronald_vargas_aek_atenas_grecia_03072015_878.jpg\" alt=\"\" \/><\/p>\n<p style=\"text-align: center;\"><a href=\"https:\/\/play.google.com\/store\/apps\/details?id=com.app.gradadigital\" target=\"_blank\"><img decoding=\"async\" src=\"http:\/\/gradadigital.com\/home\/wp-content\/uploads\/2014\/10\/banner_aplicacion_V2_GRADADIGITAL_17102014.jpg\" alt=\"http:\/\/gradadigital.com\/home\/wp-content\/uploads\/2014\/10\/banner_aplicacion_V2_GRADADIGITAL_17102014.jpg\" \/><\/a><\/p>\n","protected":false},"excerpt":{"rendered":"<p>GradaDigital.com &#8211; El AEK FC de Grecia anunci\u00f3 la transferencia del futbolista internacional venezolano Ronald Vargas. El centrocampista ofensivo de 28 a\u00f1os de edad firm\u00f3 un contrato por dos a\u00f1os. FOTOS<\/p>\n","protected":false},"author":3,"featured_media":21423,"comment_status":"closed","ping_status":"closed","sticky":false,"template":"","format":"standard","meta":{"footnotes":""},"categories":[43,752,36,4],"tags":[1429,1428,1430,733,1431,831,890,71],"class_list":["post-21419","post","type-post","status-publish","format-standard","has-post-thumbnail","hentry","category-fotos","category-appgd","category-internacional","category-legionarios","tag-aek","tag-aek-fc","tag-atenas","tag-grecia","tag-legionarios","tag-ronald-vargas","tag-venex","tag-vinotinto"],"_links":{"self":[{"href":"http:\/\/gradadigital.com\/home\/wp-json\/wp\/v2\/posts\/21419","targetHints":{"allow":["GET"]}}],"collection":[{"href":"http:\/\/gradadigital.com\/home\/wp-json\/wp\/v2\/posts"}],"about":[{"href":"http:\/\/gradadigital.com\/home\/wp-json\/wp\/v2\/types\/post"}],"author":[{"embeddable":true,"href":"http:\/\/gradadigital.com\/home\/wp-json\/wp\/v2\/users\/3"}],"replies":[{"embeddable":true,"href":"http:\/\/gradadigital.com\/home\/wp-json\/wp\/v2\/comments?post=21419"}],"version-history":[{"count":5,"href":"http:\/\/gradadigital.com\/home\/wp-json\/wp\/v2\/posts\/21419\/revisions"}],"predecessor-version":[{"id":21444,"href":"http:\/\/gradadigital.com\/home\/wp-json\/wp\/v2\/posts\/21419\/revisions\/21444"}],"wp:featuredmedia":[{"embeddable":true,"href":"http:\/\/gradadigital.com\/home\/wp-json\/wp\/v2\/media\/21423"}],"wp:attachment":[{"href":"http:\/\/gradadigital.com\/home\/wp-json\/wp\/v2\/media?parent=21419"}],"wp:term":[{"taxonomy":"category","embeddable":true,"href":"http:\/\/gradadigital.com\/home\/wp-json\/wp\/v2\/categories?post=21419"},{"taxonomy":"post_tag","embeddable":true,"href":"http:\/\/gradadigital.com\/home\/wp-json\/wp\/v2\/tags?post=21419"}],"curies":[{"name":"wp","href":"https:\/\/api.w.org\/{rel}","templated":true}]}}