{"id":21370,"date":"2015-07-03T00:31:34","date_gmt":"2015-07-03T05:01:34","guid":{"rendered":"http:\/\/gradadigital.com\/home\/?p=21370"},"modified":"2015-07-03T00:31:34","modified_gmt":"2015-07-03T05:01:34","slug":"estados-unidos-formaliza-peticion-de-extradicion-de-siete-dirigentes-de-fifa","status":"publish","type":"post","link":"http:\/\/gradadigital.com\/home\/estados-unidos-formaliza-peticion-de-extradicion-de-siete-dirigentes-de-fifa\/","title":{"rendered":"Estados Unidos formaliza petici\u00f3n de extradici\u00f3n de siete dirigentes de FIFA"},"content":{"rendered":"<p style=\"text-align: center;\"><img decoding=\"async\" class=\"details-image\" draggable=\"false\" src=\"http:\/\/gradadigital.com\/home\/wp-content\/uploads\/2015\/05\/departamento_justicia_fifa_esquivel_27052015.jpg\" alt=\"\" \/><\/p>\n<p style=\"text-align: center;\"><img decoding=\"async\" src=\"http:\/\/gradadigital.com\/home\/wp-content\/uploads\/2014\/12\/banner_opcion_comentarios_gd.jpg\" alt=\"http:\/\/gradadigital.com\/home\/wp-content\/uploads\/2014\/12\/banner_opcion_comentarios_gd.jpg\" \/><\/p>\n<p style=\"text-align: justify;\"><strong>EFE &#8211;<\/strong> El Departamento de Justicia de Estados Unidos ha formalizado ante las autoridades suizas la petici\u00f3n de extradici\u00f3n de los siete responsables de la FIFA, cinco de ellos latinoamericanos, detenidos en este pa\u00eds desde hace cinco semanas.<\/p>\n<p style=\"text-align: justify;\">La petici\u00f3n formal lleg\u00f3 ayer al ministerio helv\u00e9tico, que proceder\u00e1 a examinar si re\u00fanen en cada caso las condiciones requeridas.<\/p>\n<p style=\"text-align: justify;\">Est\u00e1n detenidos por este caso en el cant\u00f3n de Z\u00farich el uruguayo Eugenio Figueredo, en su calidad de vicepresidente de la Confederaci\u00f3n Sudamericana de F\u00fatbol y de la FIFA; el costarricense Eduardo Li, presidente de la Federaci\u00f3n costarricense de f\u00fatbol; y el brasile\u00f1o Jos\u00e9 Mar\u00eda Mar\u00edn, miembro ejecutivo de la Confederaci\u00f3n Sudamericana de F\u00fatbol.<\/p>\n<p style=\"text-align: justify;\">Est\u00e1n igualmente detenidos desde el pasado 27 de mayo Julio Rocha, expresidente de la Federaci\u00f3n Nicaraguense de F\u00fatbol y funcionario de la FIFA; y <strong>el venezolano Rafael Esquivel, presidente de la Federaci\u00f3n de F\u00fatbol de Venezuela y miembro ejecutivo de la Confederaci\u00f3n Sudamericana de F\u00fatbol<\/strong>.<\/p>\n<p style=\"text-align: justify;\">Adem\u00e1s, la polic\u00eda suiza arrest\u00f3 a los brit\u00e1nicos Costar Takkas, ex secretario general de la Federaci\u00f3n de F\u00fatbol de Islas Caim\u00e1n, y Jeffrey Webb, presidente de la Confederaci\u00f3n de Fubtol de Am\u00e9rica del Norte, Centroam\u00e9rica y el Caribe, y vicepresidente de la FIFA.<\/p>\n<p style=\"text-align: justify;\">Todos ellos se encontraban en Z\u00farich para participar en el Congreso anual de la FIFA, que ten\u00eda como principal punto de su agenda la elecci\u00f3n de su presidente, cargo para el que Joseph Blatter fue reelegido y al que renunci\u00f3 d\u00edas despu\u00e9s.<\/p>\n<p style=\"text-align: justify;\">Para evitar cualquier riesgo de colusi\u00f3n, los siete se encuentran en distintos lugares de detenci\u00f3n en Suiza.<\/p>\n<p style=\"text-align: justify;\">La solicitud de extradici\u00f3n formulada por EEUU se basa en las sospechas fundadas de que estos dirigentes, as\u00ed como empresarios de compa\u00f1\u00edas con las que colaboraban, formaron una red de corrupci\u00f3n que permiti\u00f3 el pago de m\u00e1s de cien millones de d\u00f3lares en sobornos.<\/p>\n<p style=\"text-align: justify;\"><strong>\u00abEl 1 de julio, la embajada de Estados Unidos en Berna transmiti\u00f3 a Suiza los pedidos de extradici\u00f3n, en los plazos previstos por el tratado de extradici\u00f3n entre los dos pa\u00edses\u00bb<\/strong>, precis\u00f3 hoy el Ministerio suizo de Justicia.<\/p>\n<p style=\"text-align: justify;\">Seg\u00fan las investigaciones de una fiscal\u00eda de Nueva York, los siete altos dirigentes de la FIFA recibieron de representantes de medios deportivos y empresas comerciales del \u00e1mbito futbol\u00edstico millones de d\u00f3lares en cada caso, a cambio de conferirles los derechos de transmisi\u00f3n, comercializaci\u00f3n y auspicio de torneos de f\u00fatbol en Estados Unidos y Am\u00e9rica Latina.<\/p>\n<p style=\"text-align: justify;\">Seg\u00fan el ministerio helv\u00e9tico, <strong>\u00abesos actos de corrupci\u00f3n, acordados y preparados en suelo estadounidense, tambi\u00e9n fueron el objetivo de transacciones a trav\u00e9s de bancos estadounidenses\u00bb<\/strong>, raz\u00f3n por la cual la Justicia de EEUU decidi\u00f3 abrir un procedimiento al respecto.<\/p>\n<p style=\"text-align: justify;\">Fuentes del Ministerio de Justicia suizo recordaron que los actos que se les reprochan deben ser considerados igualmente delitos en Suiza.<\/p>\n<p style=\"text-align: justify;\">De aceptar su extradici\u00f3n, \u00e9sta podr\u00eda efectuarse en un plazo muy breve, pero de oponerse, el procedimiento podr\u00eda tomar hasta seis meses.<\/p>\n<p style=\"text-align: justify;\">En los pr\u00f3ximos d\u00edas, los exdirigentes futbol\u00edsticos podr\u00e1n dar su parecer ante la polic\u00eda cantonal de Z\u00farich en relaci\u00f3n a su eventual extradici\u00f3n, que hasta ahora todos han rechazado.<\/p>\n<p style=\"text-align: justify;\">Una vez que los detenidos hayan sido escuchados por la polic\u00eda, \u00e9stos y sus abogados tendr\u00e1n catorce d\u00edas para tomar una posici\u00f3n definitiva.<\/p>\n<p style=\"text-align: justify;\">Ese plazo puede prolongarse catorce d\u00edas adicionales, pero \u00fanicamente por motivos muy serios.<\/p>\n<p style=\"text-align: justify;\">A continuaci\u00f3n, las autoridades de Justicia suizas decidir\u00e1n -en base a los pedidos de extradici\u00f3n recibidos, a la audici\u00f3n de los detenidos y de las posiciones que adopten, si se concede o no la extradici\u00f3n.<\/p>\n<p style=\"text-align: justify;\">En caso de que la extradici\u00f3n sea aprobada, quedar\u00e1n todav\u00eda dos instancias superiores de apelaci\u00f3n, el Tribunal Penal Federal y, el m\u00e1ximo \u00f3rgano de justicia, el Tribunal Federal.<\/p>\n<p style=\"text-align: center;\"><a href=\"https:\/\/play.google.com\/store\/apps\/details?id=com.app.gradadigital\" target=\"_blank\"><img decoding=\"async\" src=\"http:\/\/gradadigital.com\/home\/wp-content\/uploads\/2014\/10\/banner_aplicacion_V2_GRADADIGITAL_17102014.jpg\" alt=\"http:\/\/gradadigital.com\/home\/wp-content\/uploads\/2014\/10\/banner_aplicacion_V2_GRADADIGITAL_17102014.jpg\" \/><\/a><\/p>\n","protected":false},"excerpt":{"rendered":"<p>EFE &#8211; El Departamento de Justicia de Estados Unidos ha formalizado ante las autoridades suizas la petici\u00f3n de extradici\u00f3n de los siete responsables de la FIFA, cinco de ellos latinoamericanos, detenidos en este pa\u00eds desde hace cinco semanas. La petici\u00f3n formal lleg\u00f3 ayer al ministerio helv\u00e9tico, que proceder\u00e1 a examinar si re\u00fanen en cada caso &#8230;<\/p>\n","protected":false},"author":3,"featured_media":19982,"comment_status":"closed","ping_status":"closed","sticky":false,"template":"","format":"standard","meta":{"footnotes":""},"categories":[752,5,36,40,3],"tags":[226,1419,508,155,110,135,447,562,834],"class_list":["post-21370","post","type-post","status-publish","format-standard","has-post-thumbnail","hentry","category-appgd","category-futbol-nacional","category-internacional","category-seleccion-nacional-mayores","category-seleccion-nacional","tag-conmebol","tag-departamento-de-justicia","tag-estados-unidos","tag-federacion-venezolana-de-futbol","tag-fifa","tag-fvf","tag-rafael-esquivel","tag-suiza","tag-zurich-2"],"_links":{"self":[{"href":"http:\/\/gradadigital.com\/home\/wp-json\/wp\/v2\/posts\/21370","targetHints":{"allow":["GET"]}}],"collection":[{"href":"http:\/\/gradadigital.com\/home\/wp-json\/wp\/v2\/posts"}],"about":[{"href":"http:\/\/gradadigital.com\/home\/wp-json\/wp\/v2\/types\/post"}],"author":[{"embeddable":true,"href":"http:\/\/gradadigital.com\/home\/wp-json\/wp\/v2\/users\/3"}],"replies":[{"embeddable":true,"href":"http:\/\/gradadigital.com\/home\/wp-json\/wp\/v2\/comments?post=21370"}],"version-history":[{"count":2,"href":"http:\/\/gradadigital.com\/home\/wp-json\/wp\/v2\/posts\/21370\/revisions"}],"predecessor-version":[{"id":21372,"href":"http:\/\/gradadigital.com\/home\/wp-json\/wp\/v2\/posts\/21370\/revisions\/21372"}],"wp:featuredmedia":[{"embeddable":true,"href":"http:\/\/gradadigital.com\/home\/wp-json\/wp\/v2\/media\/19982"}],"wp:attachment":[{"href":"http:\/\/gradadigital.com\/home\/wp-json\/wp\/v2\/media?parent=21370"}],"wp:term":[{"taxonomy":"category","embeddable":true,"href":"http:\/\/gradadigital.com\/home\/wp-json\/wp\/v2\/categories?post=21370"},{"taxonomy":"post_tag","embeddable":true,"href":"http:\/\/gradadigital.com\/home\/wp-json\/wp\/v2\/tags?post=21370"}],"curies":[{"name":"wp","href":"https:\/\/api.w.org\/{rel}","templated":true}]}}