{"id":21275,"date":"2015-06-29T22:33:26","date_gmt":"2015-06-30T03:03:26","guid":{"rendered":"http:\/\/gradadigital.com\/home\/?p=21275"},"modified":"2015-06-29T22:33:26","modified_gmt":"2015-06-30T03:03:26","slug":"noel-sanvicente-hablara-este-jueves","status":"publish","type":"post","link":"http:\/\/gradadigital.com\/home\/noel-sanvicente-hablara-este-jueves\/","title":{"rendered":"Noel Sanvicente hablar\u00e1 este jueves"},"content":{"rendered":"<p style=\"text-align: center;\"><img decoding=\"async\" class=\"details-image\" draggable=\"false\" src=\"http:\/\/gradadigital.com\/home\/wp-content\/uploads\/2015\/06\/noel_sanvicente_peru_venezuela_18062015.jpg\" alt=\"\" \/><\/p>\n<p style=\"text-align: center;\"><img decoding=\"async\" src=\"http:\/\/gradadigital.com\/home\/wp-content\/uploads\/2014\/12\/banner_opcion_comentarios_gd.jpg\" alt=\"http:\/\/gradadigital.com\/home\/wp-content\/uploads\/2014\/12\/banner_opcion_comentarios_gd.jpg\" \/><\/p>\n<p style=\"text-align: justify;\"><strong>Prensa FVF &#8211;<\/strong> El seleccionador nacional de f\u00fatbol, el director t\u00e9cnico Noel Sanvicente, ofrecer\u00e1 este jueves dos de julio una conferencia de prensa, a partir de las 10:00 de la ma\u00f1ana, en el Hotel Cumberland, de Sabana Grande, en Caracas.<\/p>\n<p style=\"text-align: justify;\">Lo acompa\u00f1ar\u00e1n en este acto el presidente de la Federaci\u00f3n Venezolana de F\u00fatbol, Laureano Gonz\u00e1lez, as\u00ed como directivos de la organizaci\u00f3n deportiva.<\/p>\n<p style=\"text-align: justify;\">El m\u00e1ximo conductor de las selecciones nacionales ofrecer\u00e1 un balance de su labor con el combinado nacional, luego de la participaci\u00f3n en la Copa Am\u00e9rica Chile 2015, e igualmente precisar\u00e1 parte de la programaci\u00f3n del ciclo clasificatorio del Mundial de F\u00fatbol Rusia 2018.<\/p>\n<p style=\"text-align: justify;\">Se invita a los representantes de los medios de comunicaci\u00f3n social para la citada reuni\u00f3n, en el Hotel Cumberland Sabana Grande, Gran Sal\u00f3n, segunda avenida de Las Delicias, diagonal al Hotel Savoy, a media cuadra de la avenida Solano.<\/p>\n<p style=\"text-align: center;\"><a href=\"https:\/\/play.google.com\/store\/apps\/details?id=com.app.gradadigital\" target=\"_blank\"><img decoding=\"async\" src=\"http:\/\/gradadigital.com\/home\/wp-content\/uploads\/2014\/10\/banner_aplicacion_V2_GRADADIGITAL_17102014.jpg\" alt=\"http:\/\/gradadigital.com\/home\/wp-content\/uploads\/2014\/10\/banner_aplicacion_V2_GRADADIGITAL_17102014.jpg\" \/><\/a><\/p>\n","protected":false},"excerpt":{"rendered":"<p>Prensa FVF &#8211; El seleccionador nacional de f\u00fatbol, el director t\u00e9cnico Noel Sanvicente, ofrecer\u00e1 este jueves dos de julio una conferencia de prensa, a partir de las 10:00 de la ma\u00f1ana, en el Hotel Cumberland, de Sabana Grande, en Caracas. Lo acompa\u00f1ar\u00e1n en este acto el presidente de la Federaci\u00f3n Venezolana de F\u00fatbol, Laureano Gonz\u00e1lez, &#8230;<\/p>\n","protected":false},"author":3,"featured_media":20913,"comment_status":"closed","ping_status":"closed","sticky":false,"template":"","format":"standard","meta":{"footnotes":""},"categories":[752,40,3],"tags":[52,233,135,151,118,51,71],"class_list":["post-21275","post","type-post","status-publish","format-standard","has-post-thumbnail","hentry","category-appgd","category-seleccion-nacional-mayores","category-seleccion-nacional","tag-caracas","tag-chita","tag-fvf","tag-la-vinotinto","tag-noel-sanvicente","tag-venezuela","tag-vinotinto"],"_links":{"self":[{"href":"http:\/\/gradadigital.com\/home\/wp-json\/wp\/v2\/posts\/21275","targetHints":{"allow":["GET"]}}],"collection":[{"href":"http:\/\/gradadigital.com\/home\/wp-json\/wp\/v2\/posts"}],"about":[{"href":"http:\/\/gradadigital.com\/home\/wp-json\/wp\/v2\/types\/post"}],"author":[{"embeddable":true,"href":"http:\/\/gradadigital.com\/home\/wp-json\/wp\/v2\/users\/3"}],"replies":[{"embeddable":true,"href":"http:\/\/gradadigital.com\/home\/wp-json\/wp\/v2\/comments?post=21275"}],"version-history":[{"count":1,"href":"http:\/\/gradadigital.com\/home\/wp-json\/wp\/v2\/posts\/21275\/revisions"}],"predecessor-version":[{"id":21278,"href":"http:\/\/gradadigital.com\/home\/wp-json\/wp\/v2\/posts\/21275\/revisions\/21278"}],"wp:featuredmedia":[{"embeddable":true,"href":"http:\/\/gradadigital.com\/home\/wp-json\/wp\/v2\/media\/20913"}],"wp:attachment":[{"href":"http:\/\/gradadigital.com\/home\/wp-json\/wp\/v2\/media?parent=21275"}],"wp:term":[{"taxonomy":"category","embeddable":true,"href":"http:\/\/gradadigital.com\/home\/wp-json\/wp\/v2\/categories?post=21275"},{"taxonomy":"post_tag","embeddable":true,"href":"http:\/\/gradadigital.com\/home\/wp-json\/wp\/v2\/tags?post=21275"}],"curies":[{"name":"wp","href":"https:\/\/api.w.org\/{rel}","templated":true}]}}