{"id":21199,"date":"2015-06-27T23:08:39","date_gmt":"2015-06-28T03:38:39","guid":{"rendered":"http:\/\/gradadigital.com\/home\/?p=21199"},"modified":"2015-06-27T23:08:39","modified_gmt":"2015-06-28T03:38:39","slug":"thiago-silva-salimos-jugando-al-patadon","status":"publish","type":"post","link":"http:\/\/gradadigital.com\/home\/thiago-silva-salimos-jugando-al-patadon\/","title":{"rendered":"Thiago Silva: \u00abSalimos jugando al patad\u00f3n\u00bb"},"content":{"rendered":"<p style=\"text-align: center;\"><img decoding=\"async\" class=\"details-image\" draggable=\"false\" src=\"http:\/\/gradadigital.com\/home\/wp-content\/uploads\/2015\/06\/thiago_silva_paraguay_brasil_27062015.jpg\" alt=\"\" \/><\/p>\n<p style=\"text-align: center;\"><img decoding=\"async\" class=\"details-image\" draggable=\"false\" src=\"http:\/\/gradadigital.com\/home\/wp-content\/uploads\/2014\/12\/banner_opcion_comentarios_gd.jpg\" alt=\"\" \/><\/p>\n<p style=\"text-align: justify;\"><strong>EFE &#8211;<\/strong> El central Thiago Silva lament\u00f3 hoy que selecci\u00f3n brasile\u00f1a hubiera optado por el \u00abpatad\u00f3n\u00bb frente a Paraguay y asegur\u00f3 que no se acuerda bien de lo que sucedi\u00f3 en la jugada que antecedi\u00f3 al empate guaran\u00ed a trav\u00e9s de un penalti por tocar \u00e9l el bal\u00f3n con la mano.<\/p>\n<p style=\"text-align: justify;\">Paraguay <strong>\u00abestaba jugando balones hacia arriba. Nosotros no logr\u00e1bamos salir jugando. D\u00e1bamos un patad\u00f3n y el bal\u00f3n regresaba\u00bb<\/strong>, lament\u00f3 Silva, despu\u00e9s de la derrota en la tanda de penaltis ante Paraguay, en los cuartos de final de la Copa Am\u00e9rica.<\/p>\n<p style=\"text-align: justify;\">Sobre el penalti que caus\u00f3 el empate paraguayo, dijo que no recordaba bien de lo que ocurri\u00f3.<\/p>\n<p style=\"text-align: justify;\"><strong>\u00abTengo que verlo mejor, porque, a diferencia del penalti que provoqu\u00e9 ante el Chelsea (en octavos de final de la Liga de Campeones), no me acuerdo de que el bal\u00f3n me golpease\u00bb<\/strong>, puntualiz\u00f3.<\/p>\n<p style=\"text-align: center;\"><a href=\"https:\/\/play.google.com\/store\/apps\/details?id=com.app.gradadigital\" target=\"_blank\"><img decoding=\"async\" class=\"details-image\" draggable=\"false\" src=\"http:\/\/gradadigital.com\/home\/wp-content\/uploads\/2014\/10\/banner_aplicacion_V2_GRADADIGITAL_17102014.jpg\" alt=\"\" \/><\/a><\/p>\n","protected":false},"excerpt":{"rendered":"<p>EFE &#8211; El central Thiago Silva lament\u00f3 hoy que selecci\u00f3n brasile\u00f1a hubiera optado por el \u00abpatad\u00f3n\u00bb frente a Paraguay y asegur\u00f3 que no se acuerda bien de lo que sucedi\u00f3 en la jugada que antecedi\u00f3 al empate guaran\u00ed a trav\u00e9s de un penalti por tocar \u00e9l el bal\u00f3n con la mano. Paraguay \u00abestaba jugando balones &#8230;<\/p>\n","protected":false},"author":3,"featured_media":21200,"comment_status":"closed","ping_status":"closed","sticky":false,"template":"","format":"standard","meta":{"footnotes":""},"categories":[752,42,36],"tags":[348,79,1206,932,210,1386],"class_list":["post-21199","post","type-post","status-publish","format-standard","has-post-thumbnail","hentry","category-appgd","category-copa-america","category-internacional","tag-brasil","tag-chile","tag-chile-2015","tag-copa-america","tag-paraguay","tag-thiago-silva"],"_links":{"self":[{"href":"http:\/\/gradadigital.com\/home\/wp-json\/wp\/v2\/posts\/21199","targetHints":{"allow":["GET"]}}],"collection":[{"href":"http:\/\/gradadigital.com\/home\/wp-json\/wp\/v2\/posts"}],"about":[{"href":"http:\/\/gradadigital.com\/home\/wp-json\/wp\/v2\/types\/post"}],"author":[{"embeddable":true,"href":"http:\/\/gradadigital.com\/home\/wp-json\/wp\/v2\/users\/3"}],"replies":[{"embeddable":true,"href":"http:\/\/gradadigital.com\/home\/wp-json\/wp\/v2\/comments?post=21199"}],"version-history":[{"count":2,"href":"http:\/\/gradadigital.com\/home\/wp-json\/wp\/v2\/posts\/21199\/revisions"}],"predecessor-version":[{"id":21202,"href":"http:\/\/gradadigital.com\/home\/wp-json\/wp\/v2\/posts\/21199\/revisions\/21202"}],"wp:featuredmedia":[{"embeddable":true,"href":"http:\/\/gradadigital.com\/home\/wp-json\/wp\/v2\/media\/21200"}],"wp:attachment":[{"href":"http:\/\/gradadigital.com\/home\/wp-json\/wp\/v2\/media?parent=21199"}],"wp:term":[{"taxonomy":"category","embeddable":true,"href":"http:\/\/gradadigital.com\/home\/wp-json\/wp\/v2\/categories?post=21199"},{"taxonomy":"post_tag","embeddable":true,"href":"http:\/\/gradadigital.com\/home\/wp-json\/wp\/v2\/tags?post=21199"}],"curies":[{"name":"wp","href":"https:\/\/api.w.org\/{rel}","templated":true}]}}