{"id":21168,"date":"2015-06-27T14:31:51","date_gmt":"2015-06-27T19:01:51","guid":{"rendered":"http:\/\/gradadigital.com\/home\/?p=21168"},"modified":"2015-06-27T14:31:51","modified_gmt":"2015-06-27T19:01:51","slug":"el-caso-cavani-jara-enfrenta-en-la-conmebol-a-federaciones-de-uruguay-y-chile","status":"publish","type":"post","link":"http:\/\/gradadigital.com\/home\/el-caso-cavani-jara-enfrenta-en-la-conmebol-a-federaciones-de-uruguay-y-chile\/","title":{"rendered":"El caso Cavani-Jara enfrenta en la Conmebol a federaciones de Uruguay y Chile"},"content":{"rendered":"<p style=\"text-align: center;\"><img decoding=\"async\" class=\"details-image\" draggable=\"false\" src=\"http:\/\/gradadigital.com\/home\/wp-content\/uploads\/2015\/06\/cavani_jara_chile_uruguay_24062015.jpg\" alt=\"\" \/><\/p>\n<p style=\"text-align: center;\"><img decoding=\"async\" class=\"details-image\" draggable=\"false\" src=\"http:\/\/gradadigital.com\/home\/wp-content\/uploads\/2014\/12\/banner_opcion_comentarios_gd.jpg\" alt=\"\" \/><\/p>\n<p style=\"text-align: justify;\"><strong>EFE &#8211;<\/strong> La Federaci\u00f3n de F\u00fatbol de Chile (ANFP) y la Asociaci\u00f3n Uruguaya de F\u00fatbol (AUF) enfilaron todas sus bater\u00edas para obtener de la Conmebol sanciones severas a los jugadores que participaron en los bochornosos hechos del partido de semifinales de la Copa Am\u00e9rica jugado el mi\u00e9rcoles en Santiago.<\/p>\n<p style=\"text-align: justify;\">El debate que contin\u00faa desde entonces por la expulsi\u00f3n del Edinson Cavani, quien fue provocado por Gonzalo Jara al introducirle un dedo en el trasero al uruguayo, hecho que no advirti\u00f3 el \u00e1rbitro brasile\u00f1o Sandro Ricci, motiv\u00f3 a la AUF a denunciar al chileno ante la Unidad Disciplinaria de la Confederaci\u00f3n Sudamericana de F\u00fatbol (Conmebol).<\/p>\n<p style=\"text-align: justify;\">Al revelar p\u00fablicamente la estrategia de la defensa del delantero Cavani, la AUF precis\u00f3 hoy en un comunicado que, \u00abcomo primer paso\u00bb, ha denunciado \u00ablos hechos producidos por el jugador Gonzalo Jara\u00bb.<\/p>\n<p style=\"text-align: justify;\">La entidad ha acompa\u00f1ado su alegato con fotograf\u00edas y v\u00eddeos, los mismos que dejaron en evidencia a Jara con su provocaci\u00f3n a Cavani.<\/p>\n<p style=\"text-align: justify;\">A continuaci\u00f3n la ANFP, replic\u00f3 hoy con la noticia de que ha acusado ante la misma Unidad Disciplinaria a Cavani y a otros seis jugadores uruguayos: el capit\u00e1n Diego God\u00edn, Fernando Muslera, Jos\u00e9 Mar\u00eda Gim\u00e9nez, Jorge Fucile, \u00c1lvaro Gonz\u00e1lez y Christian Stuani.<\/p>\n<p style=\"text-align: justify;\">Precisa que los se\u00f1alados profirieron agresiones a los jugadores chilenos, insultos al cuerpo arbitral encabezado por el brasile\u00f1o Ricci y provocaciones al p\u00fablico que asisti\u00f3 al primer partido de los cuartos de final del torneo jugado en el estadio Nacional.<\/p>\n<p style=\"text-align: justify;\">La expulsi\u00f3n de Cavani, ocurrida a los 62 minutos del encuentro que gan\u00f3 Chile por 1-0 y le puso en semifinales, desat\u00f3 airadas protestas de los componentes de la Celeste.<\/p>\n<p style=\"text-align: justify;\">Sobre el final del encuentro Ricci expuls\u00f3 adem\u00e1s a Fucile y al entrenador Oscar Washigton Tab\u00e1rez.<\/p>\n<p style=\"text-align: center;\"><a href=\"https:\/\/play.google.com\/store\/apps\/details?id=com.app.gradadigital\" target=\"_blank\"><img decoding=\"async\" class=\"details-image\" draggable=\"false\" src=\"http:\/\/gradadigital.com\/home\/wp-content\/uploads\/2014\/10\/banner_aplicacion_V2_GRADADIGITAL_17102014.jpg\" alt=\"\" \/><\/a><\/p>\n","protected":false},"excerpt":{"rendered":"<p>EFE &#8211; La Federaci\u00f3n de F\u00fatbol de Chile (ANFP) y la Asociaci\u00f3n Uruguaya de F\u00fatbol (AUF) enfilaron todas sus bater\u00edas para obtener de la Conmebol sanciones severas a los jugadores que participaron en los bochornosos hechos del partido de semifinales de la Copa Am\u00e9rica jugado el mi\u00e9rcoles en Santiago. El debate que contin\u00faa desde entonces &#8230;<\/p>\n","protected":false},"author":3,"featured_media":21084,"comment_status":"closed","ping_status":"closed","sticky":false,"template":"","format":"standard","meta":{"footnotes":""},"categories":[752,42,36],"tags":[1376,1370,1371,79,1206,226,932,1375,301],"class_list":["post-21168","post","type-post","status-publish","format-standard","has-post-thumbnail","hentry","category-appgd","category-copa-america","category-internacional","tag-anfp","tag-asociacion-uruguaya-de-futbol","tag-auf","tag-chile","tag-chile-2015","tag-conmebol","tag-copa-america","tag-federacion-de-futbol-de-chile","tag-uruguay"],"_links":{"self":[{"href":"http:\/\/gradadigital.com\/home\/wp-json\/wp\/v2\/posts\/21168","targetHints":{"allow":["GET"]}}],"collection":[{"href":"http:\/\/gradadigital.com\/home\/wp-json\/wp\/v2\/posts"}],"about":[{"href":"http:\/\/gradadigital.com\/home\/wp-json\/wp\/v2\/types\/post"}],"author":[{"embeddable":true,"href":"http:\/\/gradadigital.com\/home\/wp-json\/wp\/v2\/users\/3"}],"replies":[{"embeddable":true,"href":"http:\/\/gradadigital.com\/home\/wp-json\/wp\/v2\/comments?post=21168"}],"version-history":[{"count":1,"href":"http:\/\/gradadigital.com\/home\/wp-json\/wp\/v2\/posts\/21168\/revisions"}],"predecessor-version":[{"id":21169,"href":"http:\/\/gradadigital.com\/home\/wp-json\/wp\/v2\/posts\/21168\/revisions\/21169"}],"wp:featuredmedia":[{"embeddable":true,"href":"http:\/\/gradadigital.com\/home\/wp-json\/wp\/v2\/media\/21084"}],"wp:attachment":[{"href":"http:\/\/gradadigital.com\/home\/wp-json\/wp\/v2\/media?parent=21168"}],"wp:term":[{"taxonomy":"category","embeddable":true,"href":"http:\/\/gradadigital.com\/home\/wp-json\/wp\/v2\/categories?post=21168"},{"taxonomy":"post_tag","embeddable":true,"href":"http:\/\/gradadigital.com\/home\/wp-json\/wp\/v2\/tags?post=21168"}],"curies":[{"name":"wp","href":"https:\/\/api.w.org\/{rel}","templated":true}]}}