{"id":21159,"date":"2015-06-27T13:29:12","date_gmt":"2015-06-27T17:59:12","guid":{"rendered":"http:\/\/gradadigital.com\/home\/?p=21159"},"modified":"2015-06-27T13:34:47","modified_gmt":"2015-06-27T18:04:47","slug":"ospina-combatimos-pero-al-frente-teniamos-a-una-gran-seleccion","status":"publish","type":"post","link":"http:\/\/gradadigital.com\/home\/ospina-combatimos-pero-al-frente-teniamos-a-una-gran-seleccion\/","title":{"rendered":"Ospina: \u00abCombatimos pero al frente ten\u00edamos a una gran selecci\u00f3n\u00bb"},"content":{"rendered":"<p style=\"text-align: center;\"><img decoding=\"async\" class=\"details-image\" draggable=\"false\" src=\"http:\/\/gradadigital.com\/home\/wp-content\/uploads\/2015\/06\/david_ospina_argentina_colombia_26062015.jpg\" alt=\"\" \/><\/p>\n<p style=\"text-align: center;\"><img decoding=\"async\" class=\"details-image\" draggable=\"false\" src=\"http:\/\/gradadigital.com\/home\/wp-content\/uploads\/2014\/12\/banner_opcion_comentarios_gd.jpg\" alt=\"\" \/><\/p>\n<p style=\"text-align: justify;\"><strong>EFE &#8211;<\/strong> El guardameta David Ospina, una de las figuras del tenso partido de cuartos de final que jugaron hoy Argentina y Colombia en Vi\u00f1a del Mar, lament\u00f3 la eliminaci\u00f3n de su pa\u00eds en tanda de penaltis (5-4), dijo que combatieron desde lo t\u00e1ctico, pero reconoci\u00f3 que al frente hab\u00eda \u00abuna gran selecci\u00f3n\u00bb.<\/p>\n<p style=\"text-align: justify;\"><strong>\u00abCombatimos, intentamos todo desde lo t\u00e1ctico, pero al frente ten\u00edamos a una gran selecci\u00f3n. Sab\u00edamos que el rival es fuerte y buscamos hacer todo lo posible para ganar\u00bb<\/strong>, expres\u00f3 al final del encuentro el jugador del Arsenal ingl\u00e9s.<\/p>\n<p style=\"text-align: justify;\">Sobre su destacado desempe\u00f1o durante el encuentro que termin\u00f3 sin goles al cabo del tiempo reglamentario, prefiri\u00f3 dividir los elogios con sus compa\u00f1eros, de quienes dijo estar orgulloso.<\/p>\n<p style=\"text-align: justify;\"><strong>\u00abTrato de dar lo m\u00e1ximo por mi pa\u00eds pero me siento orgulloso del trabajo de todos mis compa\u00f1eros porque hicimos todo lo posible para seguir avanzando en el torneo\u00bb<\/strong>, expres\u00f3 tras el partido.<\/p>\n<p style=\"text-align: justify;\">A\u00f1adi\u00f3 que la experiencia colombiana en la Copa Am\u00e9rica servir\u00e1 para pensar en el pr\u00f3ximo desaf\u00edo, las eliminatorias sudamericanas del Mundial de Rusia.<\/p>\n<p style=\"text-align: center;\"><a href=\"https:\/\/play.google.com\/store\/apps\/details?id=com.app.gradadigital\" target=\"_blank\"><img decoding=\"async\" class=\"details-image\" draggable=\"false\" src=\"http:\/\/gradadigital.com\/home\/wp-content\/uploads\/2014\/10\/banner_aplicacion_V2_GRADADIGITAL_17102014.jpg\" alt=\"\" \/><\/a><\/p>\n","protected":false},"excerpt":{"rendered":"<p>EFE &#8211; El guardameta David Ospina, una de las figuras del tenso partido de cuartos de final que jugaron hoy Argentina y Colombia en Vi\u00f1a del Mar, lament\u00f3 la eliminaci\u00f3n de su pa\u00eds en tanda de penaltis (5-4), dijo que combatieron desde lo t\u00e1ctico, pero reconoci\u00f3 que al frente hab\u00eda \u00abuna gran selecci\u00f3n\u00bb. \u00abCombatimos, intentamos &#8230;<\/p>\n","protected":false},"author":3,"featured_media":21160,"comment_status":"closed","ping_status":"closed","sticky":false,"template":"","format":"standard","meta":{"footnotes":""},"categories":[752,42,36],"tags":[186,79,1206,95,932,1328,1373],"class_list":["post-21159","post","type-post","status-publish","format-standard","has-post-thumbnail","hentry","category-appgd","category-copa-america","category-internacional","tag-argentina","tag-chile","tag-chile-2015","tag-colombia","tag-copa-america","tag-david-ospina","tag-vina-del-mar"],"_links":{"self":[{"href":"http:\/\/gradadigital.com\/home\/wp-json\/wp\/v2\/posts\/21159","targetHints":{"allow":["GET"]}}],"collection":[{"href":"http:\/\/gradadigital.com\/home\/wp-json\/wp\/v2\/posts"}],"about":[{"href":"http:\/\/gradadigital.com\/home\/wp-json\/wp\/v2\/types\/post"}],"author":[{"embeddable":true,"href":"http:\/\/gradadigital.com\/home\/wp-json\/wp\/v2\/users\/3"}],"replies":[{"embeddable":true,"href":"http:\/\/gradadigital.com\/home\/wp-json\/wp\/v2\/comments?post=21159"}],"version-history":[{"count":4,"href":"http:\/\/gradadigital.com\/home\/wp-json\/wp\/v2\/posts\/21159\/revisions"}],"predecessor-version":[{"id":21165,"href":"http:\/\/gradadigital.com\/home\/wp-json\/wp\/v2\/posts\/21159\/revisions\/21165"}],"wp:featuredmedia":[{"embeddable":true,"href":"http:\/\/gradadigital.com\/home\/wp-json\/wp\/v2\/media\/21160"}],"wp:attachment":[{"href":"http:\/\/gradadigital.com\/home\/wp-json\/wp\/v2\/media?parent=21159"}],"wp:term":[{"taxonomy":"category","embeddable":true,"href":"http:\/\/gradadigital.com\/home\/wp-json\/wp\/v2\/categories?post=21159"},{"taxonomy":"post_tag","embeddable":true,"href":"http:\/\/gradadigital.com\/home\/wp-json\/wp\/v2\/tags?post=21159"}],"curies":[{"name":"wp","href":"https:\/\/api.w.org\/{rel}","templated":true}]}}