{"id":21140,"date":"2015-06-26T20:01:06","date_gmt":"2015-06-27T00:31:06","guid":{"rendered":"http:\/\/gradadigital.com\/home\/?p=21140"},"modified":"2015-06-26T20:01:06","modified_gmt":"2015-06-27T00:31:06","slug":"justo-villar-desearia-repetir-un-triunfo-en-los-penaltis-contra-brasil","status":"publish","type":"post","link":"http:\/\/gradadigital.com\/home\/justo-villar-desearia-repetir-un-triunfo-en-los-penaltis-contra-brasil\/","title":{"rendered":"Justo Villar desear\u00eda repetir un triunfo en los penaltis contra Brasil"},"content":{"rendered":"<p style=\"text-align: center;\"><img decoding=\"async\" class=\"details-image\" draggable=\"false\" src=\"http:\/\/gradadigital.com\/home\/wp-content\/uploads\/2015\/06\/justo_villar_paraguay_26062015.jpg\" alt=\"\" \/><\/p>\n<p style=\"text-align: center;\"><img decoding=\"async\" class=\"details-image\" draggable=\"false\" src=\"http:\/\/gradadigital.com\/home\/wp-content\/uploads\/2014\/12\/banner_opcion_comentarios_gd.jpg\" alt=\"\" \/><\/p>\n<p style=\"text-align: justify;\"><strong>EFE &#8211;<\/strong> El portero titular de Paraguay, Justo Villar, afirm\u00f3 hoy que le gustar\u00eda repetir ma\u00f1ana el triunfo en la tanda de penaltis contra Brasil, como ocurri\u00f3 en los cuartos de final de la Copa Am\u00e9rica de 2011.<\/p>\n<p style=\"text-align: justify;\">En ese partido jugado hace cuatro a\u00f1os, Villar fue uno de los grandes art\u00edfices de forzar la tanda penaltis al salvar a Paraguay con sus atajadas.<\/p>\n<p style=\"text-align: justify;\">Despu\u00e9s en los penaltis Paraguay logr\u00f3 la clasificaci\u00f3n, despu\u00e9s de que los brasile\u00f1os tiraran fuera tres lanzamientos y el otro lo parase Villar a Thiago Silva.<\/p>\n<p style=\"text-align: justify;\">Para Villar ese partido es \u00abhistoria pasada\u00bb y no condicionar\u00e1 el choque de ma\u00f1ana, tambi\u00e9n por los cuartos de final de la Copa Am\u00e9rica, pero asegur\u00f3 que le \u00abgustar\u00eda repetirlo\u00bb.<\/p>\n<p style=\"text-align: justify;\">El portero afirm\u00f3 que el partido contra Brasil es el \u00abm\u00e1s importante\u00bb que juega Paraguay despu\u00e9s de la final de la Copa Am\u00e9rica pasada, que perdi\u00f3 ante Uruguay y consider\u00f3 que \u00abpuede marcar\u00bb al equipo de cara a las eliminatorias del Mundial de Rusia de 2018, que comienzan el pr\u00f3ximo octubre.<\/p>\n<p style=\"text-align: center;\"><a href=\"https:\/\/play.google.com\/store\/apps\/details?id=com.app.gradadigital\" target=\"_blank\"><img decoding=\"async\" class=\"details-image\" draggable=\"false\" src=\"http:\/\/gradadigital.com\/home\/wp-content\/uploads\/2014\/10\/banner_aplicacion_V2_GRADADIGITAL_17102014.jpg\" alt=\"\" \/><\/a><\/p>\n","protected":false},"excerpt":{"rendered":"<p>EFE &#8211; El portero titular de Paraguay, Justo Villar, afirm\u00f3 hoy que le gustar\u00eda repetir ma\u00f1ana el triunfo en la tanda de penaltis contra Brasil, como ocurri\u00f3 en los cuartos de final de la Copa Am\u00e9rica de 2011. En ese partido jugado hace cuatro a\u00f1os, Villar fue uno de los grandes art\u00edfices de forzar la &#8230;<\/p>\n","protected":false},"author":3,"featured_media":21137,"comment_status":"closed","ping_status":"closed","sticky":false,"template":"","format":"standard","meta":{"footnotes":""},"categories":[752,42,36],"tags":[348,79,1206,932,1369,210],"class_list":["post-21140","post","type-post","status-publish","format-standard","has-post-thumbnail","hentry","category-appgd","category-copa-america","category-internacional","tag-brasil","tag-chile","tag-chile-2015","tag-copa-america","tag-justo-villar","tag-paraguay"],"_links":{"self":[{"href":"http:\/\/gradadigital.com\/home\/wp-json\/wp\/v2\/posts\/21140","targetHints":{"allow":["GET"]}}],"collection":[{"href":"http:\/\/gradadigital.com\/home\/wp-json\/wp\/v2\/posts"}],"about":[{"href":"http:\/\/gradadigital.com\/home\/wp-json\/wp\/v2\/types\/post"}],"author":[{"embeddable":true,"href":"http:\/\/gradadigital.com\/home\/wp-json\/wp\/v2\/users\/3"}],"replies":[{"embeddable":true,"href":"http:\/\/gradadigital.com\/home\/wp-json\/wp\/v2\/comments?post=21140"}],"version-history":[{"count":1,"href":"http:\/\/gradadigital.com\/home\/wp-json\/wp\/v2\/posts\/21140\/revisions"}],"predecessor-version":[{"id":21141,"href":"http:\/\/gradadigital.com\/home\/wp-json\/wp\/v2\/posts\/21140\/revisions\/21141"}],"wp:featuredmedia":[{"embeddable":true,"href":"http:\/\/gradadigital.com\/home\/wp-json\/wp\/v2\/media\/21137"}],"wp:attachment":[{"href":"http:\/\/gradadigital.com\/home\/wp-json\/wp\/v2\/media?parent=21140"}],"wp:term":[{"taxonomy":"category","embeddable":true,"href":"http:\/\/gradadigital.com\/home\/wp-json\/wp\/v2\/categories?post=21140"},{"taxonomy":"post_tag","embeddable":true,"href":"http:\/\/gradadigital.com\/home\/wp-json\/wp\/v2\/tags?post=21140"}],"curies":[{"name":"wp","href":"https:\/\/api.w.org\/{rel}","templated":true}]}}