{"id":21135,"date":"2015-06-26T18:50:41","date_gmt":"2015-06-26T23:20:41","guid":{"rendered":"http:\/\/gradadigital.com\/home\/?p=21135"},"modified":"2015-06-26T18:50:41","modified_gmt":"2015-06-26T23:20:41","slug":"filipe-luis-dice-que-tanto-cavani-como-jara-se-equivocaron","status":"publish","type":"post","link":"http:\/\/gradadigital.com\/home\/filipe-luis-dice-que-tanto-cavani-como-jara-se-equivocaron\/","title":{"rendered":"Filipe Luis dice que tanto Cavani como Jara se equivocaron"},"content":{"rendered":"<p style=\"text-align: center;\"><img decoding=\"async\" class=\"details-image\" draggable=\"false\" src=\"http:\/\/gradadigital.com\/home\/wp-content\/uploads\/2015\/06\/filipe_luis_brasil_26062015_1.jpg\" alt=\"\" \/><\/p>\n<p style=\"text-align: center;\"><img decoding=\"async\" class=\"details-image\" draggable=\"false\" src=\"http:\/\/gradadigital.com\/home\/wp-content\/uploads\/2014\/12\/banner_opcion_comentarios_gd.jpg\" alt=\"\" \/><\/p>\n<p style=\"text-align: justify;\"><strong>EFE &#8211;<\/strong> El lateral izquierdo brasile\u00f1o Filipe Luis opin\u00f3 hoy que tanto Edinson Cavani como Gonzalo Jara \u00abse equivocaron\u00bb en la pol\u00e9mica entre ambos ocurrida en el partido Chile-Uruguay de los cuartos de final de la Copa Am\u00e9rica.<\/p>\n<p style=\"text-align: justify;\"><strong>\u00abS\u00e9 que Jara fue el que provoc\u00f3, pero quien perdi\u00f3 la cabeza fue Cavani, los dos se equivocaron\u00bb<\/strong>, coment\u00f3 Filipe Luis en una rueda de prensa.<\/p>\n<p style=\"text-align: justify;\">Cavani fue expulsado por reaccionar y apartar con la mano en la cara a Jara, despu\u00e9s de que el jugador chileno le colocase un dedo en el trasero.<\/p>\n<p style=\"text-align: justify;\"><strong>\u00abEs una situaci\u00f3n complicada, viv\u00ed situaciones as\u00ed, a veces no se puede aguantar, si tienes la cabeza caliente\u00bb<\/strong>, agreg\u00f3 el defensa del Chelsea, que tambi\u00e9n abog\u00f3 porque se castiguen las acciones \u00abmalas\u00bb aunque sea despu\u00e9s de los partidos.<\/p>\n<p style=\"text-align: justify;\">En la misma rueda de prensa, el seleccionador brasile\u00f1o, Dunga, consider\u00f3 que <strong>\u00abese tipo de provocaciones siempre hubo y habr\u00e1 en el f\u00fatbol\u00bb<\/strong>, aunque celebr\u00f3 que gracias a las c\u00e1maras, <strong>\u00abes dif\u00edcil que alguna cosa escape\u00bb<\/strong>.<\/p>\n<p style=\"text-align: justify;\">Dunga alab\u00f3 que las c\u00e1maras contribuyan a que \u00abcada vez m\u00e1s haya un f\u00fatbol limpio\u00bb y, sin hablar directamente del caso de Jara, pidi\u00f3 que la Conmebol sea dura con todos, del mismo modo que \u00abfue dura con Neymar\u00bb.<\/p>\n<p style=\"text-align: center;\"><a href=\"https:\/\/play.google.com\/store\/apps\/details?id=com.app.gradadigital\" target=\"_blank\"><img decoding=\"async\" class=\"details-image\" draggable=\"false\" src=\"http:\/\/gradadigital.com\/home\/wp-content\/uploads\/2014\/10\/banner_aplicacion_V2_GRADADIGITAL_17102014.jpg\" alt=\"\" \/><\/a><\/p>\n","protected":false},"excerpt":{"rendered":"<p>EFE &#8211; El lateral izquierdo brasile\u00f1o Filipe Luis opin\u00f3 hoy que tanto Edinson Cavani como Gonzalo Jara \u00abse equivocaron\u00bb en la pol\u00e9mica entre ambos ocurrida en el partido Chile-Uruguay de los cuartos de final de la Copa Am\u00e9rica. \u00abS\u00e9 que Jara fue el que provoc\u00f3, pero quien perdi\u00f3 la cabeza fue Cavani, los dos se &#8230;<\/p>\n","protected":false},"author":3,"featured_media":21133,"comment_status":"closed","ping_status":"closed","sticky":false,"template":"","format":"standard","meta":{"footnotes":""},"categories":[752,42,36],"tags":[348,79,1206,932,770,1368,1363,301],"class_list":["post-21135","post","type-post","status-publish","format-standard","has-post-thumbnail","hentry","category-appgd","category-copa-america","category-internacional","tag-brasil","tag-chile","tag-chile-2015","tag-copa-america","tag-edinson-cavani","tag-filipe-luis","tag-gonzalo-jara","tag-uruguay"],"_links":{"self":[{"href":"http:\/\/gradadigital.com\/home\/wp-json\/wp\/v2\/posts\/21135","targetHints":{"allow":["GET"]}}],"collection":[{"href":"http:\/\/gradadigital.com\/home\/wp-json\/wp\/v2\/posts"}],"about":[{"href":"http:\/\/gradadigital.com\/home\/wp-json\/wp\/v2\/types\/post"}],"author":[{"embeddable":true,"href":"http:\/\/gradadigital.com\/home\/wp-json\/wp\/v2\/users\/3"}],"replies":[{"embeddable":true,"href":"http:\/\/gradadigital.com\/home\/wp-json\/wp\/v2\/comments?post=21135"}],"version-history":[{"count":1,"href":"http:\/\/gradadigital.com\/home\/wp-json\/wp\/v2\/posts\/21135\/revisions"}],"predecessor-version":[{"id":21136,"href":"http:\/\/gradadigital.com\/home\/wp-json\/wp\/v2\/posts\/21135\/revisions\/21136"}],"wp:featuredmedia":[{"embeddable":true,"href":"http:\/\/gradadigital.com\/home\/wp-json\/wp\/v2\/media\/21133"}],"wp:attachment":[{"href":"http:\/\/gradadigital.com\/home\/wp-json\/wp\/v2\/media?parent=21135"}],"wp:term":[{"taxonomy":"category","embeddable":true,"href":"http:\/\/gradadigital.com\/home\/wp-json\/wp\/v2\/categories?post=21135"},{"taxonomy":"post_tag","embeddable":true,"href":"http:\/\/gradadigital.com\/home\/wp-json\/wp\/v2\/tags?post=21135"}],"curies":[{"name":"wp","href":"https:\/\/api.w.org\/{rel}","templated":true}]}}