{"id":21125,"date":"2015-06-26T17:55:59","date_gmt":"2015-06-26T22:25:59","guid":{"rendered":"http:\/\/gradadigital.com\/home\/?p=21125"},"modified":"2015-06-26T17:55:59","modified_gmt":"2015-06-26T22:25:59","slug":"cavani-visita-a-su-padre-en-una-carcel-en-el-interior-de-uruguay","status":"publish","type":"post","link":"http:\/\/gradadigital.com\/home\/cavani-visita-a-su-padre-en-una-carcel-en-el-interior-de-uruguay\/","title":{"rendered":"Cavani visita a su padre en una c\u00e1rcel en el interior de Uruguay"},"content":{"rendered":"<p style=\"text-align: center;\"><img decoding=\"async\" class=\"details-image\" draggable=\"false\" src=\"http:\/\/gradadigital.com\/home\/wp-content\/uploads\/2015\/06\/edinson_cavani_uruguay_26062015.jpg\" alt=\"\" \/><\/p>\n<p style=\"text-align: center;\"><img decoding=\"async\" class=\"details-image\" draggable=\"false\" src=\"http:\/\/gradadigital.com\/home\/wp-content\/uploads\/2014\/12\/banner_opcion_comentarios_gd.jpg\" alt=\"\" \/><\/p>\n<p style=\"text-align: justify;\"><strong>EFE &#8211;<\/strong> El jugador de la selecci\u00f3n uruguaya de f\u00fatbol Edinson Cavani visit\u00f3 este viernes a su padre, Luis Cavani, que se encuentra detenido en una c\u00e1rcel en Fray Bentos, ciudad a oeste de Uruguay en la frontera con Argentina, por protagonizar mientras manejaba alcoholizado un accidente de tr\u00e1fico que mat\u00f3 a un joven.<\/p>\n<p style=\"text-align: justify;\">El padre del delantero conduc\u00eda una camioneta de propiedad de su hijo futbolista cuando choc\u00f3 el pasado lunes contra un motociclista de 19 a\u00f1os, que falleci\u00f3 horas despu\u00e9s en el departamento de Salto, en el noroeste de Uruguay, explicaron fuentes judiciales.<\/p>\n<p style=\"text-align: justify;\">Asimismo, Cavani fue trasladado a la c\u00e1rcel en Fray Bentos, donde le visit\u00f3 hoy su hijo, quien fue visto llegar en su veh\u00edculo y a trav\u00e9s de un acceso distinto en un operativo de seguridad montado especialmente para recibir al jugador, inform\u00f3 el diario uruguayo El Pa\u00eds en su edici\u00f3n digital.<\/p>\n<p style=\"text-align: justify;\">El delantero de la selecci\u00f3n regres\u00f3 a Uruguay ayer despu\u00e9s de la derrota sufrida el mi\u00e9rcoles por la celeste en la Copa Am\u00e9rica ante los anfitriones chilenos en un pol\u00e9mico partido del cual Cavani result\u00f3 expulsado tras reaccionar al gesto del defensa adversario Gonzalo Jara, quien previamente puso un dedo en el trasero del uruguayo.<\/p>\n<p style=\"text-align: justify;\">En un primer momento, el martes, el futbolista declin\u00f3 volver a su pa\u00eds al conocer la noticia del accidente en el que estuvo involucrado su padre.<\/p>\n<p style=\"text-align: justify;\">La Justicia inform\u00f3 ese mismo d\u00eda que el examen para determinar el consumo de alcohol del conductor \u00abregistr\u00f3 16,9 decigramos\u00bb, una dosis considerada alta seg\u00fan dijeron a Efe fuentes judiciales en aquel momento.<\/p>\n<p style=\"text-align: center;\"><a href=\"https:\/\/play.google.com\/store\/apps\/details?id=com.app.gradadigital\" target=\"_blank\"><img decoding=\"async\" class=\"details-image\" draggable=\"false\" src=\"http:\/\/gradadigital.com\/home\/wp-content\/uploads\/2014\/10\/banner_aplicacion_V2_GRADADIGITAL_17102014.jpg\" alt=\"\" \/><\/a><\/p>\n","protected":false},"excerpt":{"rendered":"<p>EFE &#8211; El jugador de la selecci\u00f3n uruguaya de f\u00fatbol Edinson Cavani visit\u00f3 este viernes a su padre, Luis Cavani, que se encuentra detenido en una c\u00e1rcel en Fray Bentos, ciudad a oeste de Uruguay en la frontera con Argentina, por protagonizar mientras manejaba alcoholizado un accidente de tr\u00e1fico que mat\u00f3 a un joven. El &#8230;<\/p>\n","protected":false},"author":3,"featured_media":21126,"comment_status":"closed","ping_status":"closed","sticky":false,"template":"","format":"standard","meta":{"footnotes":""},"categories":[752,42,36],"tags":[770,1367,1366,301],"class_list":["post-21125","post","type-post","status-publish","format-standard","has-post-thumbnail","hentry","category-appgd","category-copa-america","category-internacional","tag-edinson-cavani","tag-fray-bentos","tag-luis-cavani","tag-uruguay"],"_links":{"self":[{"href":"http:\/\/gradadigital.com\/home\/wp-json\/wp\/v2\/posts\/21125","targetHints":{"allow":["GET"]}}],"collection":[{"href":"http:\/\/gradadigital.com\/home\/wp-json\/wp\/v2\/posts"}],"about":[{"href":"http:\/\/gradadigital.com\/home\/wp-json\/wp\/v2\/types\/post"}],"author":[{"embeddable":true,"href":"http:\/\/gradadigital.com\/home\/wp-json\/wp\/v2\/users\/3"}],"replies":[{"embeddable":true,"href":"http:\/\/gradadigital.com\/home\/wp-json\/wp\/v2\/comments?post=21125"}],"version-history":[{"count":1,"href":"http:\/\/gradadigital.com\/home\/wp-json\/wp\/v2\/posts\/21125\/revisions"}],"predecessor-version":[{"id":21127,"href":"http:\/\/gradadigital.com\/home\/wp-json\/wp\/v2\/posts\/21125\/revisions\/21127"}],"wp:featuredmedia":[{"embeddable":true,"href":"http:\/\/gradadigital.com\/home\/wp-json\/wp\/v2\/media\/21126"}],"wp:attachment":[{"href":"http:\/\/gradadigital.com\/home\/wp-json\/wp\/v2\/media?parent=21125"}],"wp:term":[{"taxonomy":"category","embeddable":true,"href":"http:\/\/gradadigital.com\/home\/wp-json\/wp\/v2\/categories?post=21125"},{"taxonomy":"post_tag","embeddable":true,"href":"http:\/\/gradadigital.com\/home\/wp-json\/wp\/v2\/tags?post=21125"}],"curies":[{"name":"wp","href":"https:\/\/api.w.org\/{rel}","templated":true}]}}