{"id":21113,"date":"2015-06-26T13:37:25","date_gmt":"2015-06-26T18:07:25","guid":{"rendered":"http:\/\/gradadigital.com\/home\/?p=21113"},"modified":"2015-06-26T13:37:25","modified_gmt":"2015-06-26T18:07:25","slug":"david-pizarro-peru-tiene-muy-buenas-individualidades","status":"publish","type":"post","link":"http:\/\/gradadigital.com\/home\/david-pizarro-peru-tiene-muy-buenas-individualidades\/","title":{"rendered":"David Pizarro: \u00abPer\u00fa tiene muy buenas individualidades\u00bb"},"content":{"rendered":"<p style=\"text-align: center;\"><img decoding=\"async\" class=\"details-image\" draggable=\"false\" src=\"http:\/\/gradadigital.com\/home\/wp-content\/uploads\/2015\/06\/david_pizarro_chile_26062015.jpg\" alt=\"\" \/><\/p>\n<p style=\"text-align: center;\"><img decoding=\"async\" class=\"details-image\" draggable=\"false\" src=\"http:\/\/gradadigital.com\/home\/wp-content\/uploads\/2014\/12\/banner_opcion_comentarios_gd.jpg\" alt=\"\" \/><\/p>\n<p style=\"text-align: justify;\"><strong>EFE &#8211;<\/strong> El centrocampista David Pizarro afirm\u00f3 hoy que la selecci\u00f3n chilena tiene \u00abun compromiso muy grande\u00bb con el pa\u00eds en la Copa Am\u00e9rica y destac\u00f3 la dificultad del duelo de semifinales ante Per\u00fa, en especial por el talento de sus jugadores.<\/p>\n<p style=\"text-align: justify;\"><strong>\u00abPer\u00fa tiene muy buenas individualidades, como ha quedado demostrado en esta Copa. Es un rival muy complicado\u00bb<\/strong>, dijo en rueda de prensa el futbolista del Fiorentina italiano.<\/p>\n<p style=\"text-align: justify;\">Pizarro se mostr\u00f3 intrigado por la \u00abversi\u00f3n\u00bb peruana que se ver\u00e1 el pr\u00f3ximo lunes en el Estadio Nacional; el conjunto defensivo del choque ante Colombia en la fase de grupos o el equipo con esp\u00edritu ofensivo que derrot\u00f3 ayer a Bolivia (1-3) en los cuartos de final.<\/p>\n<p style=\"text-align: justify;\">El jugador, de 35 a\u00f1os, afirm\u00f3 que est\u00e1 disfrutando al m\u00e1ximo la experiencia de jugar este torneo, que seguramente ser\u00e1 el \u00faltimo de su carrera, pese a que ha tenido pocos minutos de acci\u00f3n.<\/p>\n<p style=\"text-align: justify;\"><strong>\u00abExtra\u00f1\u00e9 mucho la selecci\u00f3n y estoy pr\u00e1cticamente en la parte final de mi carrera y como dicen algunos estoy corriendo m\u00e1s que antes\u00bb<\/strong>, dijo entre risas Pizarro, que renunci\u00f3 a la Roja durante varios a\u00f1os, hastiado de las indisciplinas de sus compa\u00f1eros.<\/p>\n<p style=\"text-align: justify;\">El volante Mat\u00edas Fern\u00e1ndez, compa\u00f1ero de Pizarro en el Fiorentina, resalt\u00f3 que Chile ha logrado plasmar un \u00abestilo de juego\u00bb que lo caracteriza en esta Copa Am\u00e9rica y rechaz\u00f3 que su equipo sea favorito en las semifinales, pese a jugar en casa.<\/p>\n<p style=\"text-align: justify;\">Ambos restaron importancia a las palabras del peruano Juan Manuel Vargas, con el que comparten vestuario en Italia, quien afirm\u00f3 que Alexis S\u00e1nchez y Eduardo Vargas \u00abno son nada del otro mundo\u00bb.<\/p>\n<p style=\"text-align: justify;\">Tambi\u00e9n defendieron a su compa\u00f1ero Gonzalo Jara de las cr\u00edticas que ha recibido por provocar al uruguayo Edinson Cavani al meterle un dedo en el trasero, y dijeron que Uruguay no acept\u00f3 la derrota en el choque de cuartos de final.<\/p>\n<p style=\"text-align: justify;\"><strong>\u00abUruguay es una selecci\u00f3n ganadora y perder en instancias a las que no est\u00e1n acostumbrados es dif\u00edcil de aceptar\u00bb<\/strong>, sostuvo Pizarro.<\/p>\n<p style=\"text-align: center;\"><a href=\"https:\/\/play.google.com\/store\/apps\/details?id=com.app.gradadigital\" target=\"_blank\"><img decoding=\"async\" class=\"details-image\" draggable=\"false\" src=\"http:\/\/gradadigital.com\/home\/wp-content\/uploads\/2014\/10\/banner_aplicacion_V2_GRADADIGITAL_17102014.jpg\" alt=\"\" \/><\/a><\/p>\n","protected":false},"excerpt":{"rendered":"<p>EFE &#8211; El centrocampista David Pizarro afirm\u00f3 hoy que la selecci\u00f3n chilena tiene \u00abun compromiso muy grande\u00bb con el pa\u00eds en la Copa Am\u00e9rica y destac\u00f3 la dificultad del duelo de semifinales ante Per\u00fa, en especial por el talento de sus jugadores. \u00abPer\u00fa tiene muy buenas individualidades, como ha quedado demostrado en esta Copa. Es &#8230;<\/p>\n","protected":false},"author":3,"featured_media":21115,"comment_status":"closed","ping_status":"closed","sticky":false,"template":"","format":"standard","meta":{"footnotes":""},"categories":[752,42,36],"tags":[79,1206,932,1364,1148],"class_list":["post-21113","post","type-post","status-publish","format-standard","has-post-thumbnail","hentry","category-appgd","category-copa-america","category-internacional","tag-chile","tag-chile-2015","tag-copa-america","tag-david-pizarro","tag-peru"],"_links":{"self":[{"href":"http:\/\/gradadigital.com\/home\/wp-json\/wp\/v2\/posts\/21113","targetHints":{"allow":["GET"]}}],"collection":[{"href":"http:\/\/gradadigital.com\/home\/wp-json\/wp\/v2\/posts"}],"about":[{"href":"http:\/\/gradadigital.com\/home\/wp-json\/wp\/v2\/types\/post"}],"author":[{"embeddable":true,"href":"http:\/\/gradadigital.com\/home\/wp-json\/wp\/v2\/users\/3"}],"replies":[{"embeddable":true,"href":"http:\/\/gradadigital.com\/home\/wp-json\/wp\/v2\/comments?post=21113"}],"version-history":[{"count":1,"href":"http:\/\/gradadigital.com\/home\/wp-json\/wp\/v2\/posts\/21113\/revisions"}],"predecessor-version":[{"id":21116,"href":"http:\/\/gradadigital.com\/home\/wp-json\/wp\/v2\/posts\/21113\/revisions\/21116"}],"wp:featuredmedia":[{"embeddable":true,"href":"http:\/\/gradadigital.com\/home\/wp-json\/wp\/v2\/media\/21115"}],"wp:attachment":[{"href":"http:\/\/gradadigital.com\/home\/wp-json\/wp\/v2\/media?parent=21113"}],"wp:term":[{"taxonomy":"category","embeddable":true,"href":"http:\/\/gradadigital.com\/home\/wp-json\/wp\/v2\/categories?post=21113"},{"taxonomy":"post_tag","embeddable":true,"href":"http:\/\/gradadigital.com\/home\/wp-json\/wp\/v2\/tags?post=21113"}],"curies":[{"name":"wp","href":"https:\/\/api.w.org\/{rel}","templated":true}]}}