{"id":21110,"date":"2015-06-26T09:37:58","date_gmt":"2015-06-26T14:07:58","guid":{"rendered":"http:\/\/gradadigital.com\/home\/?p=21110"},"modified":"2015-06-28T11:43:52","modified_gmt":"2015-06-28T16:13:52","slug":"video-candal-hay-que-apoyar-al-futbol-nacional-que-es-apoyar-a-la-vinotinto","status":"publish","type":"post","link":"http:\/\/gradadigital.com\/home\/video-candal-hay-que-apoyar-al-futbol-nacional-que-es-apoyar-a-la-vinotinto\/","title":{"rendered":"+VIDEO | Candal: \u00abHay que apoyar al f\u00fatbol nacional que es apoyar a La Vinotinto\u00bb"},"content":{"rendered":"<p><iframe loading=\"lazy\" src=\"https:\/\/www.youtube.com\/embed\/dok6KJ82_DE\" width=\"682\" height=\"384\" frameborder=\"0\" allowfullscreen=\"allowfullscreen\"><\/iframe><\/p>\n<p style=\"text-align: center;\"><img loading=\"lazy\" decoding=\"async\" class=\"alignnone size-full wp-image-16349\" src=\"http:\/\/gradadigital.com\/home\/wp-content\/uploads\/2014\/12\/banner_opcion_comentarios_gd.jpg\" alt=\"banner_opcion_comentarios_gd\" width=\"621\" height=\"41\" srcset=\"http:\/\/gradadigital.com\/home\/wp-content\/uploads\/2014\/12\/banner_opcion_comentarios_gd.jpg 621w, http:\/\/gradadigital.com\/home\/wp-content\/uploads\/2014\/12\/banner_opcion_comentarios_gd-300x19.jpg 300w, http:\/\/gradadigital.com\/home\/wp-content\/uploads\/2014\/12\/banner_opcion_comentarios_gd-620x41.jpg 620w\" sizes=\"auto, (max-width: 621px) 100vw, 621px\" \/><\/p>\n<p style=\"text-align: justify;\"><strong>GradaDigital.com, Santiago de Chile &#8211;<\/strong> El reconocido periodista de DIRECTV Sports, Alex Candal, convers\u00f3 con Grada Digital para compartir su percepci\u00f3n de lo que fue el rendimiento de La Vinotinto en la Copa Am\u00e9rica Chile 2015. El venezolano que hace presencia en el conocido programa F\u00fatbol Total, coment\u00f3 que la cobertura ha sido <strong>\u00abuna experiencia extraordinaria, aunque uno se siente un poco triste por no haber seguido Venezuela\u00bb<\/strong>.<\/p>\n<p style=\"text-align: justify;\">Candal asegur\u00f3 que el torneo lo ha estado <strong>\u00abdisfrutando, sintiendo y llorando\u00bb<\/strong>, y cree que la eliminaci\u00f3n de Venezuela en la primera fase se debe a que <strong>\u00abla Copa Am\u00e9rica es muy dif\u00edcil, pierdes un partido como contra Per\u00fa y se est\u00e1 afuera. Luego definir ante Brasil era una tarea dif\u00edcil. Las circunstancias del \u00e1rbitro nos perjudic\u00f3 de alguna manera cuando\u00a0pudo haber amonestado con amarilla a Amorebieta. Ac\u00e1 se pierde un partido y practicamente est\u00e1s afuera\u00bb<\/strong>.<\/p>\n<p style=\"text-align: justify;\">De igual manera, cree que los dirigidos por Noel Sanvicente <strong>\u00abhan hecho un gran papel, un gran trabajo\u00bb<\/strong>. Para que los resultados mejoren considera que primero debe mejorar el torneo venezolano. <strong>\u00abEl f\u00fatbol nacional, el f\u00fatbol base es el que puede darle beneficios a la selecci\u00f3n. No podemos pedirle\u00a0a la selecci\u00f3n cuando tenemos un f\u00fatbol tan deficiente localmente\u00bb<\/strong>. Su llamado es <strong>\u00abmantener la ilusi\u00f3n y apoyar al f\u00fatbol nacional que es apoyar a La Vinotinto\u00bb<\/strong>.<\/p>\n<p style=\"text-align: justify;\"><em><strong>\u00a1Dale Play al video y conoce el resto de sus declaraciones y m\u00e1s!<\/strong><\/em><\/p>\n<p style=\"text-align: center;\"><a href=\"https:\/\/play.google.com\/store\/apps\/details?id=com.app.gradadigital\" target=\"_blank\"><img loading=\"lazy\" decoding=\"async\" class=\"alignnone size-full wp-image-15415\" src=\"http:\/\/gradadigital.com\/home\/wp-content\/uploads\/2014\/10\/banner_aplicacion_V2_GRADADIGITAL_17102014.jpg\" alt=\"banner_aplicacion_V2_GRADADIGITAL_17102014\" width=\"620\" height=\"100\" srcset=\"http:\/\/gradadigital.com\/home\/wp-content\/uploads\/2014\/10\/banner_aplicacion_V2_GRADADIGITAL_17102014.jpg 620w, http:\/\/gradadigital.com\/home\/wp-content\/uploads\/2014\/10\/banner_aplicacion_V2_GRADADIGITAL_17102014-300x48.jpg 300w\" sizes=\"auto, (max-width: 620px) 100vw, 620px\" \/><\/a><\/p>\n","protected":false},"excerpt":{"rendered":"<p>GradaDigital.com, Santiago de Chile &#8211; El reconocido periodista de DIRECTV Sports, Alex Candal, convers\u00f3 con Grada Digital para compartir su percepci\u00f3n de lo que fue el rendimiento de La Vinotinto en la Copa Am\u00e9rica Chile 2015. El venezolano que hace presencia en el conocido programa F\u00fatbol Total, coment\u00f3 que la cobertura ha sido \u00abuna experiencia &#8230;<\/p>\n","protected":false},"author":4,"featured_media":21111,"comment_status":"closed","ping_status":"closed","sticky":false,"template":"","format":"standard","meta":{"footnotes":""},"categories":[27,752,42,5,36,40,3],"tags":[1391,79,1206,932,84,1390,1306,71],"class_list":["post-21110","post","type-post","status-publish","format-standard","has-post-thumbnail","hentry","category-video","category-appgd","category-copa-america","category-futbol-nacional","category-internacional","category-seleccion-nacional-mayores","category-seleccion-nacional","tag-alex-candal","tag-chile","tag-chile-2015","tag-copa-america","tag-directv-sports","tag-futbol-total","tag-santiago","tag-vinotinto"],"_links":{"self":[{"href":"http:\/\/gradadigital.com\/home\/wp-json\/wp\/v2\/posts\/21110","targetHints":{"allow":["GET"]}}],"collection":[{"href":"http:\/\/gradadigital.com\/home\/wp-json\/wp\/v2\/posts"}],"about":[{"href":"http:\/\/gradadigital.com\/home\/wp-json\/wp\/v2\/types\/post"}],"author":[{"embeddable":true,"href":"http:\/\/gradadigital.com\/home\/wp-json\/wp\/v2\/users\/4"}],"replies":[{"embeddable":true,"href":"http:\/\/gradadigital.com\/home\/wp-json\/wp\/v2\/comments?post=21110"}],"version-history":[{"count":3,"href":"http:\/\/gradadigital.com\/home\/wp-json\/wp\/v2\/posts\/21110\/revisions"}],"predecessor-version":[{"id":21214,"href":"http:\/\/gradadigital.com\/home\/wp-json\/wp\/v2\/posts\/21110\/revisions\/21214"}],"wp:featuredmedia":[{"embeddable":true,"href":"http:\/\/gradadigital.com\/home\/wp-json\/wp\/v2\/media\/21111"}],"wp:attachment":[{"href":"http:\/\/gradadigital.com\/home\/wp-json\/wp\/v2\/media?parent=21110"}],"wp:term":[{"taxonomy":"category","embeddable":true,"href":"http:\/\/gradadigital.com\/home\/wp-json\/wp\/v2\/categories?post=21110"},{"taxonomy":"post_tag","embeddable":true,"href":"http:\/\/gradadigital.com\/home\/wp-json\/wp\/v2\/tags?post=21110"}],"curies":[{"name":"wp","href":"https:\/\/api.w.org\/{rel}","templated":true}]}}