{"id":21094,"date":"2015-06-25T08:17:09","date_gmt":"2015-06-25T12:47:09","guid":{"rendered":"http:\/\/gradadigital.com\/home\/?p=21094"},"modified":"2015-06-25T08:17:09","modified_gmt":"2015-06-25T12:47:09","slug":"formalizaran-cargos-contra-arturo-vidal","status":"publish","type":"post","link":"http:\/\/gradadigital.com\/home\/formalizaran-cargos-contra-arturo-vidal\/","title":{"rendered":"Formalizar\u00e1n cargos contra Arturo Vidal"},"content":{"rendered":"<p style=\"text-align: center;\"><img loading=\"lazy\" decoding=\"async\" class=\"alignnone size-full wp-image-21095\" src=\"http:\/\/gradadigital.com\/home\/wp-content\/uploads\/2015\/06\/arturo_vidal_chile_uruguay_24062015.jpg\" alt=\"arturo_vidal_chile_uruguay_24062015\" width=\"682\" height=\"455\" srcset=\"http:\/\/gradadigital.com\/home\/wp-content\/uploads\/2015\/06\/arturo_vidal_chile_uruguay_24062015.jpg 682w, http:\/\/gradadigital.com\/home\/wp-content\/uploads\/2015\/06\/arturo_vidal_chile_uruguay_24062015-300x200.jpg 300w\" sizes=\"auto, (max-width: 682px) 100vw, 682px\" \/><\/p>\n<p style=\"text-align: center;\"><img loading=\"lazy\" decoding=\"async\" class=\"alignnone size-full wp-image-16349\" src=\"http:\/\/gradadigital.com\/home\/wp-content\/uploads\/2014\/12\/banner_opcion_comentarios_gd.jpg\" alt=\"banner_opcion_comentarios_gd\" width=\"621\" height=\"41\" srcset=\"http:\/\/gradadigital.com\/home\/wp-content\/uploads\/2014\/12\/banner_opcion_comentarios_gd.jpg 621w, http:\/\/gradadigital.com\/home\/wp-content\/uploads\/2014\/12\/banner_opcion_comentarios_gd-300x19.jpg 300w, http:\/\/gradadigital.com\/home\/wp-content\/uploads\/2014\/12\/banner_opcion_comentarios_gd-620x41.jpg 620w\" sizes=\"auto, (max-width: 621px) 100vw, 621px\" \/><\/p>\n<p style=\"text-align: justify;\"><strong>Notimex &#8211;<\/strong> El mediocampista chileno Arturo Vidal, acusado por el delito de \u201cofensas a la autoridad\u201d por agredir de manera verbal a un polic\u00eda tras el accidente que protagoniz\u00f3 la semana pasada bajo la influencia del alcohol.<\/p>\n<p style=\"text-align: justify;\">Fuentes judiciales indicaron este mi\u00e9rcoles que el Juzgado de Garant\u00eda de San Bernardo cit\u00f3 al chileno el 8 de julio pr\u00f3ximo para una nueva audiencia de formalizaci\u00f3n de cargos contra el jugador de la Juventus italiana.<\/p>\n<p style=\"text-align: justify;\">El sargento de la militarizada polic\u00eda de Carabineros Osvaldo Pezoa Collao, quien detuvo a Vidal tras el accidente, declar\u00f3 ante la Fiscal\u00eda Metropolitana Occidente y relat\u00f3 detalles de los hechos acontecidos el pasado 16 de junio.<\/p>\n<p style=\"text-align: justify;\">De acuerdo con la versi\u00f3n del polic\u00eda, el jugador lo insult\u00f3 y golpe\u00f3 tras chocar su Ferrari en un camino de acceso a Santiago tras disfrutar de la tarde-noche en un casino de juegos donde bebi\u00f3 al menos dos vasos de alcohol.<\/p>\n<p style=\"text-align: justify;\">De acuerdo con grabaciones de testigos del accidente, el seleccionado chileno increp\u00f3 al funcionario policial, lo amenaz\u00f3 e incluso intent\u00f3 enga\u00f1ar al indicar que era otra persona quien conduc\u00eda su Ferrari.<\/p>\n<p style=\"text-align: justify;\">El jugador fue formalizado ante un juzgado local, el que decidi\u00f3 suspenderle la licencia de conducir y decret\u00f3 que, durante los 120 d\u00edas que durar\u00e1 la investigaci\u00f3n, deber\u00e1 firmar una vez al mes en el consulado chileno en Mil\u00e1n, donde reside Vidal.<\/p>\n<p style=\"text-align: justify;\">El seleccionado, que este mi\u00e9rcoles ser\u00e1 titular ante Uruguay en los Cuartos de Final de la Copa Am\u00e9rica, pidi\u00f3 luego de ser dejado en libertad excusas al pa\u00eds y reconoci\u00f3 haber ingerido alcohol durante esa tarde.<\/p>\n<p style=\"text-align: center;\"><a href=\"https:\/\/play.google.com\/store\/apps\/details?id=com.app.gradadigital\" target=\"_blank\"><img loading=\"lazy\" decoding=\"async\" class=\"alignnone size-full wp-image-15415\" src=\"http:\/\/gradadigital.com\/home\/wp-content\/uploads\/2014\/10\/banner_aplicacion_V2_GRADADIGITAL_17102014.jpg\" alt=\"banner_aplicacion_V2_GRADADIGITAL_17102014\" width=\"620\" height=\"100\" srcset=\"http:\/\/gradadigital.com\/home\/wp-content\/uploads\/2014\/10\/banner_aplicacion_V2_GRADADIGITAL_17102014.jpg 620w, http:\/\/gradadigital.com\/home\/wp-content\/uploads\/2014\/10\/banner_aplicacion_V2_GRADADIGITAL_17102014-300x48.jpg 300w\" sizes=\"auto, (max-width: 620px) 100vw, 620px\" \/><\/a><\/p>\n","protected":false},"excerpt":{"rendered":"<p>Notimex &#8211; El mediocampista chileno Arturo Vidal, acusado por el delito de \u201cofensas a la autoridad\u201d por agredir de manera verbal a un polic\u00eda tras el accidente que protagoniz\u00f3 la semana pasada bajo la influencia del alcohol. Fuentes judiciales indicaron este mi\u00e9rcoles que el Juzgado de Garant\u00eda de San Bernardo cit\u00f3 al chileno el 8 &#8230;<\/p>\n","protected":false},"author":4,"featured_media":21095,"comment_status":"closed","ping_status":"closed","sticky":false,"template":"","format":"standard","meta":{"footnotes":""},"categories":[752,42,36],"tags":[],"class_list":["post-21094","post","type-post","status-publish","format-standard","has-post-thumbnail","hentry","category-appgd","category-copa-america","category-internacional"],"_links":{"self":[{"href":"http:\/\/gradadigital.com\/home\/wp-json\/wp\/v2\/posts\/21094","targetHints":{"allow":["GET"]}}],"collection":[{"href":"http:\/\/gradadigital.com\/home\/wp-json\/wp\/v2\/posts"}],"about":[{"href":"http:\/\/gradadigital.com\/home\/wp-json\/wp\/v2\/types\/post"}],"author":[{"embeddable":true,"href":"http:\/\/gradadigital.com\/home\/wp-json\/wp\/v2\/users\/4"}],"replies":[{"embeddable":true,"href":"http:\/\/gradadigital.com\/home\/wp-json\/wp\/v2\/comments?post=21094"}],"version-history":[{"count":1,"href":"http:\/\/gradadigital.com\/home\/wp-json\/wp\/v2\/posts\/21094\/revisions"}],"predecessor-version":[{"id":21096,"href":"http:\/\/gradadigital.com\/home\/wp-json\/wp\/v2\/posts\/21094\/revisions\/21096"}],"wp:featuredmedia":[{"embeddable":true,"href":"http:\/\/gradadigital.com\/home\/wp-json\/wp\/v2\/media\/21095"}],"wp:attachment":[{"href":"http:\/\/gradadigital.com\/home\/wp-json\/wp\/v2\/media?parent=21094"}],"wp:term":[{"taxonomy":"category","embeddable":true,"href":"http:\/\/gradadigital.com\/home\/wp-json\/wp\/v2\/categories?post=21094"},{"taxonomy":"post_tag","embeddable":true,"href":"http:\/\/gradadigital.com\/home\/wp-json\/wp\/v2\/tags?post=21094"}],"curies":[{"name":"wp","href":"https:\/\/api.w.org\/{rel}","templated":true}]}}