{"id":21092,"date":"2015-06-25T08:11:40","date_gmt":"2015-06-25T12:41:40","guid":{"rendered":"http:\/\/gradadigital.com\/home\/?p=21092"},"modified":"2015-06-25T08:11:40","modified_gmt":"2015-06-25T12:41:40","slug":"di-maria-para-ser-leyendas-faltan-titulos","status":"publish","type":"post","link":"http:\/\/gradadigital.com\/home\/di-maria-para-ser-leyendas-faltan-titulos\/","title":{"rendered":"Di Mar\u00eda: \u00abPara ser leyendas faltan t\u00edtulos\u00bb"},"content":{"rendered":"<p style=\"text-align: center;\"><img loading=\"lazy\" decoding=\"async\" class=\"alignnone size-full wp-image-16284\" src=\"http:\/\/gradadigital.com\/home\/wp-content\/uploads\/2014\/12\/angel_dimaria_argentina_suiza_01072014.jpg\" alt=\"angel_dimaria_argentina_suiza_01072014\" width=\"682\" height=\"396\" srcset=\"http:\/\/gradadigital.com\/home\/wp-content\/uploads\/2014\/12\/angel_dimaria_argentina_suiza_01072014.jpg 682w, http:\/\/gradadigital.com\/home\/wp-content\/uploads\/2014\/12\/angel_dimaria_argentina_suiza_01072014-300x174.jpg 300w\" sizes=\"auto, (max-width: 682px) 100vw, 682px\" \/><\/p>\n<p style=\"text-align: center;\"><img loading=\"lazy\" decoding=\"async\" class=\"alignnone size-full wp-image-16349\" src=\"http:\/\/gradadigital.com\/home\/wp-content\/uploads\/2014\/12\/banner_opcion_comentarios_gd.jpg\" alt=\"banner_opcion_comentarios_gd\" width=\"621\" height=\"41\" srcset=\"http:\/\/gradadigital.com\/home\/wp-content\/uploads\/2014\/12\/banner_opcion_comentarios_gd.jpg 621w, http:\/\/gradadigital.com\/home\/wp-content\/uploads\/2014\/12\/banner_opcion_comentarios_gd-300x19.jpg 300w, http:\/\/gradadigital.com\/home\/wp-content\/uploads\/2014\/12\/banner_opcion_comentarios_gd-620x41.jpg 620w\" sizes=\"auto, (max-width: 621px) 100vw, 621px\" \/><\/p>\n<p style=\"text-align: justify;\"><strong>Notimex &#8211;<\/strong> El mediocampista argentino \u00c1ngel Di Mar\u00eda consider\u00f3 que lo \u00fanico que le falta a la actual generaci\u00f3n albiceleste para convertirse en leyenda son los t\u00edtulos y espera conseguir el primer en la Copa Am\u00e9rica Chile 2015.<\/p>\n<p style=\"text-align: justify;\">\u00abS\u00ed, nos falta ganar para ser leyenda. Para poder quedar en la historia del f\u00fatbol argentino tenemos que llevarnos un t\u00edtulo\u201d, asegur\u00f3 el jugador del Manchester United.<\/p>\n<p style=\"text-align: justify;\">\u201cY estuvimos cerca&#8230; Fue una l\u00e1stima que se nos haya escapado por nada en Brasil. Generamos muchas m\u00e1s situaciones que Alemania. El f\u00fatbol es as\u00ed: a veces tienes diez oportunidades pero el otro tiene una sola y te gana. Nunca nos vamos a sacar de la cabeza ese partido\u00bb, dijo.<\/p>\n<p style=\"text-align: justify;\">En entrevista con el diario Ol\u00e9, el \u00abFideo\u00bb descart\u00f3 que su grupo vaya a retirarse con las manos vac\u00edas, aunque, cabe recordar, la albiceleste no conquista un t\u00edtulo en categor\u00eda absoluta desde la Copa Am\u00e9rica Ecuador 1993.<\/p>\n<p style=\"text-align: justify;\">\u00abPara ser una estrella en Argentina, tienes que ganar. Ser\u00eda algo muy feo que esta generaci\u00f3n de jugadores no se lleve algo importante con la Selecci\u00f3n. Con la calidad que hay, nos lo merecemos. Y no s\u00f3lo por nosotros sino para darle una alegr\u00eda a la afici\u00f3n\u00bb.<\/p>\n<p style=\"text-align: justify;\">Consider\u00f3 que, en el certamen chileno, al cuadro argentino le ha faltado mayor fortuna para ganar por mayor diferencia de goles, pues tener poca ventaja en el marcador siempre mantiene vivos a los rivales.<\/p>\n<p style=\"text-align: justify;\">\u00abNo. Nos falta un poco de suerte. Yo me siento bien f\u00edsicamente, y mis compa\u00f1eros tambi\u00e9n. Hay un tema de que estamos presionando todo el tiempo. Y si al final vas ganando s\u00f3lo 1-0, los rivales se te animan porque est\u00e1n jugados. Entonces se van para arriba y te tiran pelotazos para meterte atr\u00e1s\u00bb.<\/p>\n<p style=\"text-align: justify;\">El pampero sabe que ante Colombia se jugar\u00e1n todo, que es momento de matar o morir, as\u00ed como de demostrar de que est\u00e1n hechos.<\/p>\n<p style=\"text-align: center;\"><a href=\"https:\/\/play.google.com\/store\/apps\/details?id=com.app.gradadigital\" target=\"_blank\"><img loading=\"lazy\" decoding=\"async\" class=\"alignnone size-full wp-image-15415\" src=\"http:\/\/gradadigital.com\/home\/wp-content\/uploads\/2014\/10\/banner_aplicacion_V2_GRADADIGITAL_17102014.jpg\" alt=\"banner_aplicacion_V2_GRADADIGITAL_17102014\" width=\"620\" height=\"100\" srcset=\"http:\/\/gradadigital.com\/home\/wp-content\/uploads\/2014\/10\/banner_aplicacion_V2_GRADADIGITAL_17102014.jpg 620w, http:\/\/gradadigital.com\/home\/wp-content\/uploads\/2014\/10\/banner_aplicacion_V2_GRADADIGITAL_17102014-300x48.jpg 300w\" sizes=\"auto, (max-width: 620px) 100vw, 620px\" \/><\/a><\/p>\n","protected":false},"excerpt":{"rendered":"<p>Notimex &#8211; El mediocampista argentino \u00c1ngel Di Mar\u00eda consider\u00f3 que lo \u00fanico que le falta a la actual generaci\u00f3n albiceleste para convertirse en leyenda son los t\u00edtulos y espera conseguir el primer en la Copa Am\u00e9rica Chile 2015. \u00abS\u00ed, nos falta ganar para ser leyenda. Para poder quedar en la historia del f\u00fatbol argentino tenemos &#8230;<\/p>\n","protected":false},"author":4,"featured_media":16284,"comment_status":"closed","ping_status":"closed","sticky":false,"template":"","format":"standard","meta":{"footnotes":""},"categories":[752,42,36],"tags":[],"class_list":["post-21092","post","type-post","status-publish","format-standard","has-post-thumbnail","hentry","category-appgd","category-copa-america","category-internacional"],"_links":{"self":[{"href":"http:\/\/gradadigital.com\/home\/wp-json\/wp\/v2\/posts\/21092","targetHints":{"allow":["GET"]}}],"collection":[{"href":"http:\/\/gradadigital.com\/home\/wp-json\/wp\/v2\/posts"}],"about":[{"href":"http:\/\/gradadigital.com\/home\/wp-json\/wp\/v2\/types\/post"}],"author":[{"embeddable":true,"href":"http:\/\/gradadigital.com\/home\/wp-json\/wp\/v2\/users\/4"}],"replies":[{"embeddable":true,"href":"http:\/\/gradadigital.com\/home\/wp-json\/wp\/v2\/comments?post=21092"}],"version-history":[{"count":1,"href":"http:\/\/gradadigital.com\/home\/wp-json\/wp\/v2\/posts\/21092\/revisions"}],"predecessor-version":[{"id":21093,"href":"http:\/\/gradadigital.com\/home\/wp-json\/wp\/v2\/posts\/21092\/revisions\/21093"}],"wp:featuredmedia":[{"embeddable":true,"href":"http:\/\/gradadigital.com\/home\/wp-json\/wp\/v2\/media\/16284"}],"wp:attachment":[{"href":"http:\/\/gradadigital.com\/home\/wp-json\/wp\/v2\/media?parent=21092"}],"wp:term":[{"taxonomy":"category","embeddable":true,"href":"http:\/\/gradadigital.com\/home\/wp-json\/wp\/v2\/categories?post=21092"},{"taxonomy":"post_tag","embeddable":true,"href":"http:\/\/gradadigital.com\/home\/wp-json\/wp\/v2\/tags?post=21092"}],"curies":[{"name":"wp","href":"https:\/\/api.w.org\/{rel}","templated":true}]}}