{"id":21065,"date":"2015-06-24T17:29:38","date_gmt":"2015-06-24T21:59:38","guid":{"rendered":"http:\/\/gradadigital.com\/home\/?p=21065"},"modified":"2015-06-24T17:35:23","modified_gmt":"2015-06-24T22:05:23","slug":"evo-morales-inaugura-estadio-bautizado-como-comandante-hugo-chavez","status":"publish","type":"post","link":"http:\/\/gradadigital.com\/home\/evo-morales-inaugura-estadio-bautizado-como-comandante-hugo-chavez\/","title":{"rendered":"Evo Morales inaugura estadio bautizado como \u00abComandante Hugo Ch\u00e1vez\u00bb"},"content":{"rendered":"<p style=\"text-align: center;\"><img decoding=\"async\" src=\"http:\/\/gradadigital.com\/FotosEspecialesGD\/copaamerica2007\/cavb7.jpg\" alt=\"\" border=\"0\" \/><\/p>\n<p style=\"text-align: center;\"><img decoding=\"async\" class=\"details-image\" draggable=\"false\" src=\"http:\/\/gradadigital.com\/home\/wp-content\/uploads\/2014\/12\/banner_opcion_comentarios_gd.jpg\" alt=\"\" \/><\/p>\n<p style=\"text-align: justify;\"><strong>EFE &#8211;<\/strong> El presidente de Bolivia, Evo Morales, inaugur\u00f3 hoy un estadio de f\u00fatbol en el centro del pa\u00eds para 15.000 aficionados, que fue bautizado con el nombre de \u00abComandante Hugo Ch\u00e1vez\u00bb y construido con una inversi\u00f3n de 2,7 millones de d\u00f3lares.<\/p>\n<p style=\"text-align: justify;\">El mandatario inaugur\u00f3 el escenario deportivo en la localidad de Chimor\u00e9, en la zona cocalera del Chapare y record\u00f3 que Ch\u00e1vez fue el \u00fanico presidente extranjero que visit\u00f3 esa regi\u00f3n tres veces.<\/p>\n<p style=\"text-align: justify;\">Ch\u00e1vez fue <strong>\u00abun comandante tan solidario, un presidente que nos ense\u00f1\u00f3 a perder el miedo frente a quienes nos dominaban\u00bb<\/strong>, dijo Morales, que fue aliado y amigo del mandatario venezolano fallecido el 5 de marzo del 2013 debido al c\u00e1ncer que padec\u00eda.<\/p>\n<p style=\"text-align: justify;\">El escenario deportivo fue inaugurado con un partido entre los equipos Bol\u00edvar y The Strongest, que se trasladaron a esa zona del centro del pa\u00eds desde La Paz.<\/p>\n<p style=\"text-align: center;\"><a href=\"https:\/\/play.google.com\/store\/apps\/details?id=com.app.gradadigital\" target=\"_blank\"><img decoding=\"async\" class=\"details-image\" draggable=\"false\" src=\"http:\/\/gradadigital.com\/home\/wp-content\/uploads\/2014\/10\/banner_aplicacion_V2_GRADADIGITAL_17102014.jpg\" alt=\"\" \/><\/a><\/p>\n","protected":false},"excerpt":{"rendered":"<p>EFE &#8211; El presidente de Bolivia, Evo Morales, inaugur\u00f3 hoy un estadio de f\u00fatbol en el centro del pa\u00eds para 15.000 aficionados, que fue bautizado con el nombre de \u00abComandante Hugo Ch\u00e1vez\u00bb y construido con una inversi\u00f3n de 2,7 millones de d\u00f3lares. El mandatario inaugur\u00f3 el escenario deportivo en la localidad de Chimor\u00e9, en la &#8230;<\/p>\n","protected":false},"author":3,"featured_media":21067,"comment_status":"closed","ping_status":"closed","sticky":false,"template":"","format":"standard","meta":{"footnotes":""},"categories":[752,36,35],"tags":[937,1355,1354,1356,1357,51],"class_list":["post-21065","post","type-post","status-publish","format-standard","has-post-thumbnail","hentry","category-appgd","category-internacional","category-otras-categorias","tag-bolivia","tag-comandante","tag-evo-morales","tag-hugo-chavez","tag-presidente","tag-venezuela"],"_links":{"self":[{"href":"http:\/\/gradadigital.com\/home\/wp-json\/wp\/v2\/posts\/21065","targetHints":{"allow":["GET"]}}],"collection":[{"href":"http:\/\/gradadigital.com\/home\/wp-json\/wp\/v2\/posts"}],"about":[{"href":"http:\/\/gradadigital.com\/home\/wp-json\/wp\/v2\/types\/post"}],"author":[{"embeddable":true,"href":"http:\/\/gradadigital.com\/home\/wp-json\/wp\/v2\/users\/3"}],"replies":[{"embeddable":true,"href":"http:\/\/gradadigital.com\/home\/wp-json\/wp\/v2\/comments?post=21065"}],"version-history":[{"count":3,"href":"http:\/\/gradadigital.com\/home\/wp-json\/wp\/v2\/posts\/21065\/revisions"}],"predecessor-version":[{"id":21069,"href":"http:\/\/gradadigital.com\/home\/wp-json\/wp\/v2\/posts\/21065\/revisions\/21069"}],"wp:featuredmedia":[{"embeddable":true,"href":"http:\/\/gradadigital.com\/home\/wp-json\/wp\/v2\/media\/21067"}],"wp:attachment":[{"href":"http:\/\/gradadigital.com\/home\/wp-json\/wp\/v2\/media?parent=21065"}],"wp:term":[{"taxonomy":"category","embeddable":true,"href":"http:\/\/gradadigital.com\/home\/wp-json\/wp\/v2\/categories?post=21065"},{"taxonomy":"post_tag","embeddable":true,"href":"http:\/\/gradadigital.com\/home\/wp-json\/wp\/v2\/tags?post=21065"}],"curies":[{"name":"wp","href":"https:\/\/api.w.org\/{rel}","templated":true}]}}