{"id":21058,"date":"2015-06-24T10:45:22","date_gmt":"2015-06-24T15:15:22","guid":{"rendered":"http:\/\/gradadigital.com\/home\/?p=21058"},"modified":"2015-06-28T11:03:58","modified_gmt":"2015-06-28T15:33:58","slug":"la-vinotinto-espera-por-su-nuevo-asistente-tecnico","status":"publish","type":"post","link":"http:\/\/gradadigital.com\/home\/la-vinotinto-espera-por-su-nuevo-asistente-tecnico\/","title":{"rendered":"La Vinotinto espera por su nuevo asistente t\u00e9cnico"},"content":{"rendered":"<p style=\"text-align: center;\"><img loading=\"lazy\" decoding=\"async\" class=\"alignnone size-full wp-image-21060\" src=\"http:\/\/gradadigital.com\/home\/wp-content\/uploads\/2015\/06\/jose_manuel_rey_estadio_monumental_colo_colo_brasil_venezuela_21062015.jpg\" alt=\"jose_manuel_rey_estadio_monumental_colo_colo_brasil_venezuela_21062015\" width=\"682\" height=\"455\" srcset=\"http:\/\/gradadigital.com\/home\/wp-content\/uploads\/2015\/06\/jose_manuel_rey_estadio_monumental_colo_colo_brasil_venezuela_21062015.jpg 682w, http:\/\/gradadigital.com\/home\/wp-content\/uploads\/2015\/06\/jose_manuel_rey_estadio_monumental_colo_colo_brasil_venezuela_21062015-300x200.jpg 300w\" sizes=\"auto, (max-width: 682px) 100vw, 682px\" \/><\/p>\n<p style=\"text-align: center;\"><img loading=\"lazy\" decoding=\"async\" class=\"alignnone size-full wp-image-16349\" src=\"http:\/\/gradadigital.com\/home\/wp-content\/uploads\/2014\/12\/banner_opcion_comentarios_gd.jpg\" alt=\"banner_opcion_comentarios_gd\" width=\"621\" height=\"41\" srcset=\"http:\/\/gradadigital.com\/home\/wp-content\/uploads\/2014\/12\/banner_opcion_comentarios_gd.jpg 621w, http:\/\/gradadigital.com\/home\/wp-content\/uploads\/2014\/12\/banner_opcion_comentarios_gd-300x19.jpg 300w, http:\/\/gradadigital.com\/home\/wp-content\/uploads\/2014\/12\/banner_opcion_comentarios_gd-620x41.jpg 620w\" sizes=\"auto, (max-width: 621px) 100vw, 621px\" \/><\/p>\n<p style=\"text-align: justify;\"><strong>GradaDigital.com &#8211;<\/strong> La Selecci\u00f3n Nacional de Venezuela ya no contar\u00e1 con la asistencia t\u00e9cnica de Luis \u00abP\u00e1jaro\u00bb Vera, quien ahora trasladar\u00e1 sus labores como director t\u00e9cnico principal a Mineros de Guayana. Por tal motivo el puesto ser\u00e1 ocupado por alguien que el actual cuerpo t\u00e9cnico ha denominado como alguien de jerarqu\u00eda y con pasado como jugador.<\/p>\n<p style=\"text-align: justify;\">Todo parece indicar que quien har\u00e1 esta labor ser\u00e1 el reconocido defensor y reci\u00e9n retirado, Jos\u00e9 Manuel Rey, quien tras una larga experiencia en el f\u00fatbol siendo un referente y leyenda de La Vinotinto, forjar\u00eda de asistente de Noel Sanvicente junto a Maurizio Lazzaro. Por los momentos se espera la informaci\u00f3n oficial.<\/p>\n<p style=\"text-align: center;\"><a href=\"https:\/\/play.google.com\/store\/apps\/details?id=com.app.gradadigital\" target=\"_blank\"><img loading=\"lazy\" decoding=\"async\" class=\"alignnone size-full wp-image-15415\" src=\"http:\/\/gradadigital.com\/home\/wp-content\/uploads\/2014\/10\/banner_aplicacion_V2_GRADADIGITAL_17102014.jpg\" alt=\"banner_aplicacion_V2_GRADADIGITAL_17102014\" width=\"620\" height=\"100\" srcset=\"http:\/\/gradadigital.com\/home\/wp-content\/uploads\/2014\/10\/banner_aplicacion_V2_GRADADIGITAL_17102014.jpg 620w, http:\/\/gradadigital.com\/home\/wp-content\/uploads\/2014\/10\/banner_aplicacion_V2_GRADADIGITAL_17102014-300x48.jpg 300w\" sizes=\"auto, (max-width: 620px) 100vw, 620px\" \/><\/a><\/p>\n","protected":false},"excerpt":{"rendered":"<p>GradaDigital.com &#8211; La Selecci\u00f3n Nacional de Venezuela ya no contar\u00e1 con la asistencia t\u00e9cnica de Luis \u00abP\u00e1jaro\u00bb Vera, quien ahora trasladar\u00e1 sus labores como director t\u00e9cnico principal a Mineros de Guayana. Por tal motivo el puesto ser\u00e1 ocupado por alguien que el actual cuerpo t\u00e9cnico ha denominado como alguien de jerarqu\u00eda y con pasado como &#8230;<\/p>\n","protected":false},"author":4,"featured_media":21060,"comment_status":"closed","ping_status":"closed","sticky":false,"template":"","format":"standard","meta":{"footnotes":""},"categories":[752,36,40,3],"tags":[135,213,151,1202,118,1203,1389,51,71],"class_list":["post-21058","post","type-post","status-publish","format-standard","has-post-thumbnail","hentry","category-appgd","category-internacional","category-seleccion-nacional-mayores","category-seleccion-nacional","tag-fvf","tag-jose-manuel-rey","tag-la-vinotinto","tag-luis-vera","tag-noel-sanvicente","tag-pajaro","tag-seleccion-nacional-de-venezuela","tag-venezuela","tag-vinotinto"],"_links":{"self":[{"href":"http:\/\/gradadigital.com\/home\/wp-json\/wp\/v2\/posts\/21058","targetHints":{"allow":["GET"]}}],"collection":[{"href":"http:\/\/gradadigital.com\/home\/wp-json\/wp\/v2\/posts"}],"about":[{"href":"http:\/\/gradadigital.com\/home\/wp-json\/wp\/v2\/types\/post"}],"author":[{"embeddable":true,"href":"http:\/\/gradadigital.com\/home\/wp-json\/wp\/v2\/users\/4"}],"replies":[{"embeddable":true,"href":"http:\/\/gradadigital.com\/home\/wp-json\/wp\/v2\/comments?post=21058"}],"version-history":[{"count":5,"href":"http:\/\/gradadigital.com\/home\/wp-json\/wp\/v2\/posts\/21058\/revisions"}],"predecessor-version":[{"id":21210,"href":"http:\/\/gradadigital.com\/home\/wp-json\/wp\/v2\/posts\/21058\/revisions\/21210"}],"wp:featuredmedia":[{"embeddable":true,"href":"http:\/\/gradadigital.com\/home\/wp-json\/wp\/v2\/media\/21060"}],"wp:attachment":[{"href":"http:\/\/gradadigital.com\/home\/wp-json\/wp\/v2\/media?parent=21058"}],"wp:term":[{"taxonomy":"category","embeddable":true,"href":"http:\/\/gradadigital.com\/home\/wp-json\/wp\/v2\/categories?post=21058"},{"taxonomy":"post_tag","embeddable":true,"href":"http:\/\/gradadigital.com\/home\/wp-json\/wp\/v2\/tags?post=21058"}],"curies":[{"name":"wp","href":"https:\/\/api.w.org\/{rel}","templated":true}]}}