{"id":21028,"date":"2015-06-22T08:32:35","date_gmt":"2015-06-22T13:02:35","guid":{"rendered":"http:\/\/gradadigital.com\/home\/?p=21028"},"modified":"2015-06-22T08:32:35","modified_gmt":"2015-06-22T13:02:35","slug":"sanvicente-este-camino-es-largo-y-todos-van-a-tener-la-oportunidad","status":"publish","type":"post","link":"http:\/\/gradadigital.com\/home\/sanvicente-este-camino-es-largo-y-todos-van-a-tener-la-oportunidad\/","title":{"rendered":"Sanvicente: \u00abEste camino es largo y todos van a tener la oportunidad\u00bb"},"content":{"rendered":"<p style=\"text-align: center;\"><img loading=\"lazy\" decoding=\"async\" class=\"alignnone size-full wp-image-21023\" src=\"http:\/\/gradadigital.com\/home\/wp-content\/uploads\/2015\/06\/noel_sanvicente_brasil_venezuela_21062015.jpg\" alt=\"noel_sanvicente_brasil_venezuela_21062015\" width=\"682\" height=\"455\" srcset=\"http:\/\/gradadigital.com\/home\/wp-content\/uploads\/2015\/06\/noel_sanvicente_brasil_venezuela_21062015.jpg 682w, http:\/\/gradadigital.com\/home\/wp-content\/uploads\/2015\/06\/noel_sanvicente_brasil_venezuela_21062015-300x200.jpg 300w\" sizes=\"auto, (max-width: 682px) 100vw, 682px\" \/><\/p>\n<p style=\"text-align: center;\"><img loading=\"lazy\" decoding=\"async\" class=\"alignnone size-full wp-image-16349\" src=\"http:\/\/gradadigital.com\/home\/wp-content\/uploads\/2014\/12\/banner_opcion_comentarios_gd.jpg\" alt=\"banner_opcion_comentarios_gd\" width=\"621\" height=\"41\" srcset=\"http:\/\/gradadigital.com\/home\/wp-content\/uploads\/2014\/12\/banner_opcion_comentarios_gd.jpg 621w, http:\/\/gradadigital.com\/home\/wp-content\/uploads\/2014\/12\/banner_opcion_comentarios_gd-300x19.jpg 300w, http:\/\/gradadigital.com\/home\/wp-content\/uploads\/2014\/12\/banner_opcion_comentarios_gd-620x41.jpg 620w\" sizes=\"auto, (max-width: 621px) 100vw, 621px\" \/><\/p>\n<p style=\"text-align: justify;\"><strong>Prensa CA2015 &#8211;<\/strong> El entrenador de la selecci\u00f3n de Venezuela, Noel Sanvicente, se mostr\u00f3 apenado por la derrota 2-1 ante Brasil que dej\u00f3 a su equipo eliminado de la segunda fase de la Copa Am\u00e9rica Chile 2015.<\/p>\n<p style=\"text-align: justify;\">Para el t\u00e9cnico de la Vinotinto, a su equipo le falt\u00f3 poco para acceder a la siguiente fase en el partido contra Brasil.<\/p>\n<p style=\"text-align: justify;\">\u00abTambi\u00e9n quisiera que el equipo hubiese estado como en los \u00faltimos minutos. La p\u00e9rdida de pelota nos ocasion\u00f3 muchos problemas. No ten\u00edamos la pelota con claridad. Eso te lleva a cometer errores, inseguridad, que hace al equipo contrario agarrar m\u00e1s confianza\u00bb, expres\u00f3 el estratega.<\/p>\n<p style=\"text-align: justify;\">\u00abCon los cambios nos vimos m\u00e1s seguros. La sensaci\u00f3n que queda es que pudimos empatarlo. Es lamentable, triste, quedar fuera. Perdimos la concentraci\u00f3n en un c\u00f3rner y ese 1-0 nos hizo perder la confianza. El primer gol fue de una manera que se sab\u00eda que se iba a trabajar para que no quedara solo para anotar\u00bb, a\u00f1adi\u00f3.<\/p>\n<p style=\"text-align: justify;\">\u00abDa la sensaci\u00f3n de que se puede dar un poco m\u00e1s. Lamentarse ahora no tiene importancia, pero la expulsi\u00f3n (de Fernando Amorebieta) ante Per\u00fa nos hizo mucho da\u00f1o. El equipo fue mejorando partido a partido. Creo que de los tres partidos, los primeros 25&#8242; contra Brasil fueron de inseguridad, pero terminamos con el atrevimiento que espero ver. Nosotros no fuimos claros en los \u00faltimos metros contra Brasil\u00bb.<\/p>\n<p style=\"text-align: justify;\">\u00abJugamos tres partidos, el equipo fue de menos a m\u00e1s. Mostramos buen f\u00fatbol y mostramos la idea que piensa el t\u00e9cnico. Este camino es largo y todos vamos a tener la oportunidad\u00bb.<\/p>\n<p style=\"text-align: justify;\">\u00abEn Cuartos de Final la cosa cambia. Cualquier cosa puede pasar. Para nadie es un secreto que el anifitri\u00f3n ha generado bastante f\u00fatbol, pero ya despu\u00e9s la cosa cambia. La camiseta en estos partidos pesa. Los que pasaron tienen m\u00e9rito y todos tienen chances: Brasil, Colombia, Chile, Uruguay, Argentina&#8230; por algo clasificaron y todos van a tener chances. Sudam\u00e9rica es bravo y los partidos hay que ganarlos\u00bb, cerr\u00f3.<\/p>\n<p style=\"text-align: center;\"><a href=\"https:\/\/play.google.com\/store\/apps\/details?id=com.app.gradadigital\" target=\"_blank\"><img loading=\"lazy\" decoding=\"async\" class=\"alignnone size-full wp-image-15415\" src=\"http:\/\/gradadigital.com\/home\/wp-content\/uploads\/2014\/10\/banner_aplicacion_V2_GRADADIGITAL_17102014.jpg\" alt=\"banner_aplicacion_V2_GRADADIGITAL_17102014\" width=\"620\" height=\"100\" srcset=\"http:\/\/gradadigital.com\/home\/wp-content\/uploads\/2014\/10\/banner_aplicacion_V2_GRADADIGITAL_17102014.jpg 620w, http:\/\/gradadigital.com\/home\/wp-content\/uploads\/2014\/10\/banner_aplicacion_V2_GRADADIGITAL_17102014-300x48.jpg 300w\" sizes=\"auto, (max-width: 620px) 100vw, 620px\" \/><\/a><\/p>\n","protected":false},"excerpt":{"rendered":"<p>Prensa CA2015 &#8211; El entrenador de la selecci\u00f3n de Venezuela, Noel Sanvicente, se mostr\u00f3 apenado por la derrota 2-1 ante Brasil que dej\u00f3 a su equipo eliminado de la segunda fase de la Copa Am\u00e9rica Chile 2015. Para el t\u00e9cnico de la Vinotinto, a su equipo le falt\u00f3 poco para acceder a la siguiente fase &#8230;<\/p>\n","protected":false},"author":4,"featured_media":21023,"comment_status":"closed","ping_status":"closed","sticky":false,"template":"","format":"standard","meta":{"footnotes":""},"categories":[752,42,36,40,3],"tags":[],"class_list":["post-21028","post","type-post","status-publish","format-standard","has-post-thumbnail","hentry","category-appgd","category-copa-america","category-internacional","category-seleccion-nacional-mayores","category-seleccion-nacional"],"_links":{"self":[{"href":"http:\/\/gradadigital.com\/home\/wp-json\/wp\/v2\/posts\/21028","targetHints":{"allow":["GET"]}}],"collection":[{"href":"http:\/\/gradadigital.com\/home\/wp-json\/wp\/v2\/posts"}],"about":[{"href":"http:\/\/gradadigital.com\/home\/wp-json\/wp\/v2\/types\/post"}],"author":[{"embeddable":true,"href":"http:\/\/gradadigital.com\/home\/wp-json\/wp\/v2\/users\/4"}],"replies":[{"embeddable":true,"href":"http:\/\/gradadigital.com\/home\/wp-json\/wp\/v2\/comments?post=21028"}],"version-history":[{"count":1,"href":"http:\/\/gradadigital.com\/home\/wp-json\/wp\/v2\/posts\/21028\/revisions"}],"predecessor-version":[{"id":21029,"href":"http:\/\/gradadigital.com\/home\/wp-json\/wp\/v2\/posts\/21028\/revisions\/21029"}],"wp:featuredmedia":[{"embeddable":true,"href":"http:\/\/gradadigital.com\/home\/wp-json\/wp\/v2\/media\/21023"}],"wp:attachment":[{"href":"http:\/\/gradadigital.com\/home\/wp-json\/wp\/v2\/media?parent=21028"}],"wp:term":[{"taxonomy":"category","embeddable":true,"href":"http:\/\/gradadigital.com\/home\/wp-json\/wp\/v2\/categories?post=21028"},{"taxonomy":"post_tag","embeddable":true,"href":"http:\/\/gradadigital.com\/home\/wp-json\/wp\/v2\/tags?post=21028"}],"curies":[{"name":"wp","href":"https:\/\/api.w.org\/{rel}","templated":true}]}}