{"id":20968,"date":"2015-06-20T10:49:40","date_gmt":"2015-06-20T15:19:40","guid":{"rendered":"http:\/\/gradadigital.com\/home\/?p=20968"},"modified":"2015-06-20T10:55:07","modified_gmt":"2015-06-20T15:25:07","slug":"neymar-es-suspendido-4-fechas","status":"publish","type":"post","link":"http:\/\/gradadigital.com\/home\/neymar-es-suspendido-4-fechas\/","title":{"rendered":"Neymar es suspendido 4 fechas"},"content":{"rendered":"<p style=\"text-align: center;\"><img decoding=\"async\" class=\"details-image\" draggable=\"false\" src=\"http:\/\/gradadigital.com\/home\/wp-content\/uploads\/2015\/06\/neymar_brasil_colombia_17062015.jpg\" alt=\"\" \/><\/p>\n<p style=\"text-align: center;\"><img decoding=\"async\" class=\"details-image\" draggable=\"false\" src=\"http:\/\/gradadigital.com\/home\/wp-content\/uploads\/2014\/12\/banner_opcion_comentarios_gd.jpg\" alt=\"\" \/><\/p>\n<p style=\"text-align: justify;\"><strong>EFE &#8211;<\/strong> Neymar ha sido suspendido por cuatro jornadas de la Copa Am\u00e9rica, anunci\u00f3 hoy la Conmebol al evaluar los incidentes del partido del mi\u00e9rcoles en Santiago que terminaron con las expulsiones del brasile\u00f1o y el colombiano Carlos Bacca.<\/p>\n<p style=\"text-align: justify;\">El inesperado castigo dado al jugador del Barcelona, aunque podr\u00e1 ser apelado ante el Tribunal de Disciplina de la Confederaci\u00f3n Sudamericana de F\u00fatbol (Conmebol), pr\u00e1cticamente saca al jugador del Barcelona del torneo, que este fin de semana culminar\u00e1 la \u00faltima jornada de la fase de grupos y hasta la final del 4 de julio tendr\u00e1 una jornada de cuartos de final y otra de semifinales.<\/p>\n<p style=\"text-align: justify;\">La Conmebol, que provisionalmente hab\u00eda dado el jueves una jornada de suspensi\u00f3n a Neymar debido a que en la segunda jornada del Grupo C recibi\u00f3 la segunda tarjeta amarilla, hoy extendi\u00f3 la pena a tres partidos m\u00e1s, para completar cuatro, y le fij\u00f3 una multa de 10.000 d\u00f3lares.<\/p>\n<p style=\"text-align: justify;\">Estas decisiones, <strong>\u00abcomo consecuencia de su expulsi\u00f3n y hechos posteriores ocurridos en el encuentro disputado contra la selecci\u00f3n nacional de Colombia el pasado 17 de junio\u00bb<\/strong>, se\u00f1ala el comunicado del Tribunal de Disciplina que, adem\u00e1s, fij\u00f3 dos partidos de suspensi\u00f3n al colombiano Bacca y una multa de 5.000 d\u00f3lares.<\/p>\n<p style=\"text-align: justify;\">El 17 de junio Brasil y Colombia jugaron por la segunda jornada del Grupo C en Santiago.<\/p>\n<p style=\"text-align: justify;\">Neymar, que hab\u00eda recibido una tarjeta amarilla del \u00e1rbitro chileno Enrique Osses a los 44 minutos, quedaba autom\u00e1ticamente suspendido para la \u00faltima jornada, este domingo frente a Venezuela, debido a que en el debut fue amonestado.<\/p>\n<p style=\"text-align: justify;\">Al t\u00e9rmino del encuentro, que Colombia gan\u00f3 por 0-1, Neymar propin\u00f3 un pelotazo al defensor Pablo Armero y luego un cabezazo a Jeison Murillo, por lo que Bacca propin\u00f3 un empuj\u00f3n al brasile\u00f1o.<\/p>\n<p style=\"text-align: justify;\">Ante los hechos Osses mostr\u00f3 la roja a Neymar y Bacca.<\/p>\n<p style=\"text-align: center;\"><a href=\"https:\/\/play.google.com\/store\/apps\/details?id=com.app.gradadigital\" target=\"_blank\"><img decoding=\"async\" class=\"details-image\" draggable=\"false\" src=\"http:\/\/gradadigital.com\/home\/wp-content\/uploads\/2014\/10\/banner_aplicacion_V2_GRADADIGITAL_17102014.jpg\" alt=\"\" \/><\/a><\/p>\n","protected":false},"excerpt":{"rendered":"<p>EFE &#8211; Neymar ha sido suspendido por cuatro jornadas de la Copa Am\u00e9rica, anunci\u00f3 hoy la Conmebol al evaluar los incidentes del partido del mi\u00e9rcoles en Santiago que terminaron con las expulsiones del brasile\u00f1o y el colombiano Carlos Bacca. El inesperado castigo dado al jugador del Barcelona, aunque podr\u00e1 ser apelado ante el Tribunal de &#8230;<\/p>\n","protected":false},"author":3,"featured_media":20969,"comment_status":"closed","ping_status":"closed","sticky":false,"template":"","format":"standard","meta":{"footnotes":""},"categories":[752,42,36,40,3],"tags":[348,79,1206,95,932,1348,845,679,1306,51,71],"class_list":["post-20968","post","type-post","status-publish","format-standard","has-post-thumbnail","hentry","category-appgd","category-copa-america","category-internacional","category-seleccion-nacional-mayores","category-seleccion-nacional","tag-brasil","tag-chile","tag-chile-2015","tag-colombia","tag-copa-america","tag-estadio-monumental","tag-grupo-c","tag-neymar","tag-santiago","tag-venezuela","tag-vinotinto"],"_links":{"self":[{"href":"http:\/\/gradadigital.com\/home\/wp-json\/wp\/v2\/posts\/20968","targetHints":{"allow":["GET"]}}],"collection":[{"href":"http:\/\/gradadigital.com\/home\/wp-json\/wp\/v2\/posts"}],"about":[{"href":"http:\/\/gradadigital.com\/home\/wp-json\/wp\/v2\/types\/post"}],"author":[{"embeddable":true,"href":"http:\/\/gradadigital.com\/home\/wp-json\/wp\/v2\/users\/3"}],"replies":[{"embeddable":true,"href":"http:\/\/gradadigital.com\/home\/wp-json\/wp\/v2\/comments?post=20968"}],"version-history":[{"count":3,"href":"http:\/\/gradadigital.com\/home\/wp-json\/wp\/v2\/posts\/20968\/revisions"}],"predecessor-version":[{"id":20974,"href":"http:\/\/gradadigital.com\/home\/wp-json\/wp\/v2\/posts\/20968\/revisions\/20974"}],"wp:featuredmedia":[{"embeddable":true,"href":"http:\/\/gradadigital.com\/home\/wp-json\/wp\/v2\/media\/20969"}],"wp:attachment":[{"href":"http:\/\/gradadigital.com\/home\/wp-json\/wp\/v2\/media?parent=20968"}],"wp:term":[{"taxonomy":"category","embeddable":true,"href":"http:\/\/gradadigital.com\/home\/wp-json\/wp\/v2\/categories?post=20968"},{"taxonomy":"post_tag","embeddable":true,"href":"http:\/\/gradadigital.com\/home\/wp-json\/wp\/v2\/tags?post=20968"}],"curies":[{"name":"wp","href":"https:\/\/api.w.org\/{rel}","templated":true}]}}