{"id":20764,"date":"2015-06-15T10:28:35","date_gmt":"2015-06-15T14:58:35","guid":{"rendered":"http:\/\/gradadigital.com\/home\/?p=20764"},"modified":"2015-06-15T20:28:36","modified_gmt":"2015-06-16T00:58:36","slug":"video-salomon-rondon-fuimos-consecuentes-mereciamos-la-victoria","status":"publish","type":"post","link":"http:\/\/gradadigital.com\/home\/video-salomon-rondon-fuimos-consecuentes-mereciamos-la-victoria\/","title":{"rendered":"VIDEO | Salom\u00f3n Rond\u00f3n: \u00abFuimos consecuentes, merec\u00edamos la victoria\u00bb"},"content":{"rendered":"<p><iframe loading=\"lazy\" src=\"https:\/\/www.youtube.com\/embed\/YZibzK6Nt0U\" width=\"682\" height=\"384\" frameborder=\"0\" allowfullscreen=\"allowfullscreen\"><\/iframe><\/p>\n<p style=\"text-align: center;\"><img loading=\"lazy\" decoding=\"async\" class=\"alignnone size-full wp-image-16349\" src=\"http:\/\/gradadigital.com\/home\/wp-content\/uploads\/2014\/12\/banner_opcion_comentarios_gd.jpg\" alt=\"banner_opcion_comentarios_gd\" width=\"621\" height=\"41\" srcset=\"http:\/\/gradadigital.com\/home\/wp-content\/uploads\/2014\/12\/banner_opcion_comentarios_gd.jpg 621w, http:\/\/gradadigital.com\/home\/wp-content\/uploads\/2014\/12\/banner_opcion_comentarios_gd-300x19.jpg 300w, http:\/\/gradadigital.com\/home\/wp-content\/uploads\/2014\/12\/banner_opcion_comentarios_gd-620x41.jpg 620w\" sizes=\"auto, (max-width: 621px) 100vw, 621px\" \/><\/p>\n<p style=\"text-align: justify;\"><strong>GradaDigital.com, Rancagua &#8211;<\/strong> Tras el triunfo de Venezuela ante Colombia por el debut de ambas selecciones en la Copa Am\u00e9rica Chile 2015, habl\u00f3 el artillero, Salom\u00f3n Rond\u00f3n, y estas fueron parte de sus declaraciones. <strong>\u00a1Dale play!<\/strong><\/p>\n<p style=\"text-align: center;\"><a href=\"https:\/\/play.google.com\/store\/apps\/details?id=com.app.gradadigital\" target=\"_blank\"><img loading=\"lazy\" decoding=\"async\" class=\"alignnone size-full wp-image-15415\" src=\"http:\/\/gradadigital.com\/home\/wp-content\/uploads\/2014\/10\/banner_aplicacion_V2_GRADADIGITAL_17102014.jpg\" alt=\"banner_aplicacion_V2_GRADADIGITAL_17102014\" width=\"620\" height=\"100\" srcset=\"http:\/\/gradadigital.com\/home\/wp-content\/uploads\/2014\/10\/banner_aplicacion_V2_GRADADIGITAL_17102014.jpg 620w, http:\/\/gradadigital.com\/home\/wp-content\/uploads\/2014\/10\/banner_aplicacion_V2_GRADADIGITAL_17102014-300x48.jpg 300w\" sizes=\"auto, (max-width: 620px) 100vw, 620px\" \/><\/a><\/p>\n","protected":false},"excerpt":{"rendered":"<p>GradaDigital.com, Rancagua &#8211; Tras el triunfo de Venezuela ante Colombia por el debut de ambas selecciones en la Copa Am\u00e9rica Chile 2015, habl\u00f3 el artillero, Salom\u00f3n Rond\u00f3n, y estas fueron parte de sus declaraciones. \u00a1Dale play!<\/p>\n","protected":false},"author":4,"featured_media":20765,"comment_status":"closed","ping_status":"closed","sticky":false,"template":"","format":"standard","meta":{"footnotes":""},"categories":[27,752,42,36,40,3],"tags":[79,1206,95,932,1337,157,1279,121,51,71],"class_list":["post-20764","post","type-post","status-publish","format-standard","has-post-thumbnail","hentry","category-video","category-appgd","category-copa-america","category-internacional","category-seleccion-nacional-mayores","category-seleccion-nacional","tag-chile","tag-chile-2015","tag-colombia","tag-copa-america","tag-el-teniente","tag-estadio","tag-rancagua","tag-salomon-rondon","tag-venezuela","tag-vinotinto"],"_links":{"self":[{"href":"http:\/\/gradadigital.com\/home\/wp-json\/wp\/v2\/posts\/20764","targetHints":{"allow":["GET"]}}],"collection":[{"href":"http:\/\/gradadigital.com\/home\/wp-json\/wp\/v2\/posts"}],"about":[{"href":"http:\/\/gradadigital.com\/home\/wp-json\/wp\/v2\/types\/post"}],"author":[{"embeddable":true,"href":"http:\/\/gradadigital.com\/home\/wp-json\/wp\/v2\/users\/4"}],"replies":[{"embeddable":true,"href":"http:\/\/gradadigital.com\/home\/wp-json\/wp\/v2\/comments?post=20764"}],"version-history":[{"count":3,"href":"http:\/\/gradadigital.com\/home\/wp-json\/wp\/v2\/posts\/20764\/revisions"}],"predecessor-version":[{"id":20791,"href":"http:\/\/gradadigital.com\/home\/wp-json\/wp\/v2\/posts\/20764\/revisions\/20791"}],"wp:featuredmedia":[{"embeddable":true,"href":"http:\/\/gradadigital.com\/home\/wp-json\/wp\/v2\/media\/20765"}],"wp:attachment":[{"href":"http:\/\/gradadigital.com\/home\/wp-json\/wp\/v2\/media?parent=20764"}],"wp:term":[{"taxonomy":"category","embeddable":true,"href":"http:\/\/gradadigital.com\/home\/wp-json\/wp\/v2\/categories?post=20764"},{"taxonomy":"post_tag","embeddable":true,"href":"http:\/\/gradadigital.com\/home\/wp-json\/wp\/v2\/tags?post=20764"}],"curies":[{"name":"wp","href":"https:\/\/api.w.org\/{rel}","templated":true}]}}