{"id":20715,"date":"2015-06-14T18:49:35","date_gmt":"2015-06-14T23:19:35","guid":{"rendered":"http:\/\/gradadigital.com\/home\/?p=20715"},"modified":"2015-06-15T23:28:25","modified_gmt":"2015-06-16T03:58:25","slug":"fotos-mira-los-mejores-momentos-del-triunfo-vinotinto-ante-colombia","status":"publish","type":"post","link":"http:\/\/gradadigital.com\/home\/fotos-mira-los-mejores-momentos-del-triunfo-vinotinto-ante-colombia\/","title":{"rendered":"FOTOS | Mira los mejores momentos del triunfo Vinotinto ante Colombia"},"content":{"rendered":"<p style=\"text-align: center;\"><img loading=\"lazy\" decoding=\"async\" class=\"alignnone size-full wp-image-20735\" src=\"http:\/\/gradadigital.com\/home\/wp-content\/uploads\/2015\/06\/salomon_rondon_colombia_venezuela_14062015_4.jpg\" alt=\"salomon_rondon_colombia_venezuela_14062015_4\" width=\"682\" height=\"455\" srcset=\"http:\/\/gradadigital.com\/home\/wp-content\/uploads\/2015\/06\/salomon_rondon_colombia_venezuela_14062015_4.jpg 682w, http:\/\/gradadigital.com\/home\/wp-content\/uploads\/2015\/06\/salomon_rondon_colombia_venezuela_14062015_4-300x200.jpg 300w\" sizes=\"auto, (max-width: 682px) 100vw, 682px\" \/><\/p>\n<p style=\"text-align: center;\"><img loading=\"lazy\" decoding=\"async\" class=\"alignnone size-full wp-image-16349\" src=\"http:\/\/gradadigital.com\/home\/wp-content\/uploads\/2014\/12\/banner_opcion_comentarios_gd.jpg\" alt=\"banner_opcion_comentarios_gd\" width=\"621\" height=\"41\" srcset=\"http:\/\/gradadigital.com\/home\/wp-content\/uploads\/2014\/12\/banner_opcion_comentarios_gd.jpg 621w, http:\/\/gradadigital.com\/home\/wp-content\/uploads\/2014\/12\/banner_opcion_comentarios_gd-300x19.jpg 300w, http:\/\/gradadigital.com\/home\/wp-content\/uploads\/2014\/12\/banner_opcion_comentarios_gd-620x41.jpg 620w\" sizes=\"auto, (max-width: 621px) 100vw, 621px\" \/><\/p>\n<p style=\"text-align: justify;\"><strong>GradaDigital.com, Rancagua &#8211;<\/strong> A continuaci\u00f3n te traemos una breve galer\u00eda fotogr\u00e1fica de los mejores momentos del triunfo de La Vinotinto ante el seleccionado de Colombia (0-1) en el debut en la Copa Am\u00e9rica Chile 2015 para ambas selecciones.<\/p>\n<p style=\"text-align: center;\"><img loading=\"lazy\" decoding=\"async\" class=\"alignnone size-full wp-image-20745\" src=\"http:\/\/gradadigital.com\/home\/wp-content\/uploads\/2015\/06\/aficion_venezuela_colombia_venezuela_14062015.jpg\" alt=\"aficion_venezuela_colombia_venezuela_14062015\" width=\"682\" height=\"455\" srcset=\"http:\/\/gradadigital.com\/home\/wp-content\/uploads\/2015\/06\/aficion_venezuela_colombia_venezuela_14062015.jpg 682w, http:\/\/gradadigital.com\/home\/wp-content\/uploads\/2015\/06\/aficion_venezuela_colombia_venezuela_14062015-300x200.jpg 300w\" sizes=\"auto, (max-width: 682px) 100vw, 682px\" \/><\/p>\n<p style=\"text-align: center;\"><img loading=\"lazy\" decoding=\"async\" class=\"alignnone size-full wp-image-20744\" src=\"http:\/\/gradadigital.com\/home\/wp-content\/uploads\/2015\/06\/aficion_venezuela_colombia_venezuela_14062015_2.jpg\" alt=\"aficion_venezuela_colombia_venezuela_14062015_2\" width=\"682\" height=\"455\" srcset=\"http:\/\/gradadigital.com\/home\/wp-content\/uploads\/2015\/06\/aficion_venezuela_colombia_venezuela_14062015_2.jpg 682w, http:\/\/gradadigital.com\/home\/wp-content\/uploads\/2015\/06\/aficion_venezuela_colombia_venezuela_14062015_2-300x200.jpg 300w\" sizes=\"auto, (max-width: 682px) 100vw, 682px\" \/><\/p>\n<p style=\"text-align: center;\"><img loading=\"lazy\" decoding=\"async\" class=\"alignnone size-full wp-image-20743\" src=\"http:\/\/gradadigital.com\/home\/wp-content\/uploads\/2015\/06\/aficion_colombia_colombia_venezuela_14062015.jpg\" alt=\"aficion_colombia_colombia_venezuela_14062015\" width=\"682\" height=\"455\" srcset=\"http:\/\/gradadigital.com\/home\/wp-content\/uploads\/2015\/06\/aficion_colombia_colombia_venezuela_14062015.jpg 682w, http:\/\/gradadigital.com\/home\/wp-content\/uploads\/2015\/06\/aficion_colombia_colombia_venezuela_14062015-300x200.jpg 300w\" sizes=\"auto, (max-width: 682px) 100vw, 682px\" \/><\/p>\n<p style=\"text-align: center;\"><img loading=\"lazy\" decoding=\"async\" class=\"alignnone size-full wp-image-20742\" src=\"http:\/\/gradadigital.com\/home\/wp-content\/uploads\/2015\/06\/aficionados_venezuela_colombia_venezuela_14062015.jpg\" alt=\"aficionados_venezuela_colombia_venezuela_14062015\" width=\"682\" height=\"455\" srcset=\"http:\/\/gradadigital.com\/home\/wp-content\/uploads\/2015\/06\/aficionados_venezuela_colombia_venezuela_14062015.jpg 682w, http:\/\/gradadigital.com\/home\/wp-content\/uploads\/2015\/06\/aficionados_venezuela_colombia_venezuela_14062015-300x200.jpg 300w\" sizes=\"auto, (max-width: 682px) 100vw, 682px\" \/><\/p>\n<p style=\"text-align: center;\"><img loading=\"lazy\" decoding=\"async\" class=\"alignnone size-full wp-image-20741\" src=\"http:\/\/gradadigital.com\/home\/wp-content\/uploads\/2015\/06\/aficionados_venezuela_colombia_venezuela_14062015_2.jpg\" alt=\"aficionados_venezuela_colombia_venezuela_14062015_2\" width=\"682\" height=\"455\" srcset=\"http:\/\/gradadigital.com\/home\/wp-content\/uploads\/2015\/06\/aficionados_venezuela_colombia_venezuela_14062015_2.jpg 682w, http:\/\/gradadigital.com\/home\/wp-content\/uploads\/2015\/06\/aficionados_venezuela_colombia_venezuela_14062015_2-300x200.jpg 300w\" sizes=\"auto, (max-width: 682px) 100vw, 682px\" \/><\/p>\n<p style=\"text-align: center;\"><img loading=\"lazy\" decoding=\"async\" class=\"alignnone size-full wp-image-20726\" src=\"http:\/\/gradadigital.com\/home\/wp-content\/uploads\/2015\/06\/noel_sanvicente_colombia_venezuela_14062015_3.jpg\" alt=\"noel_sanvicente_colombia_venezuela_14062015_3\" width=\"682\" height=\"455\" srcset=\"http:\/\/gradadigital.com\/home\/wp-content\/uploads\/2015\/06\/noel_sanvicente_colombia_venezuela_14062015_3.jpg 682w, http:\/\/gradadigital.com\/home\/wp-content\/uploads\/2015\/06\/noel_sanvicente_colombia_venezuela_14062015_3-300x200.jpg 300w\" sizes=\"auto, (max-width: 682px) 100vw, 682px\" \/><\/p>\n<p style=\"text-align: center;\"><img loading=\"lazy\" decoding=\"async\" class=\"alignnone size-full wp-image-20725\" src=\"http:\/\/gradadigital.com\/home\/wp-content\/uploads\/2015\/06\/noel_sanvicente_colombia_venezuela_14062015_4.jpg\" alt=\"noel_sanvicente_colombia_venezuela_14062015_4\" width=\"682\" height=\"455\" srcset=\"http:\/\/gradadigital.com\/home\/wp-content\/uploads\/2015\/06\/noel_sanvicente_colombia_venezuela_14062015_4.jpg 682w, http:\/\/gradadigital.com\/home\/wp-content\/uploads\/2015\/06\/noel_sanvicente_colombia_venezuela_14062015_4-300x200.jpg 300w\" sizes=\"auto, (max-width: 682px) 100vw, 682px\" \/><\/p>\n<p style=\"text-align: center;\"><img loading=\"lazy\" decoding=\"async\" class=\"alignnone size-full wp-image-20727\" src=\"http:\/\/gradadigital.com\/home\/wp-content\/uploads\/2015\/06\/once_venezuela_colombia_venezuela_14062015.jpg\" alt=\"once_venezuela_colombia_venezuela_14062015\" width=\"682\" height=\"455\" srcset=\"http:\/\/gradadigital.com\/home\/wp-content\/uploads\/2015\/06\/once_venezuela_colombia_venezuela_14062015.jpg 682w, http:\/\/gradadigital.com\/home\/wp-content\/uploads\/2015\/06\/once_venezuela_colombia_venezuela_14062015-300x200.jpg 300w\" sizes=\"auto, (max-width: 682px) 100vw, 682px\" \/><\/p>\n<p style=\"text-align: center;\"><img loading=\"lazy\" decoding=\"async\" class=\"alignnone size-full wp-image-20733\" src=\"http:\/\/gradadigital.com\/home\/wp-content\/uploads\/2015\/06\/noel_sanvicente_colombia_venezuela_14062015.jpg\" alt=\"noel_sanvicente_colombia_venezuela_14062015\" width=\"682\" height=\"455\" srcset=\"http:\/\/gradadigital.com\/home\/wp-content\/uploads\/2015\/06\/noel_sanvicente_colombia_venezuela_14062015.jpg 682w, http:\/\/gradadigital.com\/home\/wp-content\/uploads\/2015\/06\/noel_sanvicente_colombia_venezuela_14062015-300x200.jpg 300w\" sizes=\"auto, (max-width: 682px) 100vw, 682px\" \/><\/p>\n<p style=\"text-align: center;\"><img loading=\"lazy\" decoding=\"async\" class=\"alignnone size-full wp-image-20722\" src=\"http:\/\/gradadigital.com\/home\/wp-content\/uploads\/2015\/06\/juan_arango_colombia_venezuela_14062015.jpg\" alt=\"juan_arango_colombia_venezuela_14062015\" width=\"682\" height=\"455\" srcset=\"http:\/\/gradadigital.com\/home\/wp-content\/uploads\/2015\/06\/juan_arango_colombia_venezuela_14062015.jpg 682w, http:\/\/gradadigital.com\/home\/wp-content\/uploads\/2015\/06\/juan_arango_colombia_venezuela_14062015-300x200.jpg 300w\" sizes=\"auto, (max-width: 682px) 100vw, 682px\" \/><\/p>\n<p style=\"text-align: center;\"><img loading=\"lazy\" decoding=\"async\" class=\"alignnone size-full wp-image-20721\" src=\"http:\/\/gradadigital.com\/home\/wp-content\/uploads\/2015\/06\/luis_manuel_seijas_radamel_falcao_colombia_venezuela_14062015.jpg\" alt=\"luis_manuel_seijas_radamel_falcao_colombia_venezuela_14062015\" width=\"682\" height=\"455\" srcset=\"http:\/\/gradadigital.com\/home\/wp-content\/uploads\/2015\/06\/luis_manuel_seijas_radamel_falcao_colombia_venezuela_14062015.jpg 682w, http:\/\/gradadigital.com\/home\/wp-content\/uploads\/2015\/06\/luis_manuel_seijas_radamel_falcao_colombia_venezuela_14062015-300x200.jpg 300w\" sizes=\"auto, (max-width: 682px) 100vw, 682px\" \/><\/p>\n<p style=\"text-align: center;\"><img loading=\"lazy\" decoding=\"async\" class=\"alignnone size-full wp-image-20720\" src=\"http:\/\/gradadigital.com\/home\/wp-content\/uploads\/2015\/06\/alejandro_guerra_colombia_venezuela_14062015.jpg\" alt=\"alejandro_guerra_colombia_venezuela_14062015\" width=\"682\" height=\"455\" srcset=\"http:\/\/gradadigital.com\/home\/wp-content\/uploads\/2015\/06\/alejandro_guerra_colombia_venezuela_14062015.jpg 682w, http:\/\/gradadigital.com\/home\/wp-content\/uploads\/2015\/06\/alejandro_guerra_colombia_venezuela_14062015-300x200.jpg 300w\" sizes=\"auto, (max-width: 682px) 100vw, 682px\" \/><\/p>\n<p style=\"text-align: center;\"><img loading=\"lazy\" decoding=\"async\" class=\"alignnone size-full wp-image-20723\" src=\"http:\/\/gradadigital.com\/home\/wp-content\/uploads\/2015\/06\/tomas_rincon_colombia_venezuela_14062015.jpg\" alt=\"tomas_rincon_colombia_venezuela_14062015\" width=\"682\" height=\"455\" srcset=\"http:\/\/gradadigital.com\/home\/wp-content\/uploads\/2015\/06\/tomas_rincon_colombia_venezuela_14062015.jpg 682w, http:\/\/gradadigital.com\/home\/wp-content\/uploads\/2015\/06\/tomas_rincon_colombia_venezuela_14062015-300x200.jpg 300w\" sizes=\"auto, (max-width: 682px) 100vw, 682px\" \/><\/p>\n<p style=\"text-align: center;\"><img loading=\"lazy\" decoding=\"async\" class=\"alignnone size-full wp-image-20718\" src=\"http:\/\/gradadigital.com\/home\/wp-content\/uploads\/2015\/06\/salomon_rondon_colombia_venezuela_14062015_6.jpg\" alt=\"salomon_rondon_colombia_venezuela_14062015_6\" width=\"682\" height=\"455\" srcset=\"http:\/\/gradadigital.com\/home\/wp-content\/uploads\/2015\/06\/salomon_rondon_colombia_venezuela_14062015_6.jpg 682w, http:\/\/gradadigital.com\/home\/wp-content\/uploads\/2015\/06\/salomon_rondon_colombia_venezuela_14062015_6-300x200.jpg 300w\" sizes=\"auto, (max-width: 682px) 100vw, 682px\" \/><\/p>\n<p style=\"text-align: center;\"><img loading=\"lazy\" decoding=\"async\" class=\"alignnone size-full wp-image-20719\" src=\"http:\/\/gradadigital.com\/home\/wp-content\/uploads\/2015\/06\/luis_manuel_seijas_colombia_venezuela_14062015.jpg\" alt=\"luis_manuel_seijas_colombia_venezuela_14062015\" width=\"682\" height=\"455\" srcset=\"http:\/\/gradadigital.com\/home\/wp-content\/uploads\/2015\/06\/luis_manuel_seijas_colombia_venezuela_14062015.jpg 682w, http:\/\/gradadigital.com\/home\/wp-content\/uploads\/2015\/06\/luis_manuel_seijas_colombia_venezuela_14062015-300x200.jpg 300w\" sizes=\"auto, (max-width: 682px) 100vw, 682px\" \/><\/p>\n<p style=\"text-align: center;\"><img loading=\"lazy\" decoding=\"async\" class=\"alignnone size-full wp-image-20724\" src=\"http:\/\/gradadigital.com\/home\/wp-content\/uploads\/2015\/06\/ronald_vargas_colombia_venezuela_14062015.jpg\" alt=\"ronald_vargas_colombia_venezuela_14062015\" width=\"682\" height=\"455\" srcset=\"http:\/\/gradadigital.com\/home\/wp-content\/uploads\/2015\/06\/ronald_vargas_colombia_venezuela_14062015.jpg 682w, http:\/\/gradadigital.com\/home\/wp-content\/uploads\/2015\/06\/ronald_vargas_colombia_venezuela_14062015-300x200.jpg 300w\" sizes=\"auto, (max-width: 682px) 100vw, 682px\" \/><\/p>\n<p style=\"text-align: center;\"><img loading=\"lazy\" decoding=\"async\" class=\"alignnone size-full wp-image-20717\" src=\"http:\/\/gradadigital.com\/home\/wp-content\/uploads\/2015\/06\/cesar_gonzalez_colombia_venezuela_14062015.jpg\" alt=\"cesar_gonzalez_colombia_venezuela_14062015\" width=\"682\" height=\"455\" srcset=\"http:\/\/gradadigital.com\/home\/wp-content\/uploads\/2015\/06\/cesar_gonzalez_colombia_venezuela_14062015.jpg 682w, http:\/\/gradadigital.com\/home\/wp-content\/uploads\/2015\/06\/cesar_gonzalez_colombia_venezuela_14062015-300x200.jpg 300w\" sizes=\"auto, (max-width: 682px) 100vw, 682px\" \/><\/p>\n<p style=\"text-align: center;\"><img loading=\"lazy\" decoding=\"async\" class=\"alignnone size-full wp-image-20738\" src=\"http:\/\/gradadigital.com\/home\/wp-content\/uploads\/2015\/06\/salomon_rondon_colombia_venezuela_14062015.jpg\" alt=\"salomon_rondon_colombia_venezuela_14062015\" width=\"682\" height=\"455\" srcset=\"http:\/\/gradadigital.com\/home\/wp-content\/uploads\/2015\/06\/salomon_rondon_colombia_venezuela_14062015.jpg 682w, http:\/\/gradadigital.com\/home\/wp-content\/uploads\/2015\/06\/salomon_rondon_colombia_venezuela_14062015-300x200.jpg 300w\" sizes=\"auto, (max-width: 682px) 100vw, 682px\" \/><\/p>\n<p style=\"text-align: center;\"><img loading=\"lazy\" decoding=\"async\" class=\"alignnone size-full wp-image-20737\" src=\"http:\/\/gradadigital.com\/home\/wp-content\/uploads\/2015\/06\/salomon_rondon_colombia_venezuela_14062015_2.jpg\" alt=\"salomon_rondon_colombia_venezuela_14062015_2\" width=\"682\" height=\"455\" srcset=\"http:\/\/gradadigital.com\/home\/wp-content\/uploads\/2015\/06\/salomon_rondon_colombia_venezuela_14062015_2.jpg 682w, http:\/\/gradadigital.com\/home\/wp-content\/uploads\/2015\/06\/salomon_rondon_colombia_venezuela_14062015_2-300x200.jpg 300w\" sizes=\"auto, (max-width: 682px) 100vw, 682px\" \/><\/p>\n<p style=\"text-align: center;\"><img loading=\"lazy\" decoding=\"async\" class=\"alignnone size-full wp-image-20736\" src=\"http:\/\/gradadigital.com\/home\/wp-content\/uploads\/2015\/06\/salomon_rondon_colombia_venezuela_14062015_3.jpg\" alt=\"salomon_rondon_colombia_venezuela_14062015_3\" width=\"682\" height=\"455\" srcset=\"http:\/\/gradadigital.com\/home\/wp-content\/uploads\/2015\/06\/salomon_rondon_colombia_venezuela_14062015_3.jpg 682w, http:\/\/gradadigital.com\/home\/wp-content\/uploads\/2015\/06\/salomon_rondon_colombia_venezuela_14062015_3-300x200.jpg 300w\" sizes=\"auto, (max-width: 682px) 100vw, 682px\" \/><\/p>\n<p style=\"text-align: center;\"><img loading=\"lazy\" decoding=\"async\" class=\"alignnone size-full wp-image-20735\" src=\"http:\/\/gradadigital.com\/home\/wp-content\/uploads\/2015\/06\/salomon_rondon_colombia_venezuela_14062015_4.jpg\" alt=\"salomon_rondon_colombia_venezuela_14062015_4\" width=\"682\" height=\"455\" srcset=\"http:\/\/gradadigital.com\/home\/wp-content\/uploads\/2015\/06\/salomon_rondon_colombia_venezuela_14062015_4.jpg 682w, http:\/\/gradadigital.com\/home\/wp-content\/uploads\/2015\/06\/salomon_rondon_colombia_venezuela_14062015_4-300x200.jpg 300w\" sizes=\"auto, (max-width: 682px) 100vw, 682px\" \/><\/p>\n<p style=\"text-align: center;\"><img loading=\"lazy\" decoding=\"async\" class=\"alignnone size-full wp-image-20734\" src=\"http:\/\/gradadigital.com\/home\/wp-content\/uploads\/2015\/06\/salomon_rondon_colombia_venezuela_14062015_5.jpg\" alt=\"salomon_rondon_colombia_venezuela_14062015_5\" width=\"682\" height=\"455\" srcset=\"http:\/\/gradadigital.com\/home\/wp-content\/uploads\/2015\/06\/salomon_rondon_colombia_venezuela_14062015_5.jpg 682w, http:\/\/gradadigital.com\/home\/wp-content\/uploads\/2015\/06\/salomon_rondon_colombia_venezuela_14062015_5-300x200.jpg 300w\" sizes=\"auto, (max-width: 682px) 100vw, 682px\" \/><\/p>\n<p style=\"text-align: center;\"><img loading=\"lazy\" decoding=\"async\" class=\"alignnone size-full wp-image-20732\" src=\"http:\/\/gradadigital.com\/home\/wp-content\/uploads\/2015\/06\/salomon_rondon_andres_tunez_colombia_venezuela_14062015.jpg\" alt=\"salomon_rondon_andres_tunez_colombia_venezuela_14062015\" width=\"682\" height=\"455\" srcset=\"http:\/\/gradadigital.com\/home\/wp-content\/uploads\/2015\/06\/salomon_rondon_andres_tunez_colombia_venezuela_14062015.jpg 682w, http:\/\/gradadigital.com\/home\/wp-content\/uploads\/2015\/06\/salomon_rondon_andres_tunez_colombia_venezuela_14062015-300x200.jpg 300w\" sizes=\"auto, (max-width: 682px) 100vw, 682px\" \/><\/p>\n<p style=\"text-align: center;\"><img loading=\"lazy\" decoding=\"async\" class=\"alignnone size-full wp-image-20731\" src=\"http:\/\/gradadigital.com\/home\/wp-content\/uploads\/2015\/06\/noel_sanvicente_colombia_venezuela_14062015_2.jpg\" alt=\"noel_sanvicente_colombia_venezuela_14062015_2\" width=\"682\" height=\"455\" srcset=\"http:\/\/gradadigital.com\/home\/wp-content\/uploads\/2015\/06\/noel_sanvicente_colombia_venezuela_14062015_2.jpg 682w, http:\/\/gradadigital.com\/home\/wp-content\/uploads\/2015\/06\/noel_sanvicente_colombia_venezuela_14062015_2-300x200.jpg 300w\" sizes=\"auto, (max-width: 682px) 100vw, 682px\" \/><\/p>\n<p style=\"text-align: center;\"><img loading=\"lazy\" decoding=\"async\" class=\"alignnone size-full wp-image-20730\" src=\"http:\/\/gradadigital.com\/home\/wp-content\/uploads\/2015\/06\/juan_arango_salomon_rondon_colombia_venezuela_14062015.jpg\" alt=\"juan_arango_salomon_rondon_colombia_venezuela_14062015\" width=\"682\" height=\"455\" srcset=\"http:\/\/gradadigital.com\/home\/wp-content\/uploads\/2015\/06\/juan_arango_salomon_rondon_colombia_venezuela_14062015.jpg 682w, http:\/\/gradadigital.com\/home\/wp-content\/uploads\/2015\/06\/juan_arango_salomon_rondon_colombia_venezuela_14062015-300x200.jpg 300w\" sizes=\"auto, (max-width: 682px) 100vw, 682px\" \/><\/p>\n<p style=\"text-align: center;\"><img loading=\"lazy\" decoding=\"async\" class=\"alignnone size-full wp-image-20729\" src=\"http:\/\/gradadigital.com\/home\/wp-content\/uploads\/2015\/06\/gabriel_cichero_colombia_venezuela_14062015.jpg\" alt=\"gabriel_cichero_colombia_venezuela_14062015\" width=\"682\" height=\"455\" srcset=\"http:\/\/gradadigital.com\/home\/wp-content\/uploads\/2015\/06\/gabriel_cichero_colombia_venezuela_14062015.jpg 682w, http:\/\/gradadigital.com\/home\/wp-content\/uploads\/2015\/06\/gabriel_cichero_colombia_venezuela_14062015-300x200.jpg 300w\" sizes=\"auto, (max-width: 682px) 100vw, 682px\" \/><\/p>\n<p style=\"text-align: center;\"><img loading=\"lazy\" decoding=\"async\" class=\"alignnone size-full wp-image-20728\" src=\"http:\/\/gradadigital.com\/home\/wp-content\/uploads\/2015\/06\/aficion_venezuela_colombia_venezuela_14062015_3.jpg\" alt=\"aficion_venezuela_colombia_venezuela_14062015_3\" width=\"682\" height=\"455\" srcset=\"http:\/\/gradadigital.com\/home\/wp-content\/uploads\/2015\/06\/aficion_venezuela_colombia_venezuela_14062015_3.jpg 682w, http:\/\/gradadigital.com\/home\/wp-content\/uploads\/2015\/06\/aficion_venezuela_colombia_venezuela_14062015_3-300x200.jpg 300w\" sizes=\"auto, (max-width: 682px) 100vw, 682px\" \/><\/p>\n<p style=\"text-align: center;\"><a href=\"https:\/\/play.google.com\/store\/apps\/details?id=com.app.gradadigital\" target=\"_blank\"><img loading=\"lazy\" decoding=\"async\" class=\"alignnone size-full wp-image-15415\" src=\"http:\/\/gradadigital.com\/home\/wp-content\/uploads\/2014\/10\/banner_aplicacion_V2_GRADADIGITAL_17102014.jpg\" alt=\"banner_aplicacion_V2_GRADADIGITAL_17102014\" width=\"620\" height=\"100\" srcset=\"http:\/\/gradadigital.com\/home\/wp-content\/uploads\/2014\/10\/banner_aplicacion_V2_GRADADIGITAL_17102014.jpg 620w, http:\/\/gradadigital.com\/home\/wp-content\/uploads\/2014\/10\/banner_aplicacion_V2_GRADADIGITAL_17102014-300x48.jpg 300w\" sizes=\"auto, (max-width: 620px) 100vw, 620px\" \/><\/a><\/p>\n","protected":false},"excerpt":{"rendered":"<p>GradaDigital.com, Rancagua &#8211; A continuaci\u00f3n te traemos una breve galer\u00eda fotogr\u00e1fica de los mejores momentos del triunfo de La Vinotinto ante el seleccionado de Colombia (0-1) en el debut en la Copa Am\u00e9rica Chile 2015 para ambas selecciones.<\/p>\n","protected":false},"author":4,"featured_media":20735,"comment_status":"closed","ping_status":"closed","sticky":false,"template":"","format":"standard","meta":{"footnotes":""},"categories":[43,752,42,36,40,3],"tags":[79,1206,95,932,1337,157,1279,121,51,71],"class_list":["post-20715","post","type-post","status-publish","format-standard","has-post-thumbnail","hentry","category-fotos","category-appgd","category-copa-america","category-internacional","category-seleccion-nacional-mayores","category-seleccion-nacional","tag-chile","tag-chile-2015","tag-colombia","tag-copa-america","tag-el-teniente","tag-estadio","tag-rancagua","tag-salomon-rondon","tag-venezuela","tag-vinotinto"],"_links":{"self":[{"href":"http:\/\/gradadigital.com\/home\/wp-json\/wp\/v2\/posts\/20715","targetHints":{"allow":["GET"]}}],"collection":[{"href":"http:\/\/gradadigital.com\/home\/wp-json\/wp\/v2\/posts"}],"about":[{"href":"http:\/\/gradadigital.com\/home\/wp-json\/wp\/v2\/types\/post"}],"author":[{"embeddable":true,"href":"http:\/\/gradadigital.com\/home\/wp-json\/wp\/v2\/users\/4"}],"replies":[{"embeddable":true,"href":"http:\/\/gradadigital.com\/home\/wp-json\/wp\/v2\/comments?post=20715"}],"version-history":[{"count":3,"href":"http:\/\/gradadigital.com\/home\/wp-json\/wp\/v2\/posts\/20715\/revisions"}],"predecessor-version":[{"id":20803,"href":"http:\/\/gradadigital.com\/home\/wp-json\/wp\/v2\/posts\/20715\/revisions\/20803"}],"wp:featuredmedia":[{"embeddable":true,"href":"http:\/\/gradadigital.com\/home\/wp-json\/wp\/v2\/media\/20735"}],"wp:attachment":[{"href":"http:\/\/gradadigital.com\/home\/wp-json\/wp\/v2\/media?parent=20715"}],"wp:term":[{"taxonomy":"category","embeddable":true,"href":"http:\/\/gradadigital.com\/home\/wp-json\/wp\/v2\/categories?post=20715"},{"taxonomy":"post_tag","embeddable":true,"href":"http:\/\/gradadigital.com\/home\/wp-json\/wp\/v2\/tags?post=20715"}],"curies":[{"name":"wp","href":"https:\/\/api.w.org\/{rel}","templated":true}]}}