{"id":2067,"date":"2013-07-03T20:20:41","date_gmt":"2013-07-04T00:50:41","guid":{"rendered":"http:\/\/gradadigital.com\/home\/?p=2067"},"modified":"2013-07-03T20:20:41","modified_gmt":"2013-07-04T00:50:41","slug":"jaime-bustamante-la-intencion-es-ser-campeones-o-estar-en-una-copa-internacional","status":"publish","type":"post","link":"http:\/\/gradadigital.com\/home\/jaime-bustamante-la-intencion-es-ser-campeones-o-estar-en-una-copa-internacional\/","title":{"rendered":"Jaime Bustamante: \u00abLa intenci\u00f3n es ser campeones o estar en una Copa Internacional\u00bb"},"content":{"rendered":"<p style=\"text-align: center;\"><a href=\"http:\/\/gradadigital.com\/home\/wp-content\/uploads\/2013\/07\/jaime_bustamante_aragua_entrenamiento_03072013.jpg\"><img loading=\"lazy\" decoding=\"async\" class=\"alignnone size-full wp-image-2068\" alt=\"jaime_bustamante_aragua_entrenamiento_03072013\" src=\"http:\/\/gradadigital.com\/home\/wp-content\/uploads\/2013\/07\/jaime_bustamante_aragua_entrenamiento_03072013.jpg\" width=\"596\" height=\"346\" srcset=\"http:\/\/gradadigital.com\/home\/wp-content\/uploads\/2013\/07\/jaime_bustamante_aragua_entrenamiento_03072013.jpg 596w, http:\/\/gradadigital.com\/home\/wp-content\/uploads\/2013\/07\/jaime_bustamante_aragua_entrenamiento_03072013-300x174.jpg 300w\" sizes=\"auto, (max-width: 596px) 100vw, 596px\" \/><\/a><\/p>\n<p style=\"text-align: justify;\"><strong>Miguel Andr\u00e9s Santana \u2013\u00a0 Prensa Aragua F\u00fatbol Club &#8211;<\/strong> La directiva del Aragua F\u00fatbol Club, presidida por el general Douglas Ballesteros, contin\u00faa trabajando arduamente con la intenci\u00f3n de reforzar hasta los dientes al cuadro dirigido por Carlos Fabi\u00e1n Maldonado y en esta oportunidad fue el experimentado defensor central Jaime Andr\u00e9s Bustamante quien se uni\u00f3 al combinado arag\u00fce\u00f1o, que actualmente realiza la segunda fase de su pretemporada en la ciudad de Puerto Cabello, donde el zaguero practic\u00f3 por primera vez bajo la atenta mirada del cuerpo t\u00e9cnico amarillo y rojo.<\/p>\n<p style=\"text-align: justify;\">Nacido en la ciudad colombiana de C\u00facuta, pero nacionalizado venezolano, el defensa vinotinto regresa al pa\u00eds despu\u00e9s de haberse marchado hace un a\u00f1o a Brasil para colocarse la franela del S\u00e3o Caetano. Anteriormente hab\u00eda formado parte de los combinados Zamora y Caracas F\u00fatbol Club, con los que se hizo sentir en Venezuela despu\u00e9s de darse a conocer en los inicios de su carrera futbol\u00edstica con el reconocido conjunto colombiano Millonarios de Bogot\u00e1.<\/p>\n<p style=\"text-align: justify;\">\u201cEstoy muy agradecido por la bienvenida que me han dado todos los integrantes de esta instituci\u00f3n, a la cual me un\u00ed por las expectativas que tenemos todos. Sabemos que este equipo est\u00e1 para grandes cosas y la intenci\u00f3n que tenemos es ser campeones o estar pr\u00f3ximamente compitiendo en una Copa Internacional\u201d, manifest\u00f3 la nueva adquisici\u00f3n.<\/p>\n<p style=\"text-align: justify;\">A sus 33 calendarios, Bustamante ha sido campe\u00f3n nacional en los a\u00f1os 2006, 2007 y 2009, ganando tambi\u00e9n la Copa Venezuela en este \u00faltimo a\u00f1o. Con la Selecci\u00f3n Nacional debut\u00f3 el 31 de marzo de 2010 en la ciudad chilena de Temuco, donde la Vinotinto se midi\u00f3 a su similar de Chile en duelo amistoso.<\/p>\n<p style=\"text-align: justify;\">\u201cTener a Carlos Maldonado como entrenador es un aliciente que motiva a cualquier jugador. \u00c9l es un tipo experimentado, que siempre ha estado peleando en los primeros puestos con sus equipos\u201d, confes\u00f3 el defensor.<\/p>\n<p style=\"text-align: justify;\">Agreg\u00f3\u00a0que combinar experiencia con juventud es algo positivo con la mira puesta en obtener \u00e9xito a futuro, raz\u00f3n por la que cual cree que los \u201caurirrojos\u201d se convertir\u00e1n en un equipo competitivo en la categor\u00eda de oro de Venezuela.<\/p>\n<p style=\"text-align: justify;\">\u201cConozco a muchos de los jugadores que est\u00e1n aqu\u00ed y a otros los he enfrentado en varias ocasiones. Todos estamos entusiasmados y en lo personal, espero retribuir toda la confianza que me han dado\u201d, asever\u00f3.<\/p>\n<p style=\"text-align: justify;\">De esta manera, Aragua se garantiza la presencia de un zaguero con trayectoria internacional y reconocido en el balompi\u00e9\u00a0criollo, para as\u00ed dar otro paso importante en direcci\u00f3n a consolidar un estado potencia en lo deportivo.<\/p>\n","protected":false},"excerpt":{"rendered":"<p>Miguel Andr\u00e9s Santana \u2013\u00a0 Prensa Aragua F\u00fatbol Club &#8211; La directiva del Aragua F\u00fatbol Club, presidida por el general Douglas Ballesteros, contin\u00faa trabajando arduamente con la intenci\u00f3n de reforzar hasta los dientes al cuadro dirigido por Carlos Fabi\u00e1n Maldonado y en esta oportunidad fue el experimentado defensor central Jaime Andr\u00e9s Bustamante quien se uni\u00f3 al &#8230;<\/p>\n","protected":false},"author":4,"featured_media":2068,"comment_status":"closed","ping_status":"closed","sticky":false,"template":"","format":"standard","meta":{"footnotes":""},"categories":[6,5,31],"tags":[],"class_list":["post-2067","post","type-post","status-publish","format-standard","has-post-thumbnail","hentry","category-aragua-fc","category-futbol-nacional","category-primera-division"],"_links":{"self":[{"href":"http:\/\/gradadigital.com\/home\/wp-json\/wp\/v2\/posts\/2067","targetHints":{"allow":["GET"]}}],"collection":[{"href":"http:\/\/gradadigital.com\/home\/wp-json\/wp\/v2\/posts"}],"about":[{"href":"http:\/\/gradadigital.com\/home\/wp-json\/wp\/v2\/types\/post"}],"author":[{"embeddable":true,"href":"http:\/\/gradadigital.com\/home\/wp-json\/wp\/v2\/users\/4"}],"replies":[{"embeddable":true,"href":"http:\/\/gradadigital.com\/home\/wp-json\/wp\/v2\/comments?post=2067"}],"version-history":[{"count":2,"href":"http:\/\/gradadigital.com\/home\/wp-json\/wp\/v2\/posts\/2067\/revisions"}],"predecessor-version":[{"id":2070,"href":"http:\/\/gradadigital.com\/home\/wp-json\/wp\/v2\/posts\/2067\/revisions\/2070"}],"wp:featuredmedia":[{"embeddable":true,"href":"http:\/\/gradadigital.com\/home\/wp-json\/wp\/v2\/media\/2068"}],"wp:attachment":[{"href":"http:\/\/gradadigital.com\/home\/wp-json\/wp\/v2\/media?parent=2067"}],"wp:term":[{"taxonomy":"category","embeddable":true,"href":"http:\/\/gradadigital.com\/home\/wp-json\/wp\/v2\/categories?post=2067"},{"taxonomy":"post_tag","embeddable":true,"href":"http:\/\/gradadigital.com\/home\/wp-json\/wp\/v2\/tags?post=2067"}],"curies":[{"name":"wp","href":"https:\/\/api.w.org\/{rel}","templated":true}]}}