{"id":20668,"date":"2015-06-13T11:32:11","date_gmt":"2015-06-13T16:02:11","guid":{"rendered":"http:\/\/gradadigital.com\/home\/?p=20668"},"modified":"2015-06-13T11:59:20","modified_gmt":"2015-06-13T16:29:20","slug":"video-salomon-rondon-no-tememos-a-nada","status":"publish","type":"post","link":"http:\/\/gradadigital.com\/home\/video-salomon-rondon-no-tememos-a-nada\/","title":{"rendered":"+VIDEO | Salom\u00f3n Rond\u00f3n: \u00abNo tememos a nada\u00bb"},"content":{"rendered":"<p><iframe loading=\"lazy\" src=\"https:\/\/www.youtube.com\/embed\/dLGAs9A9ehc\" width=\"682\" height=\"384\" frameborder=\"0\" allowfullscreen=\"allowfullscreen\"><\/iframe><\/p>\n<p style=\"text-align: center;\"><img loading=\"lazy\" decoding=\"async\" class=\"alignnone size-full wp-image-16349\" src=\"http:\/\/gradadigital.com\/home\/wp-content\/uploads\/2014\/12\/banner_opcion_comentarios_gd.jpg\" alt=\"banner_opcion_comentarios_gd\" width=\"621\" height=\"41\" srcset=\"http:\/\/gradadigital.com\/home\/wp-content\/uploads\/2014\/12\/banner_opcion_comentarios_gd.jpg 621w, http:\/\/gradadigital.com\/home\/wp-content\/uploads\/2014\/12\/banner_opcion_comentarios_gd-300x19.jpg 300w, http:\/\/gradadigital.com\/home\/wp-content\/uploads\/2014\/12\/banner_opcion_comentarios_gd-620x41.jpg 620w\" sizes=\"auto, (max-width: 621px) 100vw, 621px\" \/><\/p>\n<p style=\"text-align: justify;\"><strong>GradaDigital.com, Rancagua &#8211;<\/strong> El delantero y campe\u00f3n de la Liga de Rusia con el FC Zenit, Salom\u00f3n Rond\u00f3n, convers\u00f3 previo al encuentro ante Colombia, que significa el debut de la Vinotinto en la Copa Am\u00e9rica Chile 2015. <strong>\u00abNo tememos a nada. Vinimos a lo de nosotros y vinimos a jugar seis partidos\u00bb<\/strong>, expres\u00f3 el criollo.<\/p>\n<p style=\"text-align: justify;\">Para el &#8216;Gladiador&#8217;: <strong>\u00abNo me siento figura. S\u00ed que he mejorado en los \u00faltimos cuatro a\u00f1os\u00bb<\/strong>, adem\u00e1s agreg\u00f3 que pese a llegar de \u00faltimo al grupo, <strong>\u00absiempre he tenido presente las ideas de Noel\u00bb<\/strong>.<\/p>\n<p style=\"text-align: justify;\"><strong>\u00a1Dale play y conoce el resto de la entrevista!<\/strong><\/p>\n<p style=\"text-align: center;\"><a href=\"https:\/\/play.google.com\/store\/apps\/details?id=com.app.gradadigital\" target=\"_blank\"><img loading=\"lazy\" decoding=\"async\" class=\"alignnone size-full wp-image-15415\" src=\"http:\/\/gradadigital.com\/home\/wp-content\/uploads\/2014\/10\/banner_aplicacion_V2_GRADADIGITAL_17102014.jpg\" alt=\"banner_aplicacion_V2_GRADADIGITAL_17102014\" width=\"620\" height=\"100\" srcset=\"http:\/\/gradadigital.com\/home\/wp-content\/uploads\/2014\/10\/banner_aplicacion_V2_GRADADIGITAL_17102014.jpg 620w, http:\/\/gradadigital.com\/home\/wp-content\/uploads\/2014\/10\/banner_aplicacion_V2_GRADADIGITAL_17102014-300x48.jpg 300w\" sizes=\"auto, (max-width: 620px) 100vw, 620px\" \/><\/a><\/p>\n","protected":false},"excerpt":{"rendered":"<p>GradaDigital.com, Rancagua &#8211; El delantero y campe\u00f3n de la Liga de Rusia con el FC Zenit, Salom\u00f3n Rond\u00f3n, convers\u00f3 previo al encuentro ante Colombia, que significa el debut de la Vinotinto en la Copa Am\u00e9rica Chile 2015. \u00abNo tememos a nada. Vinimos a lo de nosotros y vinimos a jugar seis partidos\u00bb, expres\u00f3 el criollo. &#8230;<\/p>\n","protected":false},"author":4,"featured_media":20669,"comment_status":"closed","ping_status":"closed","sticky":false,"template":"","format":"standard","meta":{"footnotes":""},"categories":[27,752,42,36,40,3],"tags":[79,1206,95,932,1279,51,71],"class_list":["post-20668","post","type-post","status-publish","format-standard","has-post-thumbnail","hentry","category-video","category-appgd","category-copa-america","category-internacional","category-seleccion-nacional-mayores","category-seleccion-nacional","tag-chile","tag-chile-2015","tag-colombia","tag-copa-america","tag-rancagua","tag-venezuela","tag-vinotinto"],"_links":{"self":[{"href":"http:\/\/gradadigital.com\/home\/wp-json\/wp\/v2\/posts\/20668","targetHints":{"allow":["GET"]}}],"collection":[{"href":"http:\/\/gradadigital.com\/home\/wp-json\/wp\/v2\/posts"}],"about":[{"href":"http:\/\/gradadigital.com\/home\/wp-json\/wp\/v2\/types\/post"}],"author":[{"embeddable":true,"href":"http:\/\/gradadigital.com\/home\/wp-json\/wp\/v2\/users\/4"}],"replies":[{"embeddable":true,"href":"http:\/\/gradadigital.com\/home\/wp-json\/wp\/v2\/comments?post=20668"}],"version-history":[{"count":3,"href":"http:\/\/gradadigital.com\/home\/wp-json\/wp\/v2\/posts\/20668\/revisions"}],"predecessor-version":[{"id":20677,"href":"http:\/\/gradadigital.com\/home\/wp-json\/wp\/v2\/posts\/20668\/revisions\/20677"}],"wp:featuredmedia":[{"embeddable":true,"href":"http:\/\/gradadigital.com\/home\/wp-json\/wp\/v2\/media\/20669"}],"wp:attachment":[{"href":"http:\/\/gradadigital.com\/home\/wp-json\/wp\/v2\/media?parent=20668"}],"wp:term":[{"taxonomy":"category","embeddable":true,"href":"http:\/\/gradadigital.com\/home\/wp-json\/wp\/v2\/categories?post=20668"},{"taxonomy":"post_tag","embeddable":true,"href":"http:\/\/gradadigital.com\/home\/wp-json\/wp\/v2\/tags?post=20668"}],"curies":[{"name":"wp","href":"https:\/\/api.w.org\/{rel}","templated":true}]}}