{"id":20657,"date":"2015-06-12T23:30:16","date_gmt":"2015-06-13T04:00:16","guid":{"rendered":"http:\/\/gradadigital.com\/home\/?p=20657"},"modified":"2015-06-12T23:30:16","modified_gmt":"2015-06-13T04:00:16","slug":"ospina-falcao-y-james-se-citan-810-dias-despues-con-sus-verdugos-rondon-y-arango","status":"publish","type":"post","link":"http:\/\/gradadigital.com\/home\/ospina-falcao-y-james-se-citan-810-dias-despues-con-sus-verdugos-rondon-y-arango\/","title":{"rendered":"Ospina, Falcao y James se citan 810 d\u00edas despu\u00e9s con sus verdugos Rond\u00f3n y Arango"},"content":{"rendered":"<p style=\"text-align: center;\"><img loading=\"lazy\" decoding=\"async\" src=\"http:\/\/gradadigital.com\/principal\/images\/stories\/salomon_rondon_venezuela_colombia_26032013.jpg\" alt=\"\" width=\"596\" height=\"346\" \/><\/p>\n<p style=\"text-align: center;\"><img decoding=\"async\" class=\"details-image\" draggable=\"false\" src=\"http:\/\/gradadigital.com\/home\/wp-content\/uploads\/2014\/12\/banner_opcion_comentarios_gd.jpg\" alt=\"\" \/><\/p>\n<p style=\"text-align: justify;\"><strong>Hern\u00e1n Bahos Ruiz, EFE &#8211;<\/strong> Puerto Ordaz, Venezuela, 26 de marzo de 2013, estadio CTC Cachamay. Venezolanos y colombianos en el campo.<\/p>\n<p style=\"text-align: justify;\">Juan Arango despacha el bal\u00f3n desde el carril izquierdo hasta la entrada del \u00e1rea, Salom\u00f3n Rond\u00f3n se deshace de su marcador y con un brutal remate a la escuadra m\u00e1s lejana de David Ospina clava el 1-0 a los 13 minutos, suficiente para Venezuela en el partido de la duod\u00e9cima jornada de las eliminatorias del Mundial Brasil 2014.<\/p>\n<p style=\"text-align: justify;\">A\u00fan con las redes balanceando a su espalda, Ospina cay\u00f3 fulminado al c\u00e9sped con las manos en alto, como dejando testimonio de la crueldad de los goleadores.<\/p>\n<p style=\"text-align: center;\"><img decoding=\"async\" src=\"http:\/\/gradadigital.com\/principal\/images\/stories\/salomon_rondon_venezuela_colombia_26032013_8.jpg\" alt=\"\" \/><\/p>\n<p style=\"text-align: justify;\">El portero colombiano ya hab\u00eda negado con un vistoso vuelo a los dos minutos un gol cantado al coloso delantero caraque\u00f1o, y dos minutos antes del gol su cu\u00f1ado, el creativo James Rodr\u00edguez, hab\u00eda filtrado un pase milim\u00e9trico a Rafamel Falcao Garc\u00eda, quien con un toque envenenado sacudi\u00f3 la malla externa del vertical izquierdo de Daniel Hern\u00e1ndez.<\/p>\n<p style=\"text-align: justify;\">Incluso el mismo Falcao tuvo el empate a los 78 minutos pero el vertical le escupi\u00f3 el bal\u00f3n.<\/p>\n<p style=\"text-align: justify;\">Fue la \u00faltima cita en torneos oficiales entre Venezuela y Colombia, una suerte de &#8216;enemigos \u00edntimos&#8217; en la regi\u00f3n.<\/p>\n<p style=\"text-align: justify;\">Y el 14 de junio, cuando estos protagonistas de la noche de Puerto Ordaz en el estadio El Teniente de la ciudad chilena de Rancagua, para dar &#8216;luces, c\u00e1mara y acci\u00f3n&#8217; al Grupo C de la Copa Am\u00e9rica, habr\u00e1n pasado 810 d\u00edas.<\/p>\n<p style=\"text-align: center;\"><img decoding=\"async\" src=\"http:\/\/gradadigital.com\/principal\/images\/stories\/radamel_falcao_venezuela_colombia_26032013.jpg\" alt=\"\" \/><\/p>\n<p style=\"text-align: justify;\">Ospina, Falcao y James no querr\u00e1n volver a ser las v\u00edctimas pero Rond\u00f3n y Arango emprender\u00e1n una traves\u00eda particular con la mira puesta en superar el list\u00f3n el cuarto puesto que la Vinotinto alcanz\u00f3 en la pasada edici\u00f3n de la Copa Am\u00e9rica disputada hace cuatro a\u00f1os en Argentina.<\/p>\n<p style=\"text-align: justify;\"><strong>\u00abSabemos que este partido no ser\u00e1 para nada parecido a lo que ocurri\u00f3 en la eliminatoria pasada, pero trataremos de sumar los tres puntos\u00bb<\/strong>, declar\u00f3 a periodistas Rond\u00f3n, el coloso delantero del Zenit ruso desde el Monasterio Celeste, sede del O&#8217;Higgins, que se ha convertido en cuartel general de la Vinotinto.<\/p>\n<p style=\"text-align: center;\"><img loading=\"lazy\" decoding=\"async\" src=\"http:\/\/gradadigital.com\/principal\/images\/stories\/salomon_rondon_venezuela_colombia_26032013_9.jpg\" alt=\"\" width=\"596\" height=\"346\" \/><\/p>\n<p style=\"text-align: justify;\">Doce jugadores de los veintitr\u00e9s que paralizaron Venezuela en la Copa Am\u00e9rica del 2011 repiten, ahora bajo el mando del t\u00e9cnico Noel Sanvicente.<\/p>\n<p style=\"text-align: justify;\">La mala noticia para Ospina, Falcao y James es que vuelven Rond\u00f3n y Arango, quien jugar\u00e1 su sexta Copa Am\u00e9rica desde su estreno, en Paraguay&#8217;99, pero dice tener la ansiedad del novato que se alista para jugar la primera.<\/p>\n<p style=\"text-align: justify;\"><strong>\u00abSeis Copas Am\u00e9ricas son muchas y estoy contento por poder jugar todos esos torneos. Para esta tengo muchas ansias. Estoy prepar\u00e1ndome de la mejor manera\u00bb<\/strong>, declar\u00f3 el jugador de 35 a\u00f1os.<\/p>\n<p style=\"text-align: center;\"><img loading=\"lazy\" decoding=\"async\" src=\"http:\/\/gradadigital.com\/principal\/images\/stories\/juan_arango_venezuela_colombia_26032013.jpg\" alt=\"\" width=\"596\" height=\"346\" \/><\/p>\n<p style=\"text-align: justify;\">El seleccionador de Colombia, Jos\u00e9 Pekerman, ha tomado nota pero el maracayero prefiere dejar la impresi\u00f3n que su objetivo va m\u00e1s all\u00e1 de ganar a sus vecinos y apunta a escribir con los pies otro cap\u00edtulo de gloria en la historia en el m\u00e1s antiguo torneo de selecciones del mundo.<\/p>\n<p style=\"text-align: justify;\"><strong>\u00abLa hicimos en la Copa Am\u00e9rica pasada, \u00bfpor qu\u00e9 no podemos repetir ahora?\u00bb<\/strong>, expres\u00f3 recientemente el jugador del Tijuana mexicano.<\/p>\n<p style=\"text-align: center;\"><a href=\"https:\/\/play.google.com\/store\/apps\/details?id=com.app.gradadigital\" target=\"_blank\"><img decoding=\"async\" class=\"details-image\" draggable=\"false\" src=\"http:\/\/gradadigital.com\/home\/wp-content\/uploads\/2014\/10\/banner_aplicacion_V2_GRADADIGITAL_17102014.jpg\" alt=\"\" \/><\/a><\/p>\n","protected":false},"excerpt":{"rendered":"<p>Hern\u00e1n Bahos Ruiz, EFE &#8211; Puerto Ordaz, Venezuela, 26 de marzo de 2013, estadio CTC Cachamay. Venezolanos y colombianos en el campo. Juan Arango despacha el bal\u00f3n desde el carril izquierdo hasta la entrada del \u00e1rea, Salom\u00f3n Rond\u00f3n se deshace de su marcador y con un brutal remate a la escuadra m\u00e1s lejana de David &#8230;<\/p>\n","protected":false},"author":3,"featured_media":20659,"comment_status":"closed","ping_status":"closed","sticky":false,"template":"","format":"standard","meta":{"footnotes":""},"categories":[752,42,36,40,3],"tags":[79,1206,95,932,125,1279,121,51,71],"class_list":["post-20657","post","type-post","status-publish","format-standard","has-post-thumbnail","hentry","category-appgd","category-copa-america","category-internacional","category-seleccion-nacional-mayores","category-seleccion-nacional","tag-chile","tag-chile-2015","tag-colombia","tag-copa-america","tag-juan-arango","tag-rancagua","tag-salomon-rondon","tag-venezuela","tag-vinotinto"],"_links":{"self":[{"href":"http:\/\/gradadigital.com\/home\/wp-json\/wp\/v2\/posts\/20657","targetHints":{"allow":["GET"]}}],"collection":[{"href":"http:\/\/gradadigital.com\/home\/wp-json\/wp\/v2\/posts"}],"about":[{"href":"http:\/\/gradadigital.com\/home\/wp-json\/wp\/v2\/types\/post"}],"author":[{"embeddable":true,"href":"http:\/\/gradadigital.com\/home\/wp-json\/wp\/v2\/users\/3"}],"replies":[{"embeddable":true,"href":"http:\/\/gradadigital.com\/home\/wp-json\/wp\/v2\/comments?post=20657"}],"version-history":[{"count":1,"href":"http:\/\/gradadigital.com\/home\/wp-json\/wp\/v2\/posts\/20657\/revisions"}],"predecessor-version":[{"id":20660,"href":"http:\/\/gradadigital.com\/home\/wp-json\/wp\/v2\/posts\/20657\/revisions\/20660"}],"wp:featuredmedia":[{"embeddable":true,"href":"http:\/\/gradadigital.com\/home\/wp-json\/wp\/v2\/media\/20659"}],"wp:attachment":[{"href":"http:\/\/gradadigital.com\/home\/wp-json\/wp\/v2\/media?parent=20657"}],"wp:term":[{"taxonomy":"category","embeddable":true,"href":"http:\/\/gradadigital.com\/home\/wp-json\/wp\/v2\/categories?post=20657"},{"taxonomy":"post_tag","embeddable":true,"href":"http:\/\/gradadigital.com\/home\/wp-json\/wp\/v2\/tags?post=20657"}],"curies":[{"name":"wp","href":"https:\/\/api.w.org\/{rel}","templated":true}]}}